{"id":609109,"date":"2025-12-19T08:12:19","date_gmt":"2025-12-19T08:12:19","guid":{"rendered":"https:\/\/www.europesays.com\/fr\/609109\/"},"modified":"2025-12-19T08:12:19","modified_gmt":"2025-12-19T08:12:19","slug":"des-repas-des-80-centimes-deuros-dans-les-cantines-des-colleges-dille-et-vilaine","status":"publish","type":"post","link":"https:\/\/www.europesays.com\/fr\/609109\/","title":{"rendered":"Des repas d\u00e8s 80 centimes d\u2019euros dans les cantines des coll\u00e8ges d\u2019Ille-et-Vilaine"},"content":{"rendered":"<p><strong>\u00ab\u00a0Cette tarification solidaire pour la restauration des coll\u00e8ges publics en Ille-et-Vilaine sera un marqueur fort du mandat, <\/strong>estime <a href=\"https:\/\/rennes.maville.com\/actu\/actudet_-inquiet-pour-l-ille-et-vilaine-jean-luc-chenut-veut-retrouver-l-autonomie-fiscale-_7-6515902_actu.Htm\" target=\"_blank\" rel=\"nofollow noopener\">Jean-Luc Chenut, le pr\u00e9sident du conseil d\u00e9partemental<\/a>. <strong>95\u00a0% des coll\u00e9giens sont demi-pensionnaires. Et, pour certains, 2, 90\u00a0\u20ac le repas, c\u2019est encore trop cher.\u00a0\u00bb <\/strong>La proposition vot\u00e9e par les \u00e9lus bretilliens, jeudi 18\u00a0d\u00e9cembre 2025, est d\u2019abaisser, \u00e0 la rentr\u00e9e de septembre\u00a02026, le prix minimum \u00e0 0,80\u00a0\u20ac <strong>\u00ab<a href=\"https:\/\/rennes.maville.com\/actu\/actudet_-comment-mieux-manger-a-l-ecole-ce-collectif-fait-passer-les-cantines-au-100-bio-et-local-_54135-6984983_actu.Htm\" target=\"_blank\" rel=\"nofollow noopener\">\u00a0le repas \u00e9quilibr\u00e9 avec entr\u00e9e, plat et dessert<\/a>\u00a0\u00bb<\/strong>, \u00e0 l\u2019intention des familles les plus modestes. Le tarif le plus \u00e9lev\u00e9 sera de 5, 90\u00a0\u20ac, <strong>\u00ab\u00a0soit le prix de revient du repas. Nous ne d\u00e9gagerons aucune marge ou b\u00e9n\u00e9fice\u00a0\u00bb.  <\/strong>Entre ces deux extr\u00e9mit\u00e9s, l\u2019augmentation sera progressive avec dix autres tarifs propos\u00e9s, en fonction des ressources de chacun, \u00e9valu\u00e9es \u00e0 partir du<a href=\"https:\/\/rennes.maville.com\/actu\/actudet_-revenu-imposable-rfr-quotient-familial...-comment-est-calcule-le-montant-de-mon-impot-_54135-6245800_actu.Htm\" target=\"_blank\" rel=\"nofollow noopener\"> quotient familial, lui-m\u00eame d\u00e9termin\u00e9 par la caisse d\u2019allocations familiales (CAF).<\/a><\/p>\n<p>\u00ab\u00a0Eviter les effets de seuil\u00a0\u00bb<\/p>\n<p><strong>\u00ab\u00a0En <\/strong>  <strong>fixant le premier tarif \u00e0 0,80 \u20ac, nous envoyons un message clair\u00a0: aucun coll\u00e9gien ne doit \u00eatre exclu de la cantine pour des raisons financi\u00e8res<\/strong>, souligne Olwen D\u00e9n\u00e8s, co-pr\u00e9sident du groupe Ecologie-f\u00e9d\u00e9raliste-citoyen (EFC). <strong>La grille propos\u00e9e comporte douze tranches pour \u00e9viter les effets de seuils et \u00eatre la plus progressive possible, notamment pour les classes moyennes.\u00a0\u00bb<\/strong> <\/p>\n<p>Une analyse que ne partagent pas compl\u00e8tement les \u00e9lus du groupe d\u2019Union du centre et de la droite dont 19 des 22 \u00e9lus ont vot\u00e9 contre. \u00a0Pouvons-nous parler d\u2019une mesure sociale quand les classes populaires qui ont des revenus proches du Smic seront concern\u00e9es par cette mesure\u00a0?, demande <a href=\"https:\/\/rennes.maville.com\/actu\/actudet_-municipales-2026-a-janze-jonathan-houillot-brigue-le-fauteuil-de-maire-_7-7044426_actu.Htm\" target=\"_blank\" rel=\"nofollow noopener\">Jonathan Houillot (canton de Janz\u00e9)<\/a>. Un couple avec un enfant de moins de 14\u00a0ans dont les revenus mensuels sont de 3\u00a0029\u00a0\u20ac apr\u00e8s imp\u00f4ts et prestations sociales, et dont le quotient familial est donc de 1\u00a0210\u00a0\u20ac, est consid\u00e9r\u00e9 comme \u00e9tant dans les classes populaires, d\u2019apr\u00e8s l\u2019Observatoire des in\u00e9galit\u00e9s. Et bien ce m\u00e9nage verra le tarif du repas appliqu\u00e9 passer de 3,29\u00a0\u20ac en moyenne, \u00e0 4,10\u00a0\u20ac, soit une augmentation d\u2019environ 140\u00a0\u20ac par an.\u00a0<\/p>\n<p>\u00a0<\/p>\n","protected":false},"excerpt":{"rendered":"\u00ab\u00a0Cette tarification solidaire pour la restauration des coll\u00e8ges publics en Ille-et-Vilaine sera un marqueur fort du mandat, estime&hellip;\n","protected":false},"author":2,"featured_media":609110,"comment_status":"","ping_status":"","sticky":false,"template":"","format":"standard","meta":{"footnotes":""},"categories":[2821],"tags":[14062,1111,11,829,14265,34306,17262,1777,674,4658,1011,27,848,12,3086,584,17385,25],"class_list":{"0":"post-609109","1":"post","2":"type-post","3":"status-publish","4":"format-standard","5":"has-post-thumbnail","7":"category-rennes","8":"tag-14062","9":"tag-actu","10":"tag-actualites","11":"tag-bretagne","12":"tag-cantines","13":"tag-centimes","14":"tag-colleges","15":"tag-eu","16":"tag-europe","17":"tag-euros","18":"tag-fr","19":"tag-france","20":"tag-ille-et-vilaine","21":"tag-news","22":"tag-redon","23":"tag-rennes","24":"tag-repas","25":"tag-republique-francaise"},"share_on_mastodon":{"url":"https:\/\/pubeurope.com\/@fr\/115745229631893546","error":""},"_links":{"self":[{"href":"https:\/\/www.europesays.com\/fr\/wp-json\/wp\/v2\/posts\/609109","targetHints":{"allow":["GET"]}}],"collection":[{"href":"https:\/\/www.europesays.com\/fr\/wp-json\/wp\/v2\/posts"}],"about":[{"href":"https:\/\/www.europesays.com\/fr\/wp-json\/wp\/v2\/types\/post"}],"author":[{"embeddable":true,"href":"https:\/\/www.europesays.com\/fr\/wp-json\/wp\/v2\/users\/2"}],"replies":[{"embeddable":true,"href":"https:\/\/www.europesays.com\/fr\/wp-json\/wp\/v2\/comments?post=609109"}],"version-history":[{"count":0,"href":"https:\/\/www.europesays.com\/fr\/wp-json\/wp\/v2\/posts\/609109\/revisions"}],"wp:featuredmedia":[{"embeddable":true,"href":"https:\/\/www.europesays.com\/fr\/wp-json\/wp\/v2\/media\/609110"}],"wp:attachment":[{"href":"https:\/\/www.europesays.com\/fr\/wp-json\/wp\/v2\/media?parent=609109"}],"wp:term":[{"taxonomy":"category","embeddable":true,"href":"https:\/\/www.europesays.com\/fr\/wp-json\/wp\/v2\/categories?post=609109"},{"taxonomy":"post_tag","embeddable":true,"href":"https:\/\/www.europesays.com\/fr\/wp-json\/wp\/v2\/tags?post=609109"}],"curies":[{"name":"wp","href":"https:\/\/api.w.org\/{rel}","templated":true}]}}