{"id":609119,"date":"2025-12-19T08:17:19","date_gmt":"2025-12-19T08:17:19","guid":{"rendered":"https:\/\/www.europesays.com\/fr\/609119\/"},"modified":"2025-12-19T08:17:19","modified_gmt":"2025-12-19T08:17:19","slug":"a-nice-la-gare-du-sud-va-devenir-un-lieu-culturel","status":"publish","type":"post","link":"https:\/\/www.europesays.com\/fr\/609119\/","title":{"rendered":"\u00c0 Nice, la gare du Sud va devenir un lieu culturel"},"content":{"rendered":"<p>                    <img loading=\"lazy\" decoding=\"async\" src=\"https:\/\/www.europesays.com\/fr\/wp-content\/uploads\/2025\/12\/4bef4378bc2ef16377fb119a4910fc.jpg\" class=\"img-responsive post-image\" width=\"680\" height=\"510\" alt=\"\u00c0 Nice, la gare du Sud va\" title=\"\u00c0 Nice, la gare du Sud va devenir un lieu culturel\"\/><\/p>\n<p class=\"chapo\">Fini les tentatives de transformer la gare du Sud en halle gourmande. Le concept, qui fonctionne bien dans d\u2019autres villes de France et en Europe, n\u2019a jamais pris dans le b\u00e2timent phare du quartier de la Lib\u00e9ration.<\/p>\n<p>La municipalit\u00e9 a donc opt\u00e9 pour une \u00ab\u00a0halle de la d\u00e9couverte\u00a0\u00bb, comme l\u2019a annonc\u00e9 le maire <strong>Christian Estrosi <\/strong> lors de la pr\u00e9sentation du nouveau projet, jeudi 11 d\u00e9cembre, expliquant avoir tenu compte \u00ab\u00a0des besoins des Ni\u00e7ois, particuli\u00e8rement de ceux qui habitent le quartier\u00a0\u00bb. Il manquait, selon les remont\u00e9es, un lieu de culture et de divertissement, ouvert la journ\u00e9e et les weekends et qui s\u2019adresse \u00e0 toutes les g\u00e9n\u00e9rations. Christian Estrosi a indiqu\u00e9 qu\u2019entre les cr\u00e8ches, les \u00e9coles et le coll\u00e8ge, cela repr\u00e9sentait 6 500 enfants dans le quartier, soit un jeune Ni\u00e7ois sur cinq. Il a ajout\u00e9 qu\u2019il y avait eu 160 000 pr\u00eats l\u2019ann\u00e9e derni\u00e8re \u00e0 la biblioth\u00e8que Raoul Mille, dont 50\u00a0% en jeunesse, ce qui confirme son importance. <br class=\"texte\"\/><br \/>\nElle sera donc compl\u00e9t\u00e9e dans l\u2019ancienne gare par une \u00ab\u00a0halle de la d\u00e9couverte\u00a0\u00bb, qui sera am\u00e9nag\u00e9e gr\u00e2ce \u00e0 un budget d\u2019environ 10 millions d\u2019euros\u00a0: on y trouvera un caf\u00e9 central, un espace d\u2019exposition, des espaces documentaires, une artoth\u00e8que, une ludoth\u00e8que, une b\u00e9d\u00e9th\u00e8que et un fablab. <br class=\"autobr\"\/><br \/>\n<strong>Une premi\u00e8re \u00e9tape du projet sera mise en \u0153uvre d\u00e8s f\u00e9vrier 2026. Une grande exposition consacr\u00e9e \u00e0 Leonard de Vinci l\u2019inventeur et l\u2019artiste, accessible aux sept ans et plus, a d\u00e9j\u00e0 \u00e9t\u00e9 annonc\u00e9e.<\/strong><\/p>\n<p>Visuel de Une \u00a9Agence d\u2019Urbanisme Azur\u00e9enne<\/p>\n","protected":false},"excerpt":{"rendered":"Fini les tentatives de transformer la gare du Sud en halle gourmande. Le concept, qui fonctionne bien dans&hellip;\n","protected":false},"author":2,"featured_media":609120,"comment_status":"","ping_status":"","sticky":false,"template":"","format":"standard","meta":{"footnotes":""},"categories":[2819],"tags":[1111,11,2408,1777,674,1011,27,12,2401,882,25],"class_list":{"0":"post-609119","1":"post","2":"type-post","3":"status-publish","4":"format-standard","5":"has-post-thumbnail","7":"category-nice","8":"tag-actu","9":"tag-actualites","10":"tag-appels-d","11":"tag-eu","12":"tag-europe","13":"tag-fr","14":"tag-france","15":"tag-news","16":"tag-nice","17":"tag-provence-alpes-cote-dazur","18":"tag-republique-francaise"},"share_on_mastodon":{"url":"https:\/\/pubeurope.com\/@fr\/115745250031353698","error":""},"_links":{"self":[{"href":"https:\/\/www.europesays.com\/fr\/wp-json\/wp\/v2\/posts\/609119","targetHints":{"allow":["GET"]}}],"collection":[{"href":"https:\/\/www.europesays.com\/fr\/wp-json\/wp\/v2\/posts"}],"about":[{"href":"https:\/\/www.europesays.com\/fr\/wp-json\/wp\/v2\/types\/post"}],"author":[{"embeddable":true,"href":"https:\/\/www.europesays.com\/fr\/wp-json\/wp\/v2\/users\/2"}],"replies":[{"embeddable":true,"href":"https:\/\/www.europesays.com\/fr\/wp-json\/wp\/v2\/comments?post=609119"}],"version-history":[{"count":0,"href":"https:\/\/www.europesays.com\/fr\/wp-json\/wp\/v2\/posts\/609119\/revisions"}],"wp:featuredmedia":[{"embeddable":true,"href":"https:\/\/www.europesays.com\/fr\/wp-json\/wp\/v2\/media\/609120"}],"wp:attachment":[{"href":"https:\/\/www.europesays.com\/fr\/wp-json\/wp\/v2\/media?parent=609119"}],"wp:term":[{"taxonomy":"category","embeddable":true,"href":"https:\/\/www.europesays.com\/fr\/wp-json\/wp\/v2\/categories?post=609119"},{"taxonomy":"post_tag","embeddable":true,"href":"https:\/\/www.europesays.com\/fr\/wp-json\/wp\/v2\/tags?post=609119"}],"curies":[{"name":"wp","href":"https:\/\/api.w.org\/{rel}","templated":true}]}}