{"id":609123,"date":"2025-12-19T08:20:56","date_gmt":"2025-12-19T08:20:56","guid":{"rendered":"https:\/\/www.europesays.com\/fr\/609123\/"},"modified":"2025-12-19T08:20:56","modified_gmt":"2025-12-19T08:20:56","slug":"sur-lile-de-nantes-ils-demandent-plus-de-securite-pour-les-pietons-et-cyclistes","status":"publish","type":"post","link":"https:\/\/www.europesays.com\/fr\/609123\/","title":{"rendered":"sur l&rsquo;\u00eele de Nantes, ils demandent plus de s\u00e9curit\u00e9 pour les pi\u00e9tons et cyclistes"},"content":{"rendered":"<p>                    Par<br \/>\n        <strong><br \/>\n            <a href=\"https:\/\/actu.fr\/auteur\/thomas-bernard\" title=\"Consulter tous les articles de Thomas Bernard\" target=\"_blank\" rel=\"noopener\">Thomas Bernard<\/a><br \/>\n                    <\/strong><\/p>\n<p>        Publi\u00e9 le<\/p>\n<p>            19 d\u00e9c. 2025 \u00e0 6h30        <\/p>\n<p>Ce lundi 15 d\u00e9cembre 2025, <a href=\"https:\/\/actu.fr\/pays-de-la-loire\/nantes_44109\/accident-de-velo-a-nantes-une-personne-blessee-percutee-par-un-camion-benne_63581094.html\" target=\"_blank\" rel=\"noopener\">un grave accident de la circulation<\/a> a eu lieu entre un conducteur de camion et un cycliste,<b> \u00e0 l\u2019angle des boulevards L\u00e9on-Bureau et Prairie-au-Duc, sur l\u2019\u00eele de Nantes<\/b>. La victime, qui circulait \u00e0 v\u00e9lo, a \u00e9t\u00e9 gravement bless\u00e9e aux jambes et a \u00e9t\u00e9 transport\u00e9e au CHU.\u00a0<\/p>\n<p class=\" wall-content\">Suite \u00e0 cet accident, <a href=\"https:\/\/placeauvelo-nantes.fr\/\" target=\"_blank\" rel=\"noopener\">l\u2019association Place au V\u00e9lo<\/a> apporte son soutien aux personnes touch\u00e9es par ce drame et <b>\u00ab\u00a0exprime sa profonde \u00e9motion et col\u00e8re apr\u00e8s la violente collision\u00a0\u00bb<\/b>. Dans un communiqu\u00e9 de presse, transmis \u00e0 la r\u00e9daction d\u2019<a href=\"https:\/\/actu.fr\/nantes\/\" target=\"_blank\" rel=\"noopener\">actu Nantes<\/a>, l\u2019association nantaise d\u00e9nonce <b>la dangerosit\u00e9 du carrefour<\/b> et appelle \u00e0 davantage de s\u00e9curit\u00e9.<\/p>\n<p>Un accident mortel sur le m\u00eame carrefour en 2020<\/p>\n<p class=\" wall-content\">Dans leur communiqu\u00e9, Place au V\u00e9lo indique avoir signal\u00e9 \u00e0 Nantes M\u00e9tropole, depuis plusieurs ann\u00e9es, des probl\u00e9matiques sur ce carrefour situ\u00e9 au c\u0153ur de l\u2019\u00eele de Nantes, tr\u00e8s fr\u00e9quent\u00e9 par les pi\u00e9tons et cyclistes.\u00a0<\/p>\n<p class=\" wall-content\">\u00ab\u00a0Pr\u00e9sence de v\u00e9hicules de chantier\u00a0\u00bb, <b>\u00ab\u00a0tourne-\u00e0-droite des poids lourds, identifi\u00e9s comme particuli\u00e8rement accidentog\u00e8nes\u00a0\u00bb<\/b>, \u00ab\u00a0absence d\u2019am\u00e9nagements protecteurs garantissant une cohabitation s\u00fbre entre les diff\u00e9rents usages\u00a0\u00bb, figurent parmi les maux identifi\u00e9s par l\u2019association et les usagers de cet axe, sujet \u00e0 des accidents.\u00a0\u00a0<\/p>\n<p class=\" wall-content\">\u00ab\u00a0La r\u00e9p\u00e9tition des collisions graves dans ce p\u00e9rim\u00e8tre impose une r\u00e9action imm\u00e9diate. La concentration de chantiers et de flux mixtes rend indispensable une protection renforc\u00e9e pour les usager\u00b7es vuln\u00e9rables, notamment face aux mouvements de camions\u00a0\u00bb, explique Place au V\u00e9lo.<\/p>\n<p class=\" wall-content\">En septembre 2020, <a href=\"https:\/\/actu.fr\/pays-de-la-loire\/nantes_44109\/a-nantes-une-cycliste-de-30-ans-tuee-dans-un-accident-avec-un-poids-lourd_36404219.html\" target=\"_blank\" rel=\"noopener\">une cycliste de 30 ans est d\u00e9c\u00e9d\u00e9e apr\u00e8s un accident de la route avec un poids lourd<\/a>.\u00a0<\/p>\n<p>Votre r\u00e9gion, votre actu !<\/p>\n<p>Recevez chaque jour les infos qui comptent pour vous.<\/p>\n<p>\t<a href=\"https:\/\/actu.fr\/newsletter\" class=\"ac-btn ac-btn--corner ac-btn--medium ac-btn--blue800\" target=\"_blank\" rel=\"noopener\">S&rsquo;incrire<\/a><br \/>\n\u00ab\u00a0Une r\u00e9action imm\u00e9diate\u00a0\u00bb<\/p>\n<p class=\" wall-content\">L\u2019association demande l\u2019installation d\u2019un dispositif pour <b>\u00ab\u00a0s\u00e9parer physiquement les flux des cyclistes et des v\u00e9hicules motoris\u00e9s\u00a0\u00bb<\/b>, s\u00e9curiser les cheminements temporaires des chantiers et <b>\u00ab\u00a0interdire les tourne-\u00e0-droite dangereux des poids lourds\u00a0\u00bb<\/b>.\u00a0<\/p>\n<p class=\" wall-content\">\u00c0 d\u00e9faut de ces am\u00e9nagements, l\u2019association de cyclistes r\u00e9clame la fermeture de la voie motoris\u00e9e concern\u00e9e et <b>interroge la place des camions dans le centre-ville de la cit\u00e9 des ducs de Bretagne<\/b>.\u00a0<\/p>\n<blockquote class=\"ac-article-quote wall-content\">\n<p>Si une solution s\u00e9curis\u00e9e ne peut pas \u00eatre mise en \u0153uvre rapidement, la voie permettant les tourne-\u00e0-droite doit \u00eatre suspendue pour les poids lourds jusqu\u2019\u00e0 ce que des conditions de circulation s\u00fbres soient garanties. La circulation motoris\u00e9e ne peut primer sur la s\u00e9curit\u00e9 vitale des usager\u00b7es vuln\u00e9rables. Cet \u00e9v\u00e9nement tragique am\u00e8ne \u00e9galement \u00e0 questionner la place des camions et des poids lourds dans le centre-ville : leur circulation et leur \u00e9quipement doivent \u00eatre repens\u00e9s pour garantir la s\u00e9curit\u00e9 des pi\u00e9ton\u00b7nes et des cyclistes.\u00a0<\/p>\n<p>Place au V\u00e9lo<\/p><\/blockquote>\n<p class=\" wall-content\">L\u2019association propose sa coop\u00e9ration pour participer \u00e0 la r\u00e9flexion et \u00e0 l\u2019am\u00e9nagement de ce secteur. <b>\u00ab\u00a0La s\u00e9curit\u00e9 des pi\u00e9ton\u00b7nes et cyclistes doit redevenir une priorit\u00e9 absolue sur l\u2019\u00eele de Nantes\u00a0\u00bb<\/b>, affirme Place au V\u00e9lo.\u00a0<\/p>\n<p class=\" wall-content\">Personnalisez votre actualit\u00e9 en ajoutant vos villes et m\u00e9dias en favori avec <a href=\"https:\/\/moncompte.actu.fr\" title=\"D\u00e9couvez Mon Actu\" rel=\"nofollow noopener\" data-trk=\"{&quot;cta&quot;:{&quot;action&quot;:&quot;https:\\\/\\\/moncompte.actu.fr&quot;,&quot;category&quot;:&quot;mon compte&quot;,&quot;from&quot;:&quot;article footer&quot;,&quot;name&quot;:&quot;Mon actu&quot;,&quot;type&quot;:&quot;cta&quot;}}\" target=\"_blank\">Mon Actu<\/a>.<\/p>\n","protected":false},"excerpt":{"rendered":"Par Thomas Bernard Publi\u00e9 le 19 d\u00e9c. 2025 \u00e0 6h30 Ce lundi 15 d\u00e9cembre 2025, un grave accident&hellip;\n","protected":false},"author":2,"featured_media":609124,"comment_status":"","ping_status":"","sticky":false,"template":"","format":"standard","meta":{"footnotes":""},"categories":[2818],"tags":[119,1111,11,3542,1777,674,1011,27,766,12,2636,25,104,208],"class_list":{"0":"post-609123","1":"post","2":"type-post","3":"status-publish","4":"format-standard","5":"has-post-thumbnail","7":"category-nantes","8":"tag-accident","9":"tag-actu","10":"tag-actualites","11":"tag-circulation","12":"tag-eu","13":"tag-europe","14":"tag-fr","15":"tag-france","16":"tag-nantes","17":"tag-news","18":"tag-pays-de-la-loire","19":"tag-republique-francaise","20":"tag-societe","21":"tag-velo"},"share_on_mastodon":{"url":"https:\/\/pubeurope.com\/@fr\/115745264998079066","error":""},"_links":{"self":[{"href":"https:\/\/www.europesays.com\/fr\/wp-json\/wp\/v2\/posts\/609123","targetHints":{"allow":["GET"]}}],"collection":[{"href":"https:\/\/www.europesays.com\/fr\/wp-json\/wp\/v2\/posts"}],"about":[{"href":"https:\/\/www.europesays.com\/fr\/wp-json\/wp\/v2\/types\/post"}],"author":[{"embeddable":true,"href":"https:\/\/www.europesays.com\/fr\/wp-json\/wp\/v2\/users\/2"}],"replies":[{"embeddable":true,"href":"https:\/\/www.europesays.com\/fr\/wp-json\/wp\/v2\/comments?post=609123"}],"version-history":[{"count":0,"href":"https:\/\/www.europesays.com\/fr\/wp-json\/wp\/v2\/posts\/609123\/revisions"}],"wp:featuredmedia":[{"embeddable":true,"href":"https:\/\/www.europesays.com\/fr\/wp-json\/wp\/v2\/media\/609124"}],"wp:attachment":[{"href":"https:\/\/www.europesays.com\/fr\/wp-json\/wp\/v2\/media?parent=609123"}],"wp:term":[{"taxonomy":"category","embeddable":true,"href":"https:\/\/www.europesays.com\/fr\/wp-json\/wp\/v2\/categories?post=609123"},{"taxonomy":"post_tag","embeddable":true,"href":"https:\/\/www.europesays.com\/fr\/wp-json\/wp\/v2\/tags?post=609123"}],"curies":[{"name":"wp","href":"https:\/\/api.w.org\/{rel}","templated":true}]}}