{"id":609127,"date":"2025-12-19T08:24:24","date_gmt":"2025-12-19T08:24:24","guid":{"rendered":"https:\/\/www.europesays.com\/fr\/609127\/"},"modified":"2025-12-19T08:24:24","modified_gmt":"2025-12-19T08:24:24","slug":"le-puy-bordeaux-stephane-dief-previent-que-lecart-nest-pas-enorme-avec-les-girondins","status":"publish","type":"post","link":"https:\/\/www.europesays.com\/fr\/609127\/","title":{"rendered":"Le Puy-Bordeaux : St\u00e9phane Dief pr\u00e9vient que \u00ab\u00a0l\u2019\u00e9cart n\u2019est pas \u00e9norme avec les Girondins\u201d"},"content":{"rendered":"<p><img decoding=\"async\" src=\"https:\/\/www.europesays.com\/fr\/wp-content\/uploads\/2025\/12\/671_e82d782c2f7565d201fc332366886cc5.png\" alt=\"Le Puy-Bordeaux : St\u00e9phane Dief pr\u00e9vient que &quot;l\u2019\u00e9cart n\u2019est pas \u00e9norme avec les Girondins\u201d\" class=\"img-responsive mt-3\"\/><\/p>\n<p class=\"text-center mb-3\" style=\"font-size: 14px\">\u00a9 Iconsport<\/p>\n<p><strong>Coupe de France : Le Puy Foot en alerte avant de recevoir les Girondins<\/strong><\/p>\n<p style=\"text-align: justify;\">St\u00e9phane Dief sur le <a href=\"https:\/\/lepuyfoot43.fr\/stephane-dief-entre-le-1er-de-n2-et-le-7eme-de-national-lecart-nest-pas-enorme\/?fbclid=IwY2xjawOxHClleHRuA2FlbQIxMABicmlkETFNWVRsSlJ4NFZnQTBkTnNoc3J0YwZhcHBfaWQQMjIyMDM5MTc4ODIwMDg5MgABHgu1gxQUGs49mEjq6Uiq_JllFKwptQsYD6QODbc0Tn6TQ7c05nvadr1cH6dO_aem_T1FiSzfDrUzoikVcDD4Uqw\" target=\"_blank\" rel=\"noopener\">site officiel du Puy Foot 43<\/a> : \u00ab\u00a0C\u2019est un match de Coupe de France, tout simplement. La particularit\u00e9, c\u2019est qu\u2019aujourd\u2019hui Le Puy est hi\u00e9rarchiquement au-dessus des Girondins de Bordeaux, mais dans nos t\u00eates nous devons rester en alerte. C\u2019est une \u00e9quipe qui domine son championnat, qui est premi\u00e8re, avec un pass\u00e9 glorieux et l\u2019envie de le retrouver. Entre le premier de National 2 et le septi\u00e8me de National, l\u2019\u00e9cart n\u2019est pas \u00e9norme. Ce sera un match ouvert.\u00a0\u00bb<\/p>\n<p><strong>\u00ab\u00a0C\u2019est une \u00e9quipe solide, avec des individualit\u00e9s, et une vraie \u00e9nergie collective\u00a0\u00bb<\/strong><\/p>\n<p style=\"text-align: justify;\">\u00ab\u00a0C\u2019est une \u00e9quipe taill\u00e9e pour le haut de tableau de National 2, voire au-dessus. Certains joueurs ont d\u00e9j\u00e0 \u00e9volu\u00e9 \u00e0 un niveau sup\u00e9rieur. C\u2019est une \u00e9quipe solide, avec des individualit\u00e9s, et une vraie \u00e9nergie collective. Il y a \u00e9videmment des forces en face, mais nous n\u2019allons pas entrer dans les d\u00e9tails tactiques.\u00a0\u00bb<\/p>\n<p>\u00c0 lire : <strong><a href=\"https:\/\/www.webgirondins.com\/actualite-girondins-girondins-diagouraga-menage-arne-pressenti-titulaire-face-au-puy-en-coupe-de-france-131544\" target=\"_blank\" rel=\"noopener\">Girondins : Diagouraga m\u00e9nag\u00e9, Arn\u00e9 pressenti titulaire face au Puy en Coupe de France<\/a><\/strong><\/p>\n<p style=\"text-align: justify;\">\u00c9coutez dans le podcast court ci-dessous les trois tops de Montlouis-Bordeaux en championnat (moins de deux minutes) :<\/p>\n<p>\u00a0<\/p>\n<p>R\u00e9\u00e9dition article du 18 d\u00e9cembre 2025.<\/p>\n","protected":false},"excerpt":{"rendered":"\u00a9 Iconsport Coupe de France : Le Puy Foot en alerte avant de recevoir les Girondins St\u00e9phane Dief&hellip;\n","protected":false},"author":2,"featured_media":609128,"comment_status":"","ping_status":"","sticky":false,"template":"","format":"standard","meta":{"footnotes":""},"categories":[2817],"tags":[1111,11,3917,3396,1997,67695,615,72030,42258,25370,1994,1777,674,8435,2823,2396,2257,1011,27,1987,12,2219,47904,25,32006],"class_list":{"0":"post-609127","1":"post","2":"type-post","3":"status-publish","4":"format-standard","5":"has-post-thumbnail","7":"category-bordeaux","8":"tag-actu","9":"tag-actualites","10":"tag-avant","11":"tag-avec","12":"tag-bordeaux","13":"tag-confrontation","14":"tag-coupe","15":"tag-dief","16":"tag-ecart","17":"tag-enorme","18":"tag-entraineur","19":"tag-eu","20":"tag-europe","21":"tag-exprime","22":"tag-face","23":"tag-finale","24":"tag-foot","25":"tag-fr","26":"tag-france","27":"tag-girondins","28":"tag-news","29":"tag-nouvelle-aquitaine","30":"tag-previent","31":"tag-republique-francaise","32":"tag-stephane"},"share_on_mastodon":{"url":"https:\/\/pubeurope.com\/@fr\/115745277263274297","error":""},"_links":{"self":[{"href":"https:\/\/www.europesays.com\/fr\/wp-json\/wp\/v2\/posts\/609127","targetHints":{"allow":["GET"]}}],"collection":[{"href":"https:\/\/www.europesays.com\/fr\/wp-json\/wp\/v2\/posts"}],"about":[{"href":"https:\/\/www.europesays.com\/fr\/wp-json\/wp\/v2\/types\/post"}],"author":[{"embeddable":true,"href":"https:\/\/www.europesays.com\/fr\/wp-json\/wp\/v2\/users\/2"}],"replies":[{"embeddable":true,"href":"https:\/\/www.europesays.com\/fr\/wp-json\/wp\/v2\/comments?post=609127"}],"version-history":[{"count":0,"href":"https:\/\/www.europesays.com\/fr\/wp-json\/wp\/v2\/posts\/609127\/revisions"}],"wp:featuredmedia":[{"embeddable":true,"href":"https:\/\/www.europesays.com\/fr\/wp-json\/wp\/v2\/media\/609128"}],"wp:attachment":[{"href":"https:\/\/www.europesays.com\/fr\/wp-json\/wp\/v2\/media?parent=609127"}],"wp:term":[{"taxonomy":"category","embeddable":true,"href":"https:\/\/www.europesays.com\/fr\/wp-json\/wp\/v2\/categories?post=609127"},{"taxonomy":"post_tag","embeddable":true,"href":"https:\/\/www.europesays.com\/fr\/wp-json\/wp\/v2\/tags?post=609127"}],"curies":[{"name":"wp","href":"https:\/\/api.w.org\/{rel}","templated":true}]}}