{"id":609131,"date":"2025-12-19T08:27:17","date_gmt":"2025-12-19T08:27:17","guid":{"rendered":"https:\/\/www.europesays.com\/fr\/609131\/"},"modified":"2025-12-19T08:27:17","modified_gmt":"2025-12-19T08:27:17","slug":"une-voiture-en-feu-explose-place-wilson-spectaculaire-scene-en-plein-centre-ville","status":"publish","type":"post","link":"https:\/\/www.europesays.com\/fr\/609131\/","title":{"rendered":"une voiture en feu explose place Wilson, spectaculaire sc\u00e8ne en plein centre-ville"},"content":{"rendered":"<p>                    Par<br \/>\n        <strong><br \/>\n            <a href=\"https:\/\/actu.fr\/auteur\/guillaume-laurens\" title=\"Consulter tous les articles de Guillaume Laurens\" target=\"_blank\" rel=\"noopener\">Guillaume Laurens<\/a><br \/>\n                    <\/strong><\/p>\n<p>        Publi\u00e9 le<\/p>\n<p>            19 d\u00e9c. 2025 \u00e0 8h40        <\/p>\n<p>Coup de chaud, jeudi 18 d\u00e9cembre 2025, la nuit tomb\u00e9e, en plein c\u0153ur de <a href=\"https:\/\/actu.fr\/toulouse\/\" target=\"_blank\" rel=\"noopener\"><strong>Toulouse<\/strong><\/a>. Peu avant 21 heures, de <strong>nombreux pompiers<\/strong> sont intervenus pour un <strong>feu de voiture<\/strong> en plein centre-ville, place Wilson, tr\u00e8s fr\u00e9quent\u00e9e en cette soir\u00e9e \u00e9tudiante.<\/p>\n<p>Explosion pendant l\u2019intervention des pompiers<\/p>\n<p class=\" wall-content\">Rapidement intervenus sur les lieux, les soldats du feu ont pu \u00ab\u00a0contenir et \u00e9teindre l\u2019incendie au moyen d\u2019une lance\u00a0\u00bb, rapporte le SDIS de la Haute-Garonne.<\/p>\n<p class=\" wall-content\">Fort heureusement, il n\u2019y a eu <strong>aucun bless\u00e9<\/strong> et les d\u00e9g\u00e2ts sont limit\u00e9s, en dehors bien \u00e9videmment du v\u00e9hicule concern\u00e9.\u00a0<\/p>\n<p>    <img   decoding=\"async\" loading=\"lazy\" src=\"https:\/\/www.europesays.com\/fr\/wp-content\/uploads\/2025\/12\/feu-voiture-wilson-toulouse-960x640.jpeg\" alt=\"Une voiture a pris feu place Wilson en plein c\u0153ur de Toulouse, jeudi soir\" width=\"960\" height=\"640\"\/><br \/>\n    Une voiture a pris feu place Wilson en plein c\u0153ur de Toulouse, jeudi soir (\u00a9olivier_rjl)\u00ab\u00a0Certaines personnes ont cri\u00e9\u00a0\u00bb dit un t\u00e9moin<\/p>\n<p class=\" wall-content\">\u00ab\u00a0C\u2019\u00e9tait rien de m\u00e9chant\u00a0\u00bb, t\u00e9moigne Olivier, qui a assist\u00e9 \u00e0 toute la sc\u00e8ne, \u00ab\u00a0mais au moment d\u2019une <strong>explosion<\/strong> qui a retenti lors de l\u2019intervention des pompiers, \u00ab\u00a0certaines personnes ont cri\u00e9 et se sont \u00e9loign\u00e9es de la voiture\u00a0\u00bb.<\/p>\n<p>La circulation coup\u00e9e pour \u00ab\u00a0tenir \u00e0 distance les badauds\u00a0\u00bb<\/p>\n<p class=\" wall-content\">Toujours d\u2019apr\u00e8s le SDIS, \u00ab\u00a0la localisation de l\u2019\u00e9v\u00e9nement a g\u00e9n\u00e9r\u00e9 <strong>une coupure de la circulation<\/strong> par les forces de l\u2019ordre, ainsi que la mise en place d\u2019un p\u00e9rim\u00e8tre de s\u00e9curit\u00e9, afin de <strong>\u00ab\u00a0tenir \u00e0 distance les nombreux badauds<\/strong> pr\u00e9sents \u00e0 cette heure-ci\u00a0\u00bb dans le c\u0153ur battant de la Ville rose. On ignore, pour l\u2019heure, les raisons du sinistre.<\/p>\n<p>Votre r\u00e9gion, votre actu !<\/p>\n<p>Recevez chaque jour les infos qui comptent pour vous.<\/p>\n<p>\t<a href=\"https:\/\/actu.fr\/newsletter\" class=\"ac-btn ac-btn--corner ac-btn--medium ac-btn--blue800\" target=\"_blank\" rel=\"noopener\">S&rsquo;incrire<\/a><\/p>\n<p>    <a href=\"https:\/\/www.google.com\/maps\/embed?pb=!1m18!1m12!1m3!1d2889.0701021682366!2d1.4444920774687837!3d43.60508197110441!2m3!1f0!2f0!3f0!3m2!1i1024!2i768!4f13.1!3m3!1m2!1s0x12aebc9ea37eabd1%3A0x5b821a0815a8335b!2sPl.%20du%20Pr%C3%A9sident%20Thomas%20Wilson%2C%2031000%20Toulouse!5e0!3m2!1sfr!2sfr!4v1766127204803!5m2!1sfr!2sfr\" title=\"Ouvrie le lien\" target=\"_blank\" rel=\"noopener\">Cliquez ici pour visualiser le contenu<\/a><\/p>\n<p class=\" wall-content\">Personnalisez votre actualit\u00e9 en ajoutant vos villes et m\u00e9dias en favori avec <a href=\"https:\/\/moncompte.actu.fr\" title=\"D\u00e9couvez Mon Actu\" rel=\"nofollow noopener\" data-trk=\"{&quot;cta&quot;:{&quot;action&quot;:&quot;https:\\\/\\\/moncompte.actu.fr&quot;,&quot;category&quot;:&quot;mon compte&quot;,&quot;from&quot;:&quot;article footer&quot;,&quot;name&quot;:&quot;Mon actu&quot;,&quot;type&quot;:&quot;cta&quot;}}\" target=\"_blank\">Mon Actu<\/a>.<\/p>\n","protected":false},"excerpt":{"rendered":"Par Guillaume Laurens Publi\u00e9 le 19 d\u00e9c. 2025 \u00e0 8h40 Coup de chaud, jeudi 18 d\u00e9cembre 2025, la&hellip;\n","protected":false},"author":2,"featured_media":609132,"comment_status":"","ping_status":"","sticky":false,"template":"","format":"standard","meta":{"footnotes":""},"categories":[2816],"tags":[1111,11,1777,674,118,1011,27,1310,12,2680,25,2312],"class_list":{"0":"post-609131","1":"post","2":"type-post","3":"status-publish","4":"format-standard","5":"has-post-thumbnail","7":"category-toulouse","8":"tag-actu","9":"tag-actualites","10":"tag-eu","11":"tag-europe","12":"tag-faits-divers","13":"tag-fr","14":"tag-france","15":"tag-incendie","16":"tag-news","17":"tag-occitanie","18":"tag-republique-francaise","19":"tag-toulouse"},"share_on_mastodon":{"url":"https:\/\/pubeurope.com\/@fr\/115745289484051508","error":""},"_links":{"self":[{"href":"https:\/\/www.europesays.com\/fr\/wp-json\/wp\/v2\/posts\/609131","targetHints":{"allow":["GET"]}}],"collection":[{"href":"https:\/\/www.europesays.com\/fr\/wp-json\/wp\/v2\/posts"}],"about":[{"href":"https:\/\/www.europesays.com\/fr\/wp-json\/wp\/v2\/types\/post"}],"author":[{"embeddable":true,"href":"https:\/\/www.europesays.com\/fr\/wp-json\/wp\/v2\/users\/2"}],"replies":[{"embeddable":true,"href":"https:\/\/www.europesays.com\/fr\/wp-json\/wp\/v2\/comments?post=609131"}],"version-history":[{"count":0,"href":"https:\/\/www.europesays.com\/fr\/wp-json\/wp\/v2\/posts\/609131\/revisions"}],"wp:featuredmedia":[{"embeddable":true,"href":"https:\/\/www.europesays.com\/fr\/wp-json\/wp\/v2\/media\/609132"}],"wp:attachment":[{"href":"https:\/\/www.europesays.com\/fr\/wp-json\/wp\/v2\/media?parent=609131"}],"wp:term":[{"taxonomy":"category","embeddable":true,"href":"https:\/\/www.europesays.com\/fr\/wp-json\/wp\/v2\/categories?post=609131"},{"taxonomy":"post_tag","embeddable":true,"href":"https:\/\/www.europesays.com\/fr\/wp-json\/wp\/v2\/tags?post=609131"}],"curies":[{"name":"wp","href":"https:\/\/api.w.org\/{rel}","templated":true}]}}