{"id":609133,"date":"2025-12-19T08:29:20","date_gmt":"2025-12-19T08:29:20","guid":{"rendered":"https:\/\/www.europesays.com\/fr\/609133\/"},"modified":"2025-12-19T08:29:20","modified_gmt":"2025-12-19T08:29:20","slug":"des-agriculteurs-en-colere-rassembles-devant-la-maison-du-couple-macron-au-touquet","status":"publish","type":"post","link":"https:\/\/www.europesays.com\/fr\/609133\/","title":{"rendered":"Des agriculteurs en col\u00e8re rassembl\u00e9s devant la maison du couple Macron au Touquet"},"content":{"rendered":"<p>Des agriculteurs de la FNSEA sont mobilis\u00e9s depuis 5h30 ce vendredi 19 d\u00e9cembre devant la r\u00e9sidence du couple Macron au Touquet (Pas-de-Calais).<\/p>\n<p>En pleine grogne du monde agricole, <a href=\"https:\/\/www.bfmtv.com\/economie\/entreprises\/agriculture\/report-a-janvier-de-l-accord-ue-mercosur-la-fnsea-demande-aux-agriculteurs-de-rester-mobilises_AD-202512180998.html\" title=\"Report \u00e0 janvier de l&#039;accord UE-Mercosur: la FNSEA demande aux agriculteurs de rester &quot;mobilis\u00e9s&quot;\" class=\"internal_link\" target=\"_blank\" rel=\"noopener\">des agriculteurs de la FNSEA<\/a> manifestent, depuis 5h30 ce vendredi 19 d\u00e9cembre, devant la maison du couple Macron, au Touquet (Pas-de-Calais), a appris BFM Grand Lille.<\/p>\n<p>Apr\u00e8s l&rsquo;annonce ce jeudi soir par <a href=\"https:\/\/www.bfmtv.com\/economie\/entreprises\/agriculture\/ursula-von-der-leyen-annonce-aux-membres-de-l-union-europeenne-le-report-de-la-signature-de-l-accord-avec-le-mercosur-a-janvier_AD-202512180926.html\" title=\"Ursula von der Leyen annonce aux membres de l&#039;Union europ\u00e9enne le report de la signature de l&#039;accord avec le Mercosur \u00e0 janvier\" class=\"internal_link\" target=\"_blank\" rel=\"noopener\">Ursula von der Leyen<\/a>, la pr\u00e9sidente de la Commission europ\u00e9enne, du report \u00e0 janvier de la signature de l&rsquo;accord UE-Mercosur, la FNSEA estimait que cette d\u00e9cision \u00ab\u00a0n&rsquo;est pas suffisante\u00a0\u00bb et appelait ses adh\u00e9rents \u00e0 rester \u00ab\u00a0mobilis\u00e9s\u00a0\u00bb.<\/p>\n<p>Depuis plusieurs jours des centaines d&rsquo;\u00e9leveurs et autres producteurs, en particulier dans le sud-ouest du pays, organisent des points de blocage, des manifestations et sont m\u00eame all\u00e9s jusqu&rsquo;\u00e0 Bruxelles pour faire conna\u00eetre leur m\u00e9contentement.<\/p>\n<p><img decoding=\"async\" src=\"https:\/\/www.europesays.com\/fr\/wp-content\/uploads\/2025\/12\/principale-24_2.jpg\"  alt=\"207 vaches abattues en Ari\u00e8ge: qu\u2019est-ce que la dermatose nodulaire?\" title=\"207 vaches abattues en Ari\u00e8ge: qu\u2019est-ce que la dermatose nodulaire?\"\/>207 vaches abattues en Ari\u00e8ge: qu\u2019est-ce que la dermatose nodulaire?Le pr\u00e9sident Macron \u00ab\u00a0a beaucoup tergivers\u00e9\u00a0\u00bb autour du Mercosur<\/p>\n<p>Un m\u00e9contentement aussi bien sur le traitement fran\u00e7ais de l&rsquo;\u00e9pid\u00e9mie de <a href=\"https:\/\/www.bfmtv.com\/societe\/tres-dur-moralement-un-grand-vide-ces-agriculteurs-racontent-leur-dechirement-apres-l-abattage-de-leurs-troupeaux-touches-par-la-dermatose_AN-202512180028.html\" title=\"&quot;Tr\u00e8s dur moralement&quot;, &quot;un grand vide&quot;: ces agriculteurs racontent leur d\u00e9chirement apr\u00e8s l\u2019abattage de leurs troupeaux, touch\u00e9s par la dermatose\" class=\"internal_link\" target=\"_blank\" rel=\"noopener\">dermatose nodulaire contagieuse<\/a> (DNC) que la crainte d&rsquo;une signature du trait\u00e9 de libre-\u00e9change du Mercosur.<\/p>\n<p>\u00ab\u00a0Le pr\u00e9sident se bat pour l\u2019agriculture et les agriculteurs fran\u00e7ais\u00a0\u00bb, a r\u00e9agi ce vendredi matin l&rsquo;entourage d&rsquo;Emmanuel Macron aupr\u00e8s de BFMTV.<\/p>\n<p>Daniel Fasquelle, le maire (LR) du Touquet, s&rsquo;est d\u00e9plac\u00e9 sur les lieux de la mobilisation, visant celui \u00e0 \u00ab\u00a0protester\u00a0\u00bb contre les d\u00e9clarations du pr\u00e9sident et ses prises de position de ces derniers jours.<\/p>\n<blockquote class=\"embed embed_quote\"><p>\u00ab\u00a0On estime aujourd&rsquo;hui ne pas \u00eatre prot\u00e9g\u00e9 comme on devrait l&rsquo;\u00eatre face \u00e0 cet accord. Ils ne sont absolument pas rassur\u00e9s\u00a0\u00bb, poursuit l&rsquo;\u00e9dile au micro de BFMTV.<\/p><\/blockquote>\n<p>Les agriculteurs sont venus dire qu&rsquo;ils ne \u00ab\u00a0comprennent pas la position de la France\u00a0\u00bb et que le pr\u00e9sident Macron \u00ab\u00a0a beaucoup tergivers\u00e9\u00a0\u00bb autour du Mercosur. Daniel Fasquelle, tout comme les agriculteurs-manifestants, ont du \u00ab\u00a0mal \u00e0 faire confiance\u00a0\u00bb au chef de l&rsquo;\u00c9tat sur ce dossier.<\/p>\n","protected":false},"excerpt":{"rendered":"Des agriculteurs de la FNSEA sont mobilis\u00e9s depuis 5h30 ce vendredi 19 d\u00e9cembre devant la r\u00e9sidence du couple&hellip;\n","protected":false},"author":2,"featured_media":609134,"comment_status":"","ping_status":"","sticky":false,"template":"","format":"standard","meta":{"footnotes":""},"categories":[2815],"tags":[1111,11,1777,674,1011,27,811,1307,12,25],"class_list":{"0":"post-609133","1":"post","2":"type-post","3":"status-publish","4":"format-standard","5":"has-post-thumbnail","7":"category-lille","8":"tag-actu","9":"tag-actualites","10":"tag-eu","11":"tag-europe","12":"tag-fr","13":"tag-france","14":"tag-hauts-de-france","15":"tag-lille","16":"tag-news","17":"tag-republique-francaise"},"share_on_mastodon":{"url":"https:\/\/pubeurope.com\/@fr\/115745297782001339","error":""},"_links":{"self":[{"href":"https:\/\/www.europesays.com\/fr\/wp-json\/wp\/v2\/posts\/609133","targetHints":{"allow":["GET"]}}],"collection":[{"href":"https:\/\/www.europesays.com\/fr\/wp-json\/wp\/v2\/posts"}],"about":[{"href":"https:\/\/www.europesays.com\/fr\/wp-json\/wp\/v2\/types\/post"}],"author":[{"embeddable":true,"href":"https:\/\/www.europesays.com\/fr\/wp-json\/wp\/v2\/users\/2"}],"replies":[{"embeddable":true,"href":"https:\/\/www.europesays.com\/fr\/wp-json\/wp\/v2\/comments?post=609133"}],"version-history":[{"count":0,"href":"https:\/\/www.europesays.com\/fr\/wp-json\/wp\/v2\/posts\/609133\/revisions"}],"wp:featuredmedia":[{"embeddable":true,"href":"https:\/\/www.europesays.com\/fr\/wp-json\/wp\/v2\/media\/609134"}],"wp:attachment":[{"href":"https:\/\/www.europesays.com\/fr\/wp-json\/wp\/v2\/media?parent=609133"}],"wp:term":[{"taxonomy":"category","embeddable":true,"href":"https:\/\/www.europesays.com\/fr\/wp-json\/wp\/v2\/categories?post=609133"},{"taxonomy":"post_tag","embeddable":true,"href":"https:\/\/www.europesays.com\/fr\/wp-json\/wp\/v2\/tags?post=609133"}],"curies":[{"name":"wp","href":"https:\/\/api.w.org\/{rel}","templated":true}]}}