{"id":609135,"date":"2025-12-19T08:30:14","date_gmt":"2025-12-19T08:30:14","guid":{"rendered":"https:\/\/www.europesays.com\/fr\/609135\/"},"modified":"2025-12-19T08:30:14","modified_gmt":"2025-12-19T08:30:14","slug":"2-000-dirigeants-a-lassaut-de-la-competitivite-au-palais-de-la-bourse-a-marseille","status":"publish","type":"post","link":"https:\/\/www.europesays.com\/fr\/609135\/","title":{"rendered":"2 000 dirigeants \u00e0 l&rsquo;assaut de la comp\u00e9titivit\u00e9 au Palais de la Bourse \u00e0 Marseille"},"content":{"rendered":"<p>Nouvelle version. Nouvelle mouture. <a href=\"https:\/\/www.laprovence.com\/article\/economie\/1376955372889314\/situation-degradee-investissements-en-baisse-les-tpe-pme-du-territoire-entre-incertitudes-et-resilience\" target=\"_blank\" rel=\"noopener\">L\u2019\u00e9dition 2025 du Salon des entrepreneurs<\/a> c\u2019est pr\u00e8s de 2\u00a0000 participants, 65 exposants, 10 tables rondes et ateliers, une grande conf\u00e9rence pl\u00e9ni\u00e8re, un speed-meeting XXL r\u00e9unissant plus de 100 entrepreneurs et 130 participants au d\u00e9jeuner des Grandes Tables.<\/p>\n<p>Organis\u00e9 par la CPME 13, cet \u00e9v\u00e9nement embl\u00e9matique a plac\u00e9 les transitions \u2013 \u00e9cologiques, num\u00e9riques, manag\u00e9riales et humaines \u2013 au c\u0153ur des d\u00e9bats, en insistant sur l\u2019action collective et l\u2019accompagnement concret des entreprises.<\/p>\n<p>Pour la premi\u00e8re fois <a href=\"https:\/\/www.laprovence.com\/article\/economie\/1236859124588614\/trophees-de-leconomie-2025-au-palais-de-la-bourse-a-marseille-le-monde-economique-en-habit-de-lumiere\" target=\"_blank\" rel=\"noopener\">au Palais de la Bourse, lieu symbolique de l\u2019\u00e9conomie marseillaise<\/a>, le salon a confirm\u00e9 son statut de rendez-vous incontournable du territoire. Dans un format resserr\u00e9 et op\u00e9rationnel, la journ\u00e9e a \u00e9t\u00e9 rythm\u00e9e par des conf\u00e9rences, tables rondes, ateliers pratiques, un speed-meeting XXL et des moments de networking.<\/p>\n<p>L\u2019objectif\u00a0: fournir des outils tangibles pour transformer les d\u00e9fis des transitions en opportunit\u00e9s de performance et de r\u00e9silience. Corinne Innesti, pr\u00e9sidente de la CPME 13, a r\u00e9sum\u00e9 l\u2019esprit de ce rendez-vous\u00a0: \u00ab\u00a0Cette \u00e9dition d\u2019Entrepreneur 13 portait un message clair\u00a0: agir. Les entrepreneurs sont lucides sur les d\u00e9fis \u00e0 relever, mais ils sont aussi pr\u00eats \u00e0 avancer, \u00e0 condition d\u2019\u00eatre accompagn\u00e9s. En r\u00e9unissant experts, partenaires et retours d\u2019exp\u00e9rience, nous avons voulu offrir des cl\u00e9s concr\u00e8tes pour transformer les transitions en leviers de performance et de r\u00e9silience.\u00a0\u00bb<\/p>\n<p>Premi\u00e8re sortie officielle du pr\u00e9fet de r\u00e9gion<\/p>\n<p>Cette \u00e9dition a notamment \u00e9t\u00e9 marqu\u00e9e par la premi\u00e8re sortie officielle de <a href=\"https:\/\/www.laprovence.com\/article\/faits-divers-justice\/76074657057034\/marseille-le-prefet-de-region-au-contact-a-la-cite-des-flamants\" target=\"_blank\" rel=\"noopener\">Jacques Witkowski, pr\u00e9fet de r\u00e9gion<\/a>. Cette pr\u00e9sence marquant le d\u00e9but d\u2019une s\u00e9rie d\u2019interactions r\u00e9guli\u00e8res avec le monde des affaires. \u00ab\u00a0Pour moi, c\u2019est ma premi\u00e8re sortie parmi les entrepreneurs. Vous me verrez normalement, r\u00e9guli\u00e8rement, c\u2019est une activit\u00e9 aupr\u00e8s de vous,\u00a0\u00bb a-t-il d\u00e9clar\u00e9, promettant une pr\u00e9sence constante sur le terrain.<\/p>\n<p><a href=\"https:\/\/www.laprovence.com\/article\/faits-divers-justice\/18492633391844\/narcotrafic-mettre-tout-en-oeuvre-pour-que-la-peur-change-de-camp-assure-le-nouveau-prefet-de-paca-jacques-witkowski\" target=\"_blank\" rel=\"noopener\">L\u2019officiel <\/a>a \u00e9galement manifest\u00e9 un int\u00e9r\u00eat particulier pour le tourisme industriel, une facette de l\u2019\u00e9conomie locale qu\u2019il semble appr\u00e9cier. Il a \u00e9voqu\u00e9 la complexit\u00e9 des \u00ab\u00a0affaires en purgation\u00a0\u00bb et la n\u00e9cessit\u00e9 d\u2019une philosophie d\u2019entreprise claire, sugg\u00e9rant que si beaucoup d\u2019entreprises se lancent, toutes ne parviennent pas \u00e0 la m\u00eame r\u00e9ussite, notamment sur le plan fiscal.<\/p>\n<p>Le temps fort de la journ\u00e9e a \u00e9t\u00e9 la conf\u00e9rence pl\u00e9ni\u00e8re intitul\u00e9e \u00ab\u00a0R\u00e9ussir les transitions\u00a0: un d\u00e9fi collectif pour notre territoire\u00a0\u00bb. R\u00e9unissant Corinne Innesti (CPME 13), Jean-Luc Chauvin (pr\u00e9sident de la CCI Aix-Marseille-Provence), un repr\u00e9sentant de l\u2019ADEME et Cyriaque Crosnier Mangeat, agronome et co-dirigeant fondateur de La Semence Bio, les \u00e9changes ont soulign\u00e9 l\u2019importance du collectif. \u00ab\u00a0La coordination des acteurs et un soutien renforc\u00e9 aux TPE-PME sont essentiels pour relever ces d\u00e9fis\u00a0\u00bb, ont-ils affirm\u00e9.<\/p>\n","protected":false},"excerpt":{"rendered":"Nouvelle version. Nouvelle mouture. L\u2019\u00e9dition 2025 du Salon des entrepreneurs c\u2019est pr\u00e8s de 2\u00a0000 participants, 65 exposants, 10&hellip;\n","protected":false},"author":2,"featured_media":609136,"comment_status":"","ping_status":"","sticky":false,"template":"","format":"standard","meta":{"footnotes":""},"categories":[2814],"tags":[6541,17,1111,11,19610,13789,33,1777,674,1011,27,5409,884,12,12823,882,25,72034,72035],"class_list":{"0":"post-609135","1":"post","2":"type-post","3":"status-publish","4":"format-standard","5":"has-post-thumbnail","7":"category-marseille","8":"tag-6541","9":"tag-17","10":"tag-actu","11":"tag-actualites","12":"tag-competitivite","13":"tag-dirigeants","14":"tag-economie","15":"tag-eu","16":"tag-europe","17":"tag-fr","18":"tag-france","19":"tag-lassaut","20":"tag-marseille","21":"tag-news","22":"tag-palais","23":"tag-provence-alpes-cote-dazur","24":"tag-republique-francaise","25":"tag-tpe-pme","26":"tag-transitions"},"share_on_mastodon":{"url":"https:\/\/pubeurope.com\/@fr\/115745300368864175","error":""},"_links":{"self":[{"href":"https:\/\/www.europesays.com\/fr\/wp-json\/wp\/v2\/posts\/609135","targetHints":{"allow":["GET"]}}],"collection":[{"href":"https:\/\/www.europesays.com\/fr\/wp-json\/wp\/v2\/posts"}],"about":[{"href":"https:\/\/www.europesays.com\/fr\/wp-json\/wp\/v2\/types\/post"}],"author":[{"embeddable":true,"href":"https:\/\/www.europesays.com\/fr\/wp-json\/wp\/v2\/users\/2"}],"replies":[{"embeddable":true,"href":"https:\/\/www.europesays.com\/fr\/wp-json\/wp\/v2\/comments?post=609135"}],"version-history":[{"count":0,"href":"https:\/\/www.europesays.com\/fr\/wp-json\/wp\/v2\/posts\/609135\/revisions"}],"wp:featuredmedia":[{"embeddable":true,"href":"https:\/\/www.europesays.com\/fr\/wp-json\/wp\/v2\/media\/609136"}],"wp:attachment":[{"href":"https:\/\/www.europesays.com\/fr\/wp-json\/wp\/v2\/media?parent=609135"}],"wp:term":[{"taxonomy":"category","embeddable":true,"href":"https:\/\/www.europesays.com\/fr\/wp-json\/wp\/v2\/categories?post=609135"},{"taxonomy":"post_tag","embeddable":true,"href":"https:\/\/www.europesays.com\/fr\/wp-json\/wp\/v2\/tags?post=609135"}],"curies":[{"name":"wp","href":"https:\/\/api.w.org\/{rel}","templated":true}]}}