{"id":609137,"date":"2025-12-19T08:32:12","date_gmt":"2025-12-19T08:32:12","guid":{"rendered":"https:\/\/www.europesays.com\/fr\/609137\/"},"modified":"2025-12-19T08:32:12","modified_gmt":"2025-12-19T08:32:12","slug":"marseille-ces-stations-de-la-rtm-vont-changer-de-nom-en-2026-voici-lesquelles","status":"publish","type":"post","link":"https:\/\/www.europesays.com\/fr\/609137\/","title":{"rendered":"Marseille. Ces stations de la RTM vont changer de nom en 2026, voici lesquelles"},"content":{"rendered":"<p>                    Par<br \/>\n        <strong><br \/>\n            <a href=\"https:\/\/actu.fr\/auteur\/thibault-nadal-actu-fr\" title=\"Consulter tous les articles de Thibault Nadal\" target=\"_blank\" rel=\"noopener\">Thibault Nadal<\/a><br \/>\n                    <\/strong><\/p>\n<p>        Publi\u00e9 le<\/p>\n<p>            19 d\u00e9c. 2025 \u00e0 9h24        <\/p>\n<p><strong>INFO ACTU MARSEILLE<\/strong>. Il faudra se montrer vigilant au moment de prendre le tramway en 2026. Pour cette nouvelle ann\u00e9e, <a href=\"https:\/\/actu.fr\/tag\/rtm\" target=\"_blank\" rel=\"noopener\">la R\u00e9gie m\u00e9tropolitaine des transports<\/a> a d\u00e9cid\u00e9 d\u2019op\u00e9rer des changements et pas seulement avec <a href=\"https:\/\/actu.fr\/provence-alpes-cote-d-azur\/marseille_13055\/rtm-a-marseille-le-tramway-t3-prolonge-au-sud-et-au-nord-on-connait-la-date-du-lancement_63551946.html\" target=\"_blank\" rel=\"noopener\">l\u2019extension du T3 vers G\u00e8ze au Nord et La Gaye au Sud<\/a> de <a href=\"https:\/\/actu.fr\/marseille\/\" target=\"_blank\" rel=\"noopener\">Marseille<\/a>. D\u00e8s le mois de janvier, <strong>plusieurs stations du r\u00e9seau vont changer de nom,<\/strong> selon nos informations, confirm\u00e9es par la RTM. Voici lesquelles.<\/p>\n<p>Cinq stations concern\u00e9es<\/p>\n<p class=\" wall-content\">Pour justifier ce choix, la RTM avance des questions de <strong>\u00ab\u2009lisibilit\u00e9 et de coh\u00e9rence avec les autres modes de transports\u2009\u00bb<\/strong>. Au total, ce sont cinq stations, toutes sur le T2 et le T3.<\/p>\n<p class=\" wall-content\"><strong>Voici la liste des stations qui changent de nom<\/strong>\u2009:<\/p>\n<ul class=\" wall-content\">\n<li><strong>Longchamp (T2) devient Palais Longchamp<\/strong> pour \u00ab\u2009diff\u00e9rencier la station de Longchamp National et de mettre en valeur un site patrimonial et culturel majeur\u2009\u00bb.<\/li>\n<li><strong>National (T2) devient Longchamp National<\/strong> \u00ab\u2009permet de distinguer clairement cette station de la station National du M2, situ\u00e9e \u00e0 2,1 kilom\u00e8tres\u2009\u00bb.<\/li>\n<li><strong>Canebi\u00e8re Garibaldi (T2) devient Noaille<\/strong>s pour \u00ab\u2009s\u2019aligner avec les arr\u00eats et stations existants (M2, T1 et 81)\u2009\u00bb.<\/li>\n<li><strong>Eurom\u00e9diterrann\u00e9e Gant\u00e8s (T2 et T3) devient Eurom\u00e9diterrann\u00e9e Le Silo<\/strong>,<\/li>\n<li><strong>Arenc Le Silo (T2 et T3) devient Arenc Eurom\u00e9diterrann\u00e9e<\/strong> afin d\u2019avoir une meilleure \u00ab\u2009coh\u00e9rence avec les noms d\u00e9j\u00e0 utilis\u00e9s avec les autres modes de transports du p\u00f4le d\u2019\u00e9change\u2009\u00bb.<\/li>\n<\/ul>\n<p class=\" wall-content\">Pour le moment, aucun calendrier n\u2019a \u00e9t\u00e9 arr\u00eat\u00e9 concernant le changement exact. Mais il devrait intervenir dans le courant du mois de janvier, nous indique la RTM.<\/p>\n<p class=\" wall-content\">Personnalisez votre actualit\u00e9 en ajoutant vos villes et m\u00e9dias en favori avec <a href=\"https:\/\/moncompte.actu.fr\" title=\"D\u00e9couvez Mon Actu\" rel=\"nofollow noopener\" data-trk=\"{&quot;cta&quot;:{&quot;action&quot;:&quot;https:\\\/\\\/moncompte.actu.fr&quot;,&quot;category&quot;:&quot;mon compte&quot;,&quot;from&quot;:&quot;article footer&quot;,&quot;name&quot;:&quot;Mon actu&quot;,&quot;type&quot;:&quot;cta&quot;}}\" target=\"_blank\">Mon Actu<\/a>.<\/p>\n","protected":false},"excerpt":{"rendered":"Par Thibault Nadal Publi\u00e9 le 19 d\u00e9c. 2025 \u00e0 9h24 INFO ACTU MARSEILLE. Il faudra se montrer vigilant&hellip;\n","protected":false},"author":2,"featured_media":595156,"comment_status":"","ping_status":"","sticky":false,"template":"","format":"standard","meta":{"footnotes":""},"categories":[2814],"tags":[1111,11,1777,674,1011,27,884,12,882,25,10783,104,2803],"class_list":{"0":"post-609137","1":"post","2":"type-post","3":"status-publish","4":"format-standard","5":"has-post-thumbnail","7":"category-marseille","8":"tag-actu","9":"tag-actualites","10":"tag-eu","11":"tag-europe","12":"tag-fr","13":"tag-france","14":"tag-marseille","15":"tag-news","16":"tag-provence-alpes-cote-dazur","17":"tag-republique-francaise","18":"tag-rtm","19":"tag-societe","20":"tag-transport"},"share_on_mastodon":{"url":"https:\/\/pubeurope.com\/@fr\/115745308401001206","error":""},"_links":{"self":[{"href":"https:\/\/www.europesays.com\/fr\/wp-json\/wp\/v2\/posts\/609137","targetHints":{"allow":["GET"]}}],"collection":[{"href":"https:\/\/www.europesays.com\/fr\/wp-json\/wp\/v2\/posts"}],"about":[{"href":"https:\/\/www.europesays.com\/fr\/wp-json\/wp\/v2\/types\/post"}],"author":[{"embeddable":true,"href":"https:\/\/www.europesays.com\/fr\/wp-json\/wp\/v2\/users\/2"}],"replies":[{"embeddable":true,"href":"https:\/\/www.europesays.com\/fr\/wp-json\/wp\/v2\/comments?post=609137"}],"version-history":[{"count":0,"href":"https:\/\/www.europesays.com\/fr\/wp-json\/wp\/v2\/posts\/609137\/revisions"}],"wp:featuredmedia":[{"embeddable":true,"href":"https:\/\/www.europesays.com\/fr\/wp-json\/wp\/v2\/media\/595156"}],"wp:attachment":[{"href":"https:\/\/www.europesays.com\/fr\/wp-json\/wp\/v2\/media?parent=609137"}],"wp:term":[{"taxonomy":"category","embeddable":true,"href":"https:\/\/www.europesays.com\/fr\/wp-json\/wp\/v2\/categories?post=609137"},{"taxonomy":"post_tag","embeddable":true,"href":"https:\/\/www.europesays.com\/fr\/wp-json\/wp\/v2\/tags?post=609137"}],"curies":[{"name":"wp","href":"https:\/\/api.w.org\/{rel}","templated":true}]}}