{"id":609138,"date":"2025-12-19T08:33:13","date_gmt":"2025-12-19T08:33:13","guid":{"rendered":"https:\/\/www.europesays.com\/fr\/609138\/"},"modified":"2025-12-19T08:33:13","modified_gmt":"2025-12-19T08:33:13","slug":"lyon-deux-supermarches-lyonnais-mettent-en-place-la-location-dobjets-du-quotidien","status":"publish","type":"post","link":"https:\/\/www.europesays.com\/fr\/609138\/","title":{"rendered":"Lyon. Deux supermarch\u00e9s lyonnais mettent en place la location d\u2019objets du quotidien"},"content":{"rendered":"<p>Les chiffres ne mentent pas.<\/p>\n<p>\u00ab\u00a0On ne s\u2019appauvrit pas. Mais pour la premi\u00e8re fois depuis 1945, en 15 ans, le niveau de vie des Fran\u00e7ais n\u2019a pas augment\u00e9\u00a0\u00bb, soulignait Antoine Foucher, pr\u00e9sident du cabinet de conseil Quintet, sur LCI en novembre dernier.<\/p>\n<p>C\u2019est alors que des innovations voient le jour, afin de soutenir le pouvoir d\u2019achat des Fran\u00e7ais. La cha\u00eene de supermarch\u00e9s Carrefour s\u2019associe \u00e0 l\u2019application Poppins, cofond\u00e9e par Lucie Basch \u2013 aussi \u00e0 l\u2019origine de Too Good To Go &#8211; afin d\u2019exp\u00e9rimenter la location d\u2019objets du quotidien.<\/p>\n<p>  Jusqu\u2019\u00e0 90\u00a0% d\u2019\u00e9conomie<\/p>\n<p>Ce service in\u00e9dit permet \u00e0 chaque client de louer directement aupr\u00e8s de l\u2019un des magasins participants plusieurs types d\u2019\u00e9quipements ou mat\u00e9riels.<\/p>\n<p>Cette initiative veut proposer une nouvelle mani\u00e8re de consommer, plus durable et plus \u00e9conomique sans perdre en fonctionnalit\u00e9. Chaque magasin proposera jusqu\u2019\u00e0 15 objets diff\u00e9rents balayant l\u2019univers du bricolage, en passant par celui de la cuisine et de l\u2019\u00e9v\u00e9nementiel. Le tout propos\u00e9 \u00e0 des prix entre 6\u00a0\u20ac par jour pour un extracteur \u00e0 jus et 35\u00a0\u20ac pour une tireuse \u00e0 bi\u00e8re. Cela repr\u00e9senterait une \u00e9conomie de plus de 90\u00a0% par rapport \u00e0 un achat selon <a href=\"https:\/\/www.leprogres.fr\/societe\/2025\/12\/12\/pour-le-bonheur-de-son-employeur-leonie-caissiere-a-carrefour-devenue-star-de-tiktok\" target=\"_blank\" rel=\"noopener\">Carrefour<\/a>.<\/p>\n<p>D\u00e9j\u00e0 test\u00e9s dans douze magasins \u00e0 l\u2019\u00e9chelle nationale, les Carrefour City Pierre Corneille (6e) et Lyon Vitton 6, proposent d\u2019ores et d\u00e9j\u00e0 une location d\u2019objets comprenant un nettoyeur haute pression\u00a0; une plancha g\u00e9ante\u00a0; une machine \u00e0 gla\u00e7ons\u00a0; un croque-gaufres\u00a0; une enceinte sono\u00a0; un vid\u00e9oprojecteur\u00a0; une perceuse sans fil\u00a0; une shampouineuse\u00a0; et un aspirateur de la marque K\u00e4rcher. \u00ab\u00a0Nous voulons proposer \u00e0 nos clients une nouvelle mani\u00e8re de consommer\u00a0: plus \u00e9conomique, plus pratique et plus durable. Cette exp\u00e9rimentation avec Poppins nous permet de franchir une nouvelle \u00e9tape pour acc\u00e9l\u00e9rer la circularit\u00e9 de nos magasins\u00a0\u00bb, indique Bertrand Swiderski, Directeur RSE du Groupe Carrefour, dans un communiqu\u00e9 de presse.<\/p>\n","protected":false},"excerpt":{"rendered":"Les chiffres ne mentent pas. \u00ab\u00a0On ne s\u2019appauvrit pas. Mais pour la premi\u00e8re fois depuis 1945, en 15&hellip;\n","protected":false},"author":2,"featured_media":609139,"comment_status":"","ping_status":"","sticky":false,"template":"","format":"standard","meta":{"footnotes":""},"categories":[1889],"tags":[1111,11,2430,4523,130,33,2757,1777,674,1011,27,5015,2428,2756,12,25,2429,104,216],"class_list":{"0":"post-609138","1":"post","2":"type-post","3":"status-publish","4":"format-standard","5":"has-post-thumbnail","7":"category-lyon","8":"tag-actu","9":"tag-actualites","10":"tag-auvergne-rhone-alpes","11":"tag-conseils-pratiques","12":"tag-consommation","13":"tag-economie","14":"tag-edition-lyon-villeurbanne","15":"tag-eu","16":"tag-europe","17":"tag-fr","18":"tag-france","19":"tag-innovation-et-start-up","20":"tag-lyon","21":"tag-lyon-bassin","22":"tag-news","23":"tag-republique-francaise","24":"tag-rhone","25":"tag-societe","26":"tag-vie-des-entreprises"},"share_on_mastodon":{"url":"https:\/\/pubeurope.com\/@fr\/115745312259942058","error":""},"_links":{"self":[{"href":"https:\/\/www.europesays.com\/fr\/wp-json\/wp\/v2\/posts\/609138","targetHints":{"allow":["GET"]}}],"collection":[{"href":"https:\/\/www.europesays.com\/fr\/wp-json\/wp\/v2\/posts"}],"about":[{"href":"https:\/\/www.europesays.com\/fr\/wp-json\/wp\/v2\/types\/post"}],"author":[{"embeddable":true,"href":"https:\/\/www.europesays.com\/fr\/wp-json\/wp\/v2\/users\/2"}],"replies":[{"embeddable":true,"href":"https:\/\/www.europesays.com\/fr\/wp-json\/wp\/v2\/comments?post=609138"}],"version-history":[{"count":0,"href":"https:\/\/www.europesays.com\/fr\/wp-json\/wp\/v2\/posts\/609138\/revisions"}],"wp:featuredmedia":[{"embeddable":true,"href":"https:\/\/www.europesays.com\/fr\/wp-json\/wp\/v2\/media\/609139"}],"wp:attachment":[{"href":"https:\/\/www.europesays.com\/fr\/wp-json\/wp\/v2\/media?parent=609138"}],"wp:term":[{"taxonomy":"category","embeddable":true,"href":"https:\/\/www.europesays.com\/fr\/wp-json\/wp\/v2\/categories?post=609138"},{"taxonomy":"post_tag","embeddable":true,"href":"https:\/\/www.europesays.com\/fr\/wp-json\/wp\/v2\/tags?post=609138"}],"curies":[{"name":"wp","href":"https:\/\/api.w.org\/{rel}","templated":true}]}}