{"id":609150,"date":"2025-12-19T08:42:14","date_gmt":"2025-12-19T08:42:14","guid":{"rendered":"https:\/\/www.europesays.com\/fr\/609150\/"},"modified":"2025-12-19T08:42:14","modified_gmt":"2025-12-19T08:42:14","slug":"direct-guerre-en-ukraine-donald-trump-economie-vladimir-poutine-sexprime-dans-une-conference-de-presse-pour-faire-le-bilan-de-lannee","status":"publish","type":"post","link":"https:\/\/www.europesays.com\/fr\/609150\/","title":{"rendered":"DIRECT. Guerre en Ukraine, Donald Trump, \u00e9conomie&#8230; Vladimir Poutine s&rsquo;exprime dans une conf\u00e9rence de presse pour faire \u00ab\u00a0le bilan de l&rsquo;ann\u00e9e\u00a0\u00bb"},"content":{"rendered":"<p>Aujourd&rsquo;hui \u00e0 09h12<\/p>\n<p>Vladimir Poutine estime que les dirigeants europ\u00e9ens sont de \u00ab\u00a0jeunes porcs\u00a0\u00bb qui cherchent \u00e0 \u00ab\u00a0se venger\u00a0\u00bb de la Russie<\/p>\n<p>Ce mercredi, <a href=\"https:\/\/www.bfmtv.com\/international\/asie\/russie\/de-jeunes-porcs-vladimir-poutine-affirme-que-les-dirigeants-europeens-cherchent-a-se-venger-de-la-russie_AV-202512170947.html\" title=\"De &quot;jeunes porcs&quot;: Vladimir Poutine affirme que les dirigeants europ\u00e9ens cherchent \u00e0 &quot;se venger&quot; de la Russie\" class=\"internal_link\" target=\"_blank\" rel=\"noopener\">Vladimir Poutine a qualifi\u00e9 de \u00ab\u00a0jeunes porcs\u00a0\u00bb les dirigeants europ\u00e9ens.<\/a><\/p>\n<blockquote class=\"embed embed_quote\"><p>\u00ab\u00a0Ils se sont imm\u00e9diatement joints aux efforts de l&rsquo;ancienne administration am\u00e9ricaine cherchant \u00e0 tirer profit de l&rsquo;effondrement de notre pays\u00a0\u00bb, a lanc\u00e9 le pr\u00e9sident russe lors d&rsquo;une r\u00e9union avec le minist\u00e8re russe de la D\u00e9fense.<\/p><\/blockquote>\n<p>Durant cette prise de parole, le ma\u00eetre du Kremlin a r\u00e9p\u00e9t\u00e9 que la Russie atteindrait \u00ab\u00a0sans aucun doute\u00a0\u00bb ses objectifs en Ukraine par des moyens diplomatiques ou militaires. \u00ab\u00a0Nous pr\u00e9f\u00e9rerions le faire et traiter les causes profondes du conflit par la diplomatie\u00a0\u00bb, a-t-il affirm\u00e9.<\/p>\n<p>Aujourd&rsquo;hui \u00e0 09h06<\/p>\n<p>Les n\u00e9gociations sur la guerre en Ukraine se poursuivent<\/p>\n<p>Apr\u00e8s une rencontre entre des responsables ukrainiens, europ\u00e9ens et am\u00e9ricains \u00e0 Berlin, les \u00e9missaires de Moscou et Washington <a href=\"https:\/\/www.bfmtv.com\/international\/europe\/ukraine\/guerre-en-ukraine-des-pourparlers-etats-unis-russie-prevus-a-miami-ce-week-end_AD-202512180195.html\" title=\"Guerre en Ukraine: des pourparlers \u00c9tats-Unis-Russie pr\u00e9vus \u00e0 Miami ce week-end\" class=\"internal_link\" target=\"_blank\" rel=\"noopener\">doivent se rencontrer ce week-end<\/a> \u00e0 Miami, en Floride. <a href=\"https:\/\/www.bfmtv.com\/international\/amerique-nord\/etats-unis\/donald-trump\/donald-trump-demande-a-l-ukraine-de-bouger-rapidement-dans-les-negociations-sur-une-fin-du-conflit_AD-202512180946.html\" title=\"&quot;\u00c0 chaque fois qu&#039;ils prennent trop de temps, la Russie change d&#039;avis&quot;: Donald Trump demande \u00e0 l&#039;Ukraine de &quot;bouger rapidement&quot; dans les n\u00e9gociations\" class=\"internal_link\" target=\"_blank\" rel=\"noopener\">Hier, Donald Trump a demand\u00e9 \u00e0 l&rsquo;Ukraine<\/a> de \u00ab\u00a0bouger rapidement\u00a0\u00bb dans les pourparlers pour trouver une issue \u00e0 la guerre.<\/p>\n<blockquote class=\"embed embed_quote\"><p>\u00ab\u00a0\u00c0 chaque fois qu&rsquo;ils prennent trop de temps, alors la Russie change d&rsquo;avis\u00a0\u00bb, a d\u00e9plor\u00e9 le pr\u00e9sident am\u00e9ricain pendant un \u00e9change avec la presse dans le Bureau ovale.<\/p><\/blockquote>\n<p>Aujourd&rsquo;hui \u00e0 09h00<\/p>\n<p>Une conf\u00e9rence de presse de Vladimir Poutine pour faire \u00ab\u00a0le bilan de l&rsquo;ann\u00e9e\u00a0\u00bb en pleine n\u00e9gociation sur l&rsquo;Ukraine<\/p>\n<p>Bonjour \u00e0 tous et bienvenue sur ce direct consacr\u00e9 \u00e0 la conf\u00e9rence de presse de Vladimir Poutine.<\/p>\n<p>Au cours d&rsquo;une longue prise de parole, <a href=\"https:\/\/www.bfmtv.com\/international\/asie\/russie\/l-an-dernier-elle-avait-dure-4h30-vladimir-poutine-tient-ce-vendredi-sa-conference-de-presse-annuelle-un-exercice-codifie-pour-asseoir-son-role-de-chef_AN-202512190038.html\" title=\"L\u2019an dernier, elle avait dur\u00e9 4h30: Vladimir Poutine tient ce vendredi sa conf\u00e9rence de presse annuelle, un exercice codifi\u00e9 pour &quot;asseoir son r\u00f4le de chef&quot;\" class=\"internal_link\" target=\"_blank\" rel=\"noopener\">qui avait dur\u00e9 plus de 4 heures l&rsquo;an dernier<\/a>, le pr\u00e9sident russe abordera diff\u00e9rentes th\u00e9matiques, comme la guerre en Ukraine alors que des n\u00e9gociations sont toujours en cours pour trouver un accord de paix.<\/p>\n","protected":false},"excerpt":{"rendered":"Aujourd&rsquo;hui \u00e0 09h12 Vladimir Poutine estime que les dirigeants europ\u00e9ens sont de \u00ab\u00a0jeunes porcs\u00a0\u00bb qui cherchent \u00e0 \u00ab\u00a0se&hellip;\n","protected":false},"author":2,"featured_media":609151,"comment_status":"","ping_status":"","sticky":false,"template":"","format":"standard","meta":{"footnotes":""},"categories":[1591],"tags":[11,1887,12,1885,1886,132],"class_list":{"0":"post-609150","1":"post","2":"type-post","3":"status-publish","4":"format-standard","5":"has-post-thumbnail","7":"category-russie","8":"tag-actualites","9":"tag-federation-de-russie","10":"tag-news","11":"tag-russia","12":"tag-russian-federation","13":"tag-russie"},"share_on_mastodon":{"url":"https:\/\/pubeurope.com\/@fr\/115745347743821689","error":""},"_links":{"self":[{"href":"https:\/\/www.europesays.com\/fr\/wp-json\/wp\/v2\/posts\/609150","targetHints":{"allow":["GET"]}}],"collection":[{"href":"https:\/\/www.europesays.com\/fr\/wp-json\/wp\/v2\/posts"}],"about":[{"href":"https:\/\/www.europesays.com\/fr\/wp-json\/wp\/v2\/types\/post"}],"author":[{"embeddable":true,"href":"https:\/\/www.europesays.com\/fr\/wp-json\/wp\/v2\/users\/2"}],"replies":[{"embeddable":true,"href":"https:\/\/www.europesays.com\/fr\/wp-json\/wp\/v2\/comments?post=609150"}],"version-history":[{"count":0,"href":"https:\/\/www.europesays.com\/fr\/wp-json\/wp\/v2\/posts\/609150\/revisions"}],"wp:featuredmedia":[{"embeddable":true,"href":"https:\/\/www.europesays.com\/fr\/wp-json\/wp\/v2\/media\/609151"}],"wp:attachment":[{"href":"https:\/\/www.europesays.com\/fr\/wp-json\/wp\/v2\/media?parent=609150"}],"wp:term":[{"taxonomy":"category","embeddable":true,"href":"https:\/\/www.europesays.com\/fr\/wp-json\/wp\/v2\/categories?post=609150"},{"taxonomy":"post_tag","embeddable":true,"href":"https:\/\/www.europesays.com\/fr\/wp-json\/wp\/v2\/tags?post=609150"}],"curies":[{"name":"wp","href":"https:\/\/api.w.org\/{rel}","templated":true}]}}