{"id":609154,"date":"2025-12-19T08:44:14","date_gmt":"2025-12-19T08:44:14","guid":{"rendered":"https:\/\/www.europesays.com\/fr\/609154\/"},"modified":"2025-12-19T08:44:14","modified_gmt":"2025-12-19T08:44:14","slug":"6-boeing-737-pour-les-reconduites-aux-frontieres-des-usa","status":"publish","type":"post","link":"https:\/\/www.europesays.com\/fr\/609154\/","title":{"rendered":"6 Boeing 737 pour les reconduites aux fronti\u00e8res des USA"},"content":{"rendered":"<p>\t\t\t\t\t\t\t\t<img src=\"data:image\/svg+xml,%3Csvg%20xmlns=\" https:=\"\" class=\"attachment-article size-article wp-post-image\" alt=\"\" decoding=\"async\" fetchpriority=\"high\" data-lazy- data-lazy- data-attachment-id=\"7929526\" data-permalink=\"https:\/\/www.aerobuzz.fr\/breves-transport-aerien\/6-boeing-737-pour-les-reconduites-a-la-frontieres-aux-usa\/attachment\/48205196991_42add588ab_6k\/\" data-orig-file=\"https:\/\/i0.wp.com\/www.aerobuzz.fr\/wp-content\/uploads\/2025\/12\/48205196991_42add588ab_6k.jpg?fit=1000%2C515&amp;ssl=1\" data-orig-size=\"1000,515\" data-comments-opened=\"1\" data-image-meta=\"{&quot;aperture&quot;:&quot;0&quot;,&quot;credit&quot;:&quot;&quot;,&quot;camera&quot;:&quot;&quot;,&quot;caption&quot;:&quot;&quot;,&quot;created_timestamp&quot;:&quot;0&quot;,&quot;copyright&quot;:&quot;&quot;,&quot;focal_length&quot;:&quot;0&quot;,&quot;iso&quot;:&quot;0&quot;,&quot;shutter_speed&quot;:&quot;0&quot;,&quot;title&quot;:&quot;&quot;,&quot;orientation&quot;:&quot;0&quot;}\" data-image-title=\"\" data-image-description=\"\" data-image-caption=\"&lt;p&gt;Les retours \u00e0 la fronti\u00e8re aux USA sont, jusqu\u2019ici effectu\u00e9s par des vols affr\u00e9t\u00e9s sp\u00e9cialement. \u00a9 ICE&lt;\/p&gt;&#10;\" data-medium-file=\"https:\/\/i0.wp.com\/www.aerobuzz.fr\/wp-content\/uploads\/2025\/12\/48205196991_42add588ab_6k.jpg?resize=300%2C155&amp;ssl=1\" data-large-file=\"https:\/\/i0.wp.com\/www.aerobuzz.fr\/wp-content\/uploads\/2025\/12\/48205196991_42add588ab_6k.jpg?resize=600%2C309&amp;ssl=1\" data-lazy-src=\"https:\/\/www.europesays.com\/fr\/wp-content\/uploads\/2025\/12\/48205196991_42add588ab_6k.jpg\"\/>\t\t\t\t\t\t\t<\/p>\n<p>Les retours \u00e0 la fronti\u00e8re aux USA sont, jusqu&rsquo;ici effectu\u00e9s par des vols affr\u00e9t\u00e9s sp\u00e9cialement. \u00a9 ICE<\/p>\n<p>Le Department of Homeland Security (DHS d\u00e9partement de la s\u00e9curit\u00e9 int\u00e9rieure) a \u00e9t\u00e9 autoris\u00e9 par le Congr\u00e8s \u00e0 acqu\u00e9rir 6 Boeing 737 destin\u00e9s \u00e0 \u00eatre exploit\u00e9s par l&rsquo;Immigration and Customs Enforcement (ICE &#8211; r\u00e9pression des douanes et de l&rsquo;immigration) en charge des expulsions du territoire US. <\/p>\n<p>La compagnie Daedalus Aviation a \u00e9t\u00e9 mandat\u00e9e pour acqu\u00e9rir ces six Boeing 737 pour un budget de 140 millions de dollars. Aujourd\u2019hui, c\u2019est la soci\u00e9t\u00e9 Saluts Worldwide Solutions qui assure ces missions avec des appareils affr\u00e9t\u00e9s sp\u00e9cialement. Elle dispose pour cela d\u2019un budget d\u2019environ 1 milliard de dollars pour assurer les \u00ab\u00a0retours volontaires\u00a0\u00bb. En disposant de ses propres avions et selon la porte parole du DHS, l\u2019\u00e9conomie pour le contribuable sera de 279 millions de dollar. L\u2019ONG US, Human Rights First, a d\u00e9nombr\u00e9 plus de 1.700 vols de reconduite aux fronti\u00e8res vers diff\u00e9rents pays depuis le d\u00e9but 2025. <\/p>\n<p>\n\tArticles similaires<\/p>\n","protected":false},"excerpt":{"rendered":"Les retours \u00e0 la fronti\u00e8re aux USA sont, jusqu&rsquo;ici effectu\u00e9s par des vols affr\u00e9t\u00e9s sp\u00e9cialement. \u00a9 ICE Le&hellip;\n","protected":false},"author":2,"featured_media":609155,"comment_status":"","ping_status":"","sticky":false,"template":"","format":"standard","meta":{"footnotes":""},"categories":[1589],"tags":[11,73,1866,12,1864,1865,1863,308],"class_list":{"0":"post-609154","1":"post","2":"type-post","3":"status-publish","4":"format-standard","5":"has-post-thumbnail","7":"category-etats-unis","8":"tag-actualites","9":"tag-etats-unis","10":"tag-etats-unis-damerique","11":"tag-news","12":"tag-united-states","13":"tag-united-states-of-america","14":"tag-us","15":"tag-usa"},"share_on_mastodon":{"url":"https:\/\/pubeurope.com\/@fr\/115745355451456728","error":""},"_links":{"self":[{"href":"https:\/\/www.europesays.com\/fr\/wp-json\/wp\/v2\/posts\/609154","targetHints":{"allow":["GET"]}}],"collection":[{"href":"https:\/\/www.europesays.com\/fr\/wp-json\/wp\/v2\/posts"}],"about":[{"href":"https:\/\/www.europesays.com\/fr\/wp-json\/wp\/v2\/types\/post"}],"author":[{"embeddable":true,"href":"https:\/\/www.europesays.com\/fr\/wp-json\/wp\/v2\/users\/2"}],"replies":[{"embeddable":true,"href":"https:\/\/www.europesays.com\/fr\/wp-json\/wp\/v2\/comments?post=609154"}],"version-history":[{"count":0,"href":"https:\/\/www.europesays.com\/fr\/wp-json\/wp\/v2\/posts\/609154\/revisions"}],"wp:featuredmedia":[{"embeddable":true,"href":"https:\/\/www.europesays.com\/fr\/wp-json\/wp\/v2\/media\/609155"}],"wp:attachment":[{"href":"https:\/\/www.europesays.com\/fr\/wp-json\/wp\/v2\/media?parent=609154"}],"wp:term":[{"taxonomy":"category","embeddable":true,"href":"https:\/\/www.europesays.com\/fr\/wp-json\/wp\/v2\/categories?post=609154"},{"taxonomy":"post_tag","embeddable":true,"href":"https:\/\/www.europesays.com\/fr\/wp-json\/wp\/v2\/tags?post=609154"}],"curies":[{"name":"wp","href":"https:\/\/api.w.org\/{rel}","templated":true}]}}