{"id":609158,"date":"2025-12-19T08:46:16","date_gmt":"2025-12-19T08:46:16","guid":{"rendered":"https:\/\/www.europesays.com\/fr\/609158\/"},"modified":"2025-12-19T08:46:16","modified_gmt":"2025-12-19T08:46:16","slug":"trois-jeunes-interpelles-apres-des-tags-identitaires-pres-de-lyon","status":"publish","type":"post","link":"https:\/\/www.europesays.com\/fr\/609158\/","title":{"rendered":"trois jeunes interpell\u00e9s apr\u00e8s des tags identitaires pr\u00e8s de Lyon"},"content":{"rendered":"<p itemprop=\"description\"><strong>L&rsquo;enqu\u00eate a port\u00e9 ses fruits.<\/strong><\/p>\n<p>Ce jeudi, le parquet de Lyon annonce que trois jeunes \u00e2g\u00e9s de 19 et 20 ans ont \u00e9t\u00e9 d\u00e9f\u00e9r\u00e9s pour \u00eatre poursuivis des chefs de d\u00e9gradations ou d\u00e9t\u00e9riorations du bien d\u2019autrui commises en r\u00e9union, en raison de la race, l\u2019ethnie, la nation ou la religion.<\/p>\n<p>Ils sont soup\u00e7onn\u00e9s d&rsquo;\u00eatre les auteurs des tags identitaires retrouv\u00e9s le 27 septembre dernier sur la fresque en hommage \u00e0 Jos\u00e9phine Baker \u00e0 Mornant.<\/p>\n<p>La fresque, r\u00e9alis\u00e9e par l\u2019artiste \u00c9lodie Iwanski Domaine, rend hommage \u00e0 l\u2019actrice et r\u00e9sistante fran\u00e7aise d\u2019origine am\u00e9ricaine ainsi qu\u2019\u00e0 sa \u00ab\u00a0tribu arc-en-ciel\u00a0\u00bb, ses douze enfants adopt\u00e9s de diff\u00e9rentes origines. Les d\u00e9gradations commises visaient pr\u00e9cis\u00e9ment deux enfants noirs, dont les visages avaient \u00e9t\u00e9 barr\u00e9s d\u2019une croix. Une croix celtique et l\u2019inscription \u00ab\u00a0Mornant c\u2019est l\u2019Allemagne\u00a0\u00bb avaient \u00e9galement \u00e9t\u00e9 tagu\u00e9es \u00e0 proximit\u00e9.<\/p>\n<p>L&rsquo;enqu\u00eate, confi\u00e9e \u00e0 la brigade territoriale de Mornant, permettait de faire le rapprochement avec des faits similaires survenus le 25 mai, indique le parquet. Le trio serait donc derri\u00e8re les deux \u00e9pisodes.<\/p>\n<p>\u00ab\u00a0Le parquet de Lyon requiert leur placement sous contr\u00f4le judiciaire assorti notamment d\u2019une interdiction de para\u00eetre \u00e0 Mornant\u00a0\u00bb, conclut le procureur de la R\u00e9publique.<\/p>\n","protected":false},"excerpt":{"rendered":"L&rsquo;enqu\u00eate a port\u00e9 ses fruits. Ce jeudi, le parquet de Lyon annonce que trois jeunes \u00e2g\u00e9s de 19&hellip;\n","protected":false},"author":2,"featured_media":609159,"comment_status":"","ping_status":"","sticky":false,"template":"","format":"standard","meta":{"footnotes":""},"categories":[1587],"tags":[1111,11,672,2813,2190,1109,1804,251,1805,1112,1803,2811,1777,674,118,1801,1922,1110,1114,2428,2810,12,241,316,1802,2812,517,800],"class_list":{"0":"post-609158","1":"post","2":"type-post","3":"status-publish","4":"format-standard","5":"has-post-thumbnail","7":"category-allemagne","8":"tag-actu","9":"tag-actualites","10":"tag-allemagne","11":"tag-article","12":"tag-asvel","13":"tag-breves","14":"tag-bundesrepublik-deutschland","15":"tag-culture","16":"tag-de","17":"tag-depeches","18":"tag-deutschland","19":"tag-economique","20":"tag-eu","21":"tag-europe","22":"tag-faits-divers","23":"tag-germany","24":"tag-info","25":"tag-informations","26":"tag-infos","27":"tag-lyon","28":"tag-lyonmag","29":"tag-news","30":"tag-ol","31":"tag-politique","32":"tag-republique-federale-dallemagne","33":"tag-sociale","34":"tag-sport","35":"tag-transports"},"share_on_mastodon":{"url":"https:\/\/pubeurope.com\/@fr\/115745363429663182","error":""},"_links":{"self":[{"href":"https:\/\/www.europesays.com\/fr\/wp-json\/wp\/v2\/posts\/609158","targetHints":{"allow":["GET"]}}],"collection":[{"href":"https:\/\/www.europesays.com\/fr\/wp-json\/wp\/v2\/posts"}],"about":[{"href":"https:\/\/www.europesays.com\/fr\/wp-json\/wp\/v2\/types\/post"}],"author":[{"embeddable":true,"href":"https:\/\/www.europesays.com\/fr\/wp-json\/wp\/v2\/users\/2"}],"replies":[{"embeddable":true,"href":"https:\/\/www.europesays.com\/fr\/wp-json\/wp\/v2\/comments?post=609158"}],"version-history":[{"count":0,"href":"https:\/\/www.europesays.com\/fr\/wp-json\/wp\/v2\/posts\/609158\/revisions"}],"wp:featuredmedia":[{"embeddable":true,"href":"https:\/\/www.europesays.com\/fr\/wp-json\/wp\/v2\/media\/609159"}],"wp:attachment":[{"href":"https:\/\/www.europesays.com\/fr\/wp-json\/wp\/v2\/media?parent=609158"}],"wp:term":[{"taxonomy":"category","embeddable":true,"href":"https:\/\/www.europesays.com\/fr\/wp-json\/wp\/v2\/categories?post=609158"},{"taxonomy":"post_tag","embeddable":true,"href":"https:\/\/www.europesays.com\/fr\/wp-json\/wp\/v2\/tags?post=609158"}],"curies":[{"name":"wp","href":"https:\/\/api.w.org\/{rel}","templated":true}]}}