{"id":609160,"date":"2025-12-19T08:47:18","date_gmt":"2025-12-19T08:47:18","guid":{"rendered":"https:\/\/www.europesays.com\/fr\/609160\/"},"modified":"2025-12-19T08:47:18","modified_gmt":"2025-12-19T08:47:18","slug":"byd-prepare-une-voiture-hybride-rechargeable-compacte-pour-leurope","status":"publish","type":"post","link":"https:\/\/www.europesays.com\/fr\/609160\/","title":{"rendered":"BYD pr\u00e9pare une voiture hybride rechargeable compacte pour l&rsquo;Europe"},"content":{"rendered":"<p>BYD pr\u00e9pare une nouvelle \u00e9tape strat\u00e9gique pour le march\u00e9 europ\u00e9en en commen\u00e7ant par le segment des compactes. Au cours de l&rsquo;ann\u00e9e 2026, un nouveau mod\u00e8le hybride rechargeable fera ses d\u00e9buts, se positionnant en dessous de l&rsquo;Atto 2.<\/p>\n<p>La confirmation est venue directement de la vice-pr\u00e9sidente de <a href=\"https:\/\/fr.motor1.com\/byd\/\" data-inline-widget=\"internal-links\" target=\"_blank\" rel=\"noopener\">BYD<\/a>, Stella Li, lors d&rsquo;une interview avec Autocar, pr\u00e9cisant qu&rsquo;il s&rsquo;agit d&rsquo;un projet d\u00e9velopp\u00e9 sp\u00e9cifiquement pour l&rsquo;Europe et non d&rsquo;une simple adaptation d&rsquo;un mod\u00e8le d\u00e9j\u00e0 existant pour le march\u00e9 chinois. Un choix qui marque une avanc\u00e9e suppl\u00e9mentaire dans la strat\u00e9gie de localisation du constructeur.<\/p>\n<p>La plug-in qui manquait<\/p>\n<p>La nouvelle compacte, d\u00e9sign\u00e9e officieusement comme Dolphin G, se placera dans le segment B et repr\u00e9sentera le plus petit mod\u00e8le hybride rechargeable disponible dans la gamme de la marque chinoise, ainsi qu&rsquo;une des plug-in les plus compactes du march\u00e9.<\/p>\n<p>        <img decoding=\"async\" src=\"https:\/\/www.europesays.com\/fr\/wp-content\/uploads\/2025\/04\/16x9-tr.png\" alt=\"BYD Atto 2 DM-i, l'essai routier\" width=\"16\" height=\"9\" loading=\"lazy\"\/><\/p>\n<p>BYD Atto 2 DM-i, l&rsquo;essai sur route<\/p>\n<p>Photo : BYD<\/p>\n<p>Avec une longueur d&rsquo;environ quatre m\u00e8tres et une hauteur d&rsquo;environ 1,5 m\u00e8tre, elle se propose comme une alternative PHEV \u00e0 la Dolphin Surf \u00e9lectrique, misant sur une formule aujourd&rsquo;hui peu explor\u00e9e dans cette cat\u00e9gorie, o\u00f9 dominent les syst\u00e8mes full hybrid pour des raisons de co\u00fbts et d&rsquo;encombrement.<\/p>\n<p>Du point de vue technique, les d\u00e9tails officiels sur cette BYD restent limit\u00e9s, mais l&rsquo;architecture devrait \u00eatre \u00e9troitement li\u00e9e \u00e0 celle de l&rsquo;Atto 2 DM-i, l&rsquo;un des plus petits SUV plug-in du catalogue. Le syst\u00e8me pr\u00e9voit un moteur essence quatre cylindres de 1,5 litre coupl\u00e9 \u00e0 une unit\u00e9 \u00e9lectrique avant, avec la possibilit\u00e9 de fonctionner soit comme hybride en s\u00e9rie, avec le moteur thermique agissant comme g\u00e9n\u00e9rateur, soit comme hybride en parall\u00e8le, en utilisant la combinaison des deux sources d&rsquo;\u00e9nergie.<\/p>\n<p>Sur l&rsquo;Atto 2 DM-i, ce sch\u00e9ma atteint une puissance syst\u00e8me de 212 chevaux, avec une autonomie \u00e9lectrique d&rsquo;environ 90 km. Il est plausible que, pour des raisons d&rsquo;espace, la nouvelle compacte adopte une batterie de capacit\u00e9 inf\u00e9rieure, tout en maintenant une orientation vers l&rsquo;utilisation urbaine et extra-urbaine \u00e0 z\u00e9ro \u00e9mission.<\/p>\n<p>Pour l&rsquo;Europe en Europe<\/p>\n<p>La production pour l&rsquo;Europe pourrait \u00eatre localis\u00e9e dans l&rsquo;usine BYD en Hongrie, qui commencera son activit\u00e9 dans les prochains mois avec la <a href=\"https:\/\/fr.motor1.com\/news\/771559\/dolphin-surf-premiere-byd-produite-europe\/\" data-inline-widget=\"internal-links\" data-type-id=\"0\" data-params=\"%7B%22article_edition_id%22%3A%22771559%22%2C%22section%22%3A%221%22%2C%22alias%22%3A%22dolphin-surf-premiere-byd-produite-europe%22%7D\" target=\"_blank\" rel=\"noopener\">Dolphin Surf<\/a> et l&rsquo;<a href=\"https:\/\/fr.motor1.com\/news\/779521\/byd-atto-2-batterie-plus-grande-autonomie-430-km\/\" data-inline-widget=\"internal-links\" data-type-id=\"0\" data-params=\"%7B%22article_edition_id%22%3A%22779521%22%2C%22section%22%3A%221%22%2C%22alias%22%3A%22byd-atto-2-batterie-plus-grande-autonomie-430-km%22%7D\" target=\"_blank\" rel=\"noopener\">Atto 2<\/a>, avant de s&rsquo;\u00e9tendre progressivement aux nouveaux mod\u00e8les. Une man\u0153uvre qui vise \u00e9galement \u00e0 \u00e9viter les droits de douane qui p\u00e8sent sur les \u00e9lectriques produites en Chine.<\/p>\n<p>        <img decoding=\"async\" src=\"https:\/\/www.europesays.com\/fr\/wp-content\/uploads\/2025\/04\/16x9-tr.png\" alt=\"BYD Seal U DM-i (2025), l'essai sur route\" width=\"16\" height=\"9\" loading=\"lazy\"\/><\/p>\n<p>BYD Seal U DM-i, l&rsquo;un des SUV hybrides rechargeables les plus vendus en Italie<\/p>\n<p>Photo : Motor1.com<\/p>\n<p>La Dolphin G s&rsquo;int\u00e9grera ainsi dans une gamme plug-in de plus en plus diversifi\u00e9e, aux c\u00f4t\u00e9s du Seal U DM-i, Seal 6 DM-i et Atto 2 DM-i, renfor\u00e7ant ainsi la pr\u00e9sence de la marque dans un segment cl\u00e9 pour les volumes europ\u00e9ens, o\u00f9 l&rsquo;hybride rechargeable continue de repr\u00e9senter un compromis concret entre \u00e9lectrification et flexibilit\u00e9 d&rsquo;utilisation.<\/p>\n<p>                                BYD <\/p>\n<ul>\n<li><strong>Make:<\/strong> BYD<\/li>\n<li><strong>Model:<\/strong> <\/li>\n<li><strong>URL:<\/strong><br \/>\n                                        <a href=\"https:\/\/fr.motor1.com\/byd\/atto-2\/\" itemprop=\"url\" target=\"_blank\" rel=\"noopener\"><br \/>\n                                            BYD                                         <\/a>\n                                    <\/li>\n<\/ul>\n<p>                            <a href=\"http:\/\/fr.motor1.com\/photos\/916445\/byd-atto-2-confort-2026\/#8317056_byd-act-2-comfort-2026\" class=\"msnt-photo-thumb-gallery-main-photo-box\" target=\"_blank\" rel=\"noopener\"><\/p>\n<p>                                    <img decoding=\"async\" src=\"https:\/\/www.europesays.com\/fr\/wp-content\/uploads\/2025\/04\/16x9-tr.png\" loading=\"lazy\" alt=\"BYD Act 2 Comfort (2026)\" width=\"16\" height=\"9\"\/><\/p>\n<p>                            <\/a><\/p>\n<p>                                    30                                <\/p>\n","protected":false},"excerpt":{"rendered":"BYD pr\u00e9pare une nouvelle \u00e9tape strat\u00e9gique pour le march\u00e9 europ\u00e9en en commen\u00e7ant par le segment des compactes. Au&hellip;\n","protected":false},"author":2,"featured_media":609161,"comment_status":"","ping_status":"","sticky":false,"template":"","format":"standard","meta":{"footnotes":""},"categories":[1586],"tags":[11,33733,15191,1777,674,1011,27,12,25],"class_list":{"0":"post-609160","1":"post","2":"type-post","3":"status-publish","4":"format-standard","5":"has-post-thumbnail","7":"category-europe","8":"tag-actualites","9":"tag-anticipation","10":"tag-byd","11":"tag-eu","12":"tag-europe","13":"tag-fr","14":"tag-france","15":"tag-news","16":"tag-republique-francaise"},"share_on_mastodon":{"url":"https:\/\/pubeurope.com\/@fr\/115745369078652576","error":""},"_links":{"self":[{"href":"https:\/\/www.europesays.com\/fr\/wp-json\/wp\/v2\/posts\/609160","targetHints":{"allow":["GET"]}}],"collection":[{"href":"https:\/\/www.europesays.com\/fr\/wp-json\/wp\/v2\/posts"}],"about":[{"href":"https:\/\/www.europesays.com\/fr\/wp-json\/wp\/v2\/types\/post"}],"author":[{"embeddable":true,"href":"https:\/\/www.europesays.com\/fr\/wp-json\/wp\/v2\/users\/2"}],"replies":[{"embeddable":true,"href":"https:\/\/www.europesays.com\/fr\/wp-json\/wp\/v2\/comments?post=609160"}],"version-history":[{"count":0,"href":"https:\/\/www.europesays.com\/fr\/wp-json\/wp\/v2\/posts\/609160\/revisions"}],"wp:featuredmedia":[{"embeddable":true,"href":"https:\/\/www.europesays.com\/fr\/wp-json\/wp\/v2\/media\/609161"}],"wp:attachment":[{"href":"https:\/\/www.europesays.com\/fr\/wp-json\/wp\/v2\/media?parent=609160"}],"wp:term":[{"taxonomy":"category","embeddable":true,"href":"https:\/\/www.europesays.com\/fr\/wp-json\/wp\/v2\/categories?post=609160"},{"taxonomy":"post_tag","embeddable":true,"href":"https:\/\/www.europesays.com\/fr\/wp-json\/wp\/v2\/tags?post=609160"}],"curies":[{"name":"wp","href":"https:\/\/api.w.org\/{rel}","templated":true}]}}