{"id":609171,"date":"2025-12-19T08:55:17","date_gmt":"2025-12-19T08:55:17","guid":{"rendered":"https:\/\/www.europesays.com\/fr\/609171\/"},"modified":"2025-12-19T08:55:17","modified_gmt":"2025-12-19T08:55:17","slug":"des-commandes-viennent-de-fabien-galthie-et-de-son-staff-quel-nouveau-role-pour-sebastien-calvet-avec-la-federation","status":"publish","type":"post","link":"https:\/\/www.europesays.com\/fr\/609171\/","title":{"rendered":"\u00ab\u00a0Des commandes viennent de Fabien Galthi\u00e9 et de son staff\u2026\u00a0\u00bb Quel nouveau r\u00f4le pour S\u00e9bastien Calvet avec la F\u00e9d\u00e9ration\u00a0?"},"content":{"rendered":"<p>\n                                                                    l&rsquo;essentiel<br \/>\n                                                                R\u00e9cemment de retour au sein de la F\u00e9d\u00e9ration, S\u00e9bastien Calvet d\u00e9voile les contours de son futur r\u00f4le.\n                            <\/p>\n<p>En janvier, S\u00e9bastien Calvet va devenir entra\u00eeneur de l\u2019\u00e9quipe de France U20 D\u00e9veloppement, avant de devenir manager de l\u2019\u00e9quipe de France U18 en juillet. \u00ab\u00a0Je sors d\u2019un s\u00e9minaire avec les staffs \u00e9quipes de France.\u00a0\u00bb<\/p>\n<p class=\"std-elt__inline\">\n        <strong>\u00c0 lire aussi :<\/strong><br \/>\n        <a href=\"https:\/\/www.ladepeche.fr\/2025\/12\/18\/entretien-le-deuil-nest-pas-fini-le-recit-et-les-premieres-confidences-de-sebastien-calvet-apres-son-depart-du-su-agen-13119604.php\" target=\"_blank\" rel=\"noopener\">ENTRETIEN. \u00ab\u00a0Ce n\u2019est jamais \u00e9vident\u2026\u00a0\u00bb Le r\u00e9cit et les premi\u00e8res confidences de S\u00e9bastien Calvet apr\u00e8s son d\u00e9part du SU Agen<\/a>\n    <\/p>\n<p>\u00ab\u00a0Aujourd\u2019hui, on a des commandes qui viennent de Fabien Galthi\u00e9 et de son staff. Il est clair. On doit \u00eatre meilleurs dans le jeu a\u00e9rien, de transition, de d\u00e9possession, de repossession, comme il appelle\u2026 On doit aussi \u00eatre meilleurs dans le plan de succession pour pouvoir pr\u00e9senter beaucoup plus de profils \u00e0 fort potentiel au poste de pilier.\u00a0\u00bb<\/p>\n<p class=\"std-elt__inline\">\n        <strong>\u00c0 lire aussi :<\/strong><br \/>\n        <a href=\"https:\/\/www.ladepeche.fr\/2025\/12\/18\/pro-d2-le-su-agen-avec-florent-guion-et-jack-maunder-decouvrez-les-compositions-pour-le-match-face-a-aurillac-13119238.php\" target=\"_blank\" rel=\"noopener\">Pro D2\u00a0: le SU Agen avec Florent Guion et Jack Maunder\u2026 D\u00e9couvrez les compositions pour le match face \u00e0 Aurillac<\/a>\n    <\/p>\n<p>\u00ab\u00a0Aujourd\u2019hui, il y a ce projet qui marche depuis l\u2019arriv\u00e9e de Fabien, o\u00f9 il y a une vraie transversalit\u00e9. On va \u00eatre au service de cette transversalit\u00e9, pour qu\u2019on puisse toujours plus acc\u00e9l\u00e9rer le processus pour que les jeunes puissent \u00eatre tr\u00e8s performants\u00a0\u00bb, confie Calvet, avant de poursuivre\u00a0: \u00ab\u00a0Il d\u00e9coule d\u2019en haut des bons de commandes clairs sur lesquels je dois travailler avec les moins de 18 ans.\u00a0\u00bb<\/p>\n<p class=\"std-elt__inline\">\n        <strong>\u00c0 lire aussi :<\/strong><br \/>\n        <a href=\"https:\/\/www.ladepeche.fr\/2025\/12\/18\/entretien-pro-d2-on-aimerait-rester-dans-le-haut-du-tableau-avoue-romeo-gontineac-avant-le-match-daurillac-au-su-agen-13118432.php\" target=\"_blank\" rel=\"noopener\">ENTRETIEN. Pro D2\u00a0: \u00ab\u00a0On aimerait rester dans le haut du tableau\u00a0\u00bb, avoue Rom\u00e9o Gontineac, avant le match d\u2019Aurillac au SU Agen<\/a>\n    <\/p>\n<p>\u00ab\u00a0Je serai coresponsable d\u2019abord, avec Eric Lachaize, et responsable ensuite de la fili\u00e8re. Cela veut dire aussi que notre travail, c\u2019est justement de prendre ces commandes, et de les travailler avec les clubs et les joueurs identifi\u00e9s dans les clubs pour int\u00e9grer les s\u00e9lections.\u00a0\u00bb<\/p>\n<p class=\"std-elt__inline\">\n        <strong>\u00c0 lire aussi :<\/strong><br \/>\n        <a href=\"https:\/\/www.ladepeche.fr\/2025\/12\/18\/pro-d2-le-su-agen-mise-sur-la-continuite-et-le-retour-de-certains-joueurs-pour-conclure-lannee-face-a-aurillac-a-armandie-13118466.php\" target=\"_blank\" rel=\"noopener\">Pro D2\u00a0: le SU Agen mise sur la continuit\u00e9 et le retour de certains joueurs pour conclure l\u2019ann\u00e9e face \u00e0 Aurillac \u00e0 Armandie<\/a>\n    <\/p>\n<p>\u00ab\u00a0Ce sont des \u00e9changes, avec les clubs, tr\u00e8s concrets sur ce qu\u2019on aimerait que l\u2019on travaille au service des \u00e9quipes de France. Quand on prend l\u2019exemple des duels a\u00e9riens, c\u2019est aussi des \u00e9l\u00e9ments que les clubs vont travailler au service de leur \u00e9quipe professionnelle plus tard. Il faut trouver ces terrains d\u2019entente et ces priorit\u00e9s de travail.\u00a0\u00bb<\/p>\n<p class=\"std-elt__inline\">\n        <strong>\u00c0 lire aussi :<\/strong><br \/>\n        <a href=\"https:\/\/www.ladepeche.fr\/2025\/12\/16\/retro-en-fait-je-nai-pas-le-souvenir-dun-match-difficile-en-1989-sublime-revanche-pour-le-su-agen-de-jacques-gratton-13113977.php\" target=\"_blank\" rel=\"noopener\">R\u00c9TRO. \u00ab\u00a0En fait, je n\u2019ai pas le souvenir d\u2019un match difficile\u00a0\u00bb\u00a0: en 1989, sublime revanche pour le SU Agen de Jacques Gratton<\/a>\n    <\/p>\n<p>Les U18 ont aussi \u00e9t\u00e9 marqu\u00e9s par le drame autour de Medhi Narjissi, et Calvet se dit touch\u00e9\u00a0: \u00ab\u00a0J\u2019ai c\u00f4toy\u00e9 Jalil quand j\u2019\u00e9tais acad\u00e9micien. Ce drame a impact\u00e9 le rugby fran\u00e7ais, et par d\u00e9finition plus encore ceux qui sont proches du club d\u2019Agen et de la famille Narjissi. Cela m\u2019impacte.\u00a0\u00bb<\/p>\n","protected":false},"excerpt":{"rendered":"l&rsquo;essentiel R\u00e9cemment de retour au sein de la F\u00e9d\u00e9ration, S\u00e9bastien Calvet d\u00e9voile les contours de son futur r\u00f4le.&hellip;\n","protected":false},"author":2,"featured_media":609172,"comment_status":"","ping_status":"","sticky":false,"template":"","format":"standard","meta":{"footnotes":""},"categories":[1416],"tags":[8837,1011,27,8838,479,1468,68796,517,60,513],"class_list":{"0":"post-609171","1":"post","2":"type-post","3":"status-publish","4":"format-standard","5":"has-post-thumbnail","7":"category-rugby","8":"tag-agen","9":"tag-fr","10":"tag-france","11":"tag-lot-et-garonne","12":"tag-rugby","13":"tag-rugby-football","14":"tag-rugby-u00e0-xv","15":"tag-sport","16":"tag-sports","17":"tag-xv-de-france"},"share_on_mastodon":{"url":"https:\/\/pubeurope.com\/@fr\/115745398746334398","error":""},"_links":{"self":[{"href":"https:\/\/www.europesays.com\/fr\/wp-json\/wp\/v2\/posts\/609171","targetHints":{"allow":["GET"]}}],"collection":[{"href":"https:\/\/www.europesays.com\/fr\/wp-json\/wp\/v2\/posts"}],"about":[{"href":"https:\/\/www.europesays.com\/fr\/wp-json\/wp\/v2\/types\/post"}],"author":[{"embeddable":true,"href":"https:\/\/www.europesays.com\/fr\/wp-json\/wp\/v2\/users\/2"}],"replies":[{"embeddable":true,"href":"https:\/\/www.europesays.com\/fr\/wp-json\/wp\/v2\/comments?post=609171"}],"version-history":[{"count":0,"href":"https:\/\/www.europesays.com\/fr\/wp-json\/wp\/v2\/posts\/609171\/revisions"}],"wp:featuredmedia":[{"embeddable":true,"href":"https:\/\/www.europesays.com\/fr\/wp-json\/wp\/v2\/media\/609172"}],"wp:attachment":[{"href":"https:\/\/www.europesays.com\/fr\/wp-json\/wp\/v2\/media?parent=609171"}],"wp:term":[{"taxonomy":"category","embeddable":true,"href":"https:\/\/www.europesays.com\/fr\/wp-json\/wp\/v2\/categories?post=609171"},{"taxonomy":"post_tag","embeddable":true,"href":"https:\/\/www.europesays.com\/fr\/wp-json\/wp\/v2\/tags?post=609171"}],"curies":[{"name":"wp","href":"https:\/\/api.w.org\/{rel}","templated":true}]}}