{"id":609189,"date":"2025-12-19T09:09:10","date_gmt":"2025-12-19T09:09:10","guid":{"rendered":"https:\/\/www.europesays.com\/fr\/609189\/"},"modified":"2025-12-19T09:09:10","modified_gmt":"2025-12-19T09:09:10","slug":"prendre-son-traitement-a-cette-heure-precise-ameliorerait-la-survie-selon-des-chercheurs","status":"publish","type":"post","link":"https:\/\/www.europesays.com\/fr\/609189\/","title":{"rendered":"prendre son traitement \u00e0 cette heure pr\u00e9cise am\u00e9liorerait la survie, selon des chercheurs"},"content":{"rendered":"<p>Immunoth\u00e9rapie : l\u2019heure qui pourrait changer la survie<\/p>\n<p>Et si l\u2019heure du traitement comptait autant que la mol\u00e9cule ?<br \/>\nDepuis quelques ann\u00e9es, les th\u00e9rapies cibl\u00e9es et<br \/>\nl\u2019<strong>immunoth\u00e9rapie<\/strong> ont am\u00e9lior\u00e9 la survie, y compris<br \/>\ndans des formes avanc\u00e9es. Les soignants parlent d\u00e9sormais de<br \/>\ncombiner les approches, d\u2019adapter les doses, et peut-\u00eatre aussi\u2026<br \/>\nl\u2019horloge. Car une \u00e9tude r\u00e9cente remet sur la table un param\u00e8tre<br \/>\nsimple : le <strong>moment de la journ\u00e9e<\/strong>.<\/p>\n<p>Publi\u00e9e dans la revue Cancer, elle s\u2019int\u00e9resse \u00e0 des patients<br \/>\ntrait\u00e9s par <strong>immunochimioth\u00e9rapie<\/strong> et sugg\u00e8re qu\u2019un<br \/>\ncr\u00e9neau pr\u00e9cis serait associ\u00e9 \u00e0 de meilleures chances. Les<br \/>\nchercheurs ont travaill\u00e9 en conditions r\u00e9elles, avec des donn\u00e9es de<br \/>\nvie courante, et affirment que l\u2019observation reste valable m\u00eame<br \/>\nquand le pronostic de d\u00e9part est mauvais. Le th\u00e8me n\u2019est pas<br \/>\nnouveau, mais il gagne en importance \u00e0 mesure que l\u2019on comprend<br \/>\nmieux l\u2019horloge biologique. Mais quelle heure exactement ?<\/p>\n<p>Avant 15 h : ce que montre l\u2019\u00e9tude sur le cancer du poumon<\/p>\n<p>Dans la revue Cancer, 397 personnes atteintes d\u2019un<br \/>\n<strong>cancer du poumon \u00e0 petites cellules<\/strong>, au stade<br \/>\n\u00e9tendu, ont \u00e9t\u00e9 suivies \u00e0 l\u2019H\u00f4pital Xiangya entre 2019 et 2023.<br \/>\nToutes ont re\u00e7u at\u00e9zolizumab ou durvalumab associ\u00e9s \u00e0 une<br \/>\nchimioth\u00e9rapie. Les r\u00e9sultats ont \u00e9t\u00e9 compar\u00e9s selon l\u2019horaire des<br \/>\n<strong>horaires de perfusion<\/strong>. \u00ab\u00a0L\u2019ajustement du moment de<br \/>\nla perfusion est une intervention simple et facile \u00e0 mettre en<br \/>\n\u0153uvre, applicable dans divers contextes de soins sans frais<br \/>\nsuppl\u00e9mentaires\u00a0\u00bb, a estim\u00e9 le Dr Yongchang Zhang, de l\u2019Universit\u00e9<br \/>\nCentral South, cit\u00e9 par Sant\u00e9 Magazine.<\/p>\n<p>Les patients trait\u00e9s <strong>avant 15 h<\/strong> pr\u00e9sentaient<br \/>\nune <strong>survie sans progression<\/strong> et une <strong>survie<br \/>\nglobale<\/strong> plus longues. Apr\u00e8s ajustement, l\u2019analyse retrouve<br \/>\nune r\u00e9duction de <strong>52 %<\/strong> du risque de progression et<br \/>\nde <strong>63 %<\/strong> du risque de d\u00e9c\u00e8s. Ce signal restait<br \/>\nvisible y compris chez ceux d\u2019embl\u00e9e class\u00e9s \u00e0 plus mauvais<br \/>\npronostic. \u00ab\u00a0Cette \u00e9tude apporte des donn\u00e9es probantes en situation<br \/>\nr\u00e9elle confirmant le b\u00e9n\u00e9fice de survie d\u00a0\u00bbune administration plus<br \/>\npr\u00e9coce d&rsquo;immunochimioth\u00e9rapie chez ces patients\u00a0\u00bb, indiquent les<br \/>\nauteurs.<\/p>\n<p>Rythme circadien et traitement du cancer : pourquoi le matin<br \/>\n?<\/p>\n<p>Les chercheurs avancent une piste : le <strong>rythme<br \/>\ncircadien<\/strong>, cette horloge interne qui synchronise sommeil,<br \/>\nhormones et d\u00e9fenses immunitaires. L\u2019activit\u00e9 du syst\u00e8me<br \/>\nimmunitaire varie au fil des heures et pourrait \u00eatre plus favorable<br \/>\nle matin, ce qui aiderait le corps \u00e0 mieux r\u00e9pondre au traitement.<br \/>\nAjuster l\u2019heure d\u2019une perfusion au moment o\u00f9 les d\u00e9fenses sont au<br \/>\nmieux para\u00eet logique. C\u2019est une explication physiologique<br \/>\ncoh\u00e9rente.<\/p>\n<p>Ce n\u2019est pas une id\u00e9e isol\u00e9e. Pour les scientifiques \u00ab\u00a0ces<br \/>\nr\u00e9sultats contribuent \u00e0 l&rsquo;ensemble croissant de connaissances sur<br \/>\nla pertinence clinique du rythme circadien dans le traitement du<br \/>\ncancer\u00a0\u00bb. D\u2019autres travaux, cliniques ou pr\u00e9cliniques, ont d\u00e9j\u00e0<br \/>\nmontr\u00e9 que l\u2019heure d\u2019administration de certains m\u00e9dicaments peut<br \/>\ninfluencer leur efficacit\u00e9 ou leurs effets secondaires. La<br \/>\n<strong>chronobiologie<\/strong> gagne donc du terrain en<br \/>\ncanc\u00e9rologie.<\/p>\n<p>Faut\u2011il demander un cr\u00e9neau le matin<br \/>\npour son immunoth\u00e9rapie ?<\/p>\n<p>Pas de pr\u00e9cipitation pour autant. Il s\u2019agit d\u2019une \u00e9tude<br \/>\nr\u00e9trospective bas\u00e9e sur des dossiers m\u00e9dicaux, ce qui ne permet pas<br \/>\nde conclure d\u00e9finitivement. Pour les personnes en cours de<br \/>\ntraitement, cette \u00e9tude ne doit rien modifier : les<br \/>\n<strong>horaires de perfusion<\/strong> sont organis\u00e9s selon le<br \/>\nprotocole, la disponibilit\u00e9 des \u00e9quipes et l\u2019\u00e9tat de sant\u00e9. En cas<br \/>\nde doute, le bon r\u00e9flexe consiste \u00e0 en parler \u00e0 son oncologue.<\/p>\n<p>Dans les services, certaines \u00e9quipes pourraient tester des<br \/>\nplannings plus matinaux si cela s\u2019av\u00e8re faisable. Les auteurs<br \/>\nestiment qu\u2019ajuster l\u2019horaire d\u2019un traitement est une mesure simple<br \/>\nqui pourrait \u00eatre envisag\u00e9e si les r\u00e9sultats se confirment. \u00ab\u00a0Cette<br \/>\n\u00e9tude a une application clinique imm\u00e9diate et pourrait transformer<br \/>\nles protocoles de traitement actuels du cancer du poumon \u00e0 petites<br \/>\ncellules\u00a0\u00bb, a indiqu\u00e9 le Dr Yongchang Zhang. Des essais cliniques<br \/>\nplus pouss\u00e9s sont attendus pour confirmer le b\u00e9n\u00e9fice associ\u00e9 \u00e0 une<br \/>\nadministration plus t\u00f4t dans la journ\u00e9e.<\/p>\n","protected":false},"excerpt":{"rendered":"Immunoth\u00e9rapie : l\u2019heure qui pourrait changer la survie Et si l\u2019heure du traitement comptait autant que la mol\u00e9cule&hellip;\n","protected":false},"author":2,"featured_media":609190,"comment_status":"","ping_status":"","sticky":false,"template":"","format":"standard","meta":{"footnotes":""},"categories":[10],"tags":[13041,72039,101,3477,7079,154,1011,27,72,3838,4743,13462,4571,71,15298,3711,40597,227],"class_list":{"0":"post-609189","1":"post","2":"type-post","3":"status-publish","4":"format-standard","5":"has-post-thumbnail","7":"category-sante","8":"tag-a","9":"tag-ameliorerait","10":"tag-cancer","11":"tag-cette","12":"tag-chercheurs","13":"tag-des","14":"tag-fr","15":"tag-france","16":"tag-health","17":"tag-heure","18":"tag-la","19":"tag-precise","20":"tag-prendre","21":"tag-sante","22":"tag-selon","23":"tag-son","24":"tag-survie","25":"tag-traitement"},"share_on_mastodon":{"url":"https:\/\/pubeurope.com\/@fr\/115745453850655205","error":""},"_links":{"self":[{"href":"https:\/\/www.europesays.com\/fr\/wp-json\/wp\/v2\/posts\/609189","targetHints":{"allow":["GET"]}}],"collection":[{"href":"https:\/\/www.europesays.com\/fr\/wp-json\/wp\/v2\/posts"}],"about":[{"href":"https:\/\/www.europesays.com\/fr\/wp-json\/wp\/v2\/types\/post"}],"author":[{"embeddable":true,"href":"https:\/\/www.europesays.com\/fr\/wp-json\/wp\/v2\/users\/2"}],"replies":[{"embeddable":true,"href":"https:\/\/www.europesays.com\/fr\/wp-json\/wp\/v2\/comments?post=609189"}],"version-history":[{"count":0,"href":"https:\/\/www.europesays.com\/fr\/wp-json\/wp\/v2\/posts\/609189\/revisions"}],"wp:featuredmedia":[{"embeddable":true,"href":"https:\/\/www.europesays.com\/fr\/wp-json\/wp\/v2\/media\/609190"}],"wp:attachment":[{"href":"https:\/\/www.europesays.com\/fr\/wp-json\/wp\/v2\/media?parent=609189"}],"wp:term":[{"taxonomy":"category","embeddable":true,"href":"https:\/\/www.europesays.com\/fr\/wp-json\/wp\/v2\/categories?post=609189"},{"taxonomy":"post_tag","embeddable":true,"href":"https:\/\/www.europesays.com\/fr\/wp-json\/wp\/v2\/tags?post=609189"}],"curies":[{"name":"wp","href":"https:\/\/api.w.org\/{rel}","templated":true}]}}