{"id":609193,"date":"2025-12-19T09:11:13","date_gmt":"2025-12-19T09:11:13","guid":{"rendered":"https:\/\/www.europesays.com\/fr\/609193\/"},"modified":"2025-12-19T09:11:13","modified_gmt":"2025-12-19T09:11:13","slug":"cest-comme-un-spectacle-live-assure-magali-ripoll","status":"publish","type":"post","link":"https:\/\/www.europesays.com\/fr\/609193\/","title":{"rendered":"\u00ab\u00a0C\u2019est comme un spectacle live\u00a0\u00bb, assure Magali Ripoll"},"content":{"rendered":"<p>Show must go on. Magali Ripoll sera sur tous les fronts en cette fin d\u2019ann\u00e9e. Outre le prime du 24\u00a0d\u00e9cembre sur <a href=\"https:\/\/www.20minutes.fr\/television\/france_2\/\" class=\"c-link c-link--is-underlined\" target=\"_blank\" rel=\"noopener\">France 2<\/a> de \u00ab\u00a0N\u2019oubliez pas les enfants\u00a0\u00bb, la sp\u00e9ciale de l&rsquo;\u00e9mission \u00ab\u00a0N\u2019oubliez pas les paroles\u00a0\u00bb anim\u00e9e par <a href=\"https:\/\/www.20minutes.fr\/dossier\/nagui\" class=\"c-link c-link--is-underlined\" target=\"_blank\" rel=\"noopener\">Nagui<\/a> dont elle est l\u2019une des voix, l\u2019ex-choriste de Charles Aznavour et de Lorie animera, avec Laurent Luyat, \u00ab\u00a0La meilleure chorale de France\u00a0\u00bb, les vendredis 19 et 26\u00a0d\u00e9cembre \u00e0 21h10, sur <a href=\"https:\/\/www.20minutes.fr\/television\/france3\/\" class=\"c-link c-link--is-underlined\" target=\"_blank\" rel=\"noopener\">France 3<\/a>. \u00ab\u00a020 Minutes\u00a0\u00bb a rencontr\u00e9 ce visage familier de la <a href=\"https:\/\/www.20minutes.fr\/arts-stars\/television\/\" class=\"c-link c-link--is-underlined\" target=\"_blank\" rel=\"noopener\">t\u00e9l\u00e9<\/a>.<\/p>\n<p>Vous allez donner le la \u00e0 \u00ab\u00a0La meilleure chorale de France\u00a0\u00bb aux c\u00f4t\u00e9s de Laurent Luyat, ce vendredi\u2026<\/p>\n<p>Oui, il y a un an, on avait \u00e9t\u00e9 membres du jury de l\u2019\u00e9mission avec Laurent [Luyat]. On s\u2019est rencontr\u00e9 \u00e0 ce moment-l\u00e0, on a bien accroch\u00e9, notamment sur la musique. Il a une grande culture musicale. Lorsque <a href=\"https:\/\/www.20minutes.fr\/arts-stars\/people\/cyril-feraud\/\" class=\"c-link c-link--is-underlined\" target=\"_blank\" rel=\"noopener\">Cyril F\u00e9raud<\/a> a cess\u00e9 de pr\u00e9senter \u00ab\u00a0La meilleure chorale de France\u00a0\u00bb, on nous l\u2019a propos\u00e9 afin de la coanimer. Il y aura le c\u00f4t\u00e9 animateur sans faille de Laurent et moi, qui jouera la carte <a href=\"https:\/\/www.20minutes.fr\/arts-stars\/culture\/musique\/\" class=\"c-link c-link--is-underlined\" target=\"_blank\" rel=\"noopener\">musique<\/a>.<\/p>\n<p>Membre du jury et animatrice, est-ce la m\u00eame musique pour vous\u00a0?<\/p>\n<p>Non, ce n\u2019est pas le m\u00eame job. Il y a moins de pression d\u2019\u00eatre animatrice que membre du jury, car on n\u2019a pas de choix \u00e0 faire. On a juste \u00e0 mettre en lumi\u00e8re les chorales qui participent au concours.<\/p>\n<p>Vous allez donc composer avec moins de pression\u2026<\/p>\n<p>Ce n\u2019est pas la m\u00eame pression. L\u00e0, j\u2019ai d\u00fb ingurgiter la m\u00e9canique de l\u2019\u00e9mission. En tant que membre jury, je ne savais rien. J\u2019\u00e9tais comme une spectatrice, qui r\u00e9agissait \u00e0 chaud. A l\u2019animation, il y a un travail en amont et il faut s\u2019impliquer d\u2019une autre fa\u00e7on. \u00ab\u00a0La meilleure chorale de France\u00a0\u00bb est aussi un spectacle. Avec Laurent [Luyat], on a fonctionn\u00e9 comme si on pr\u00e9sentait un spectacle en live sur sc\u00e8ne. On a tourn\u00e9 dans des conditions live et on s\u2019est donn\u00e9 la r\u00e9plique, comme deux com\u00e9diens.<\/p>\n<p>Quel est votre rapport \u00e0 la chorale\u00a0?<\/p>\n<p>La chorale a \u00e9t\u00e9 ma premi\u00e8re fa\u00e7on d\u2019apprendre la musique. Lorsque j\u2019avais 5 ou 6 ans, j\u2019\u00e9tais inscrite dans un petit conservatoire o\u00f9 j\u2019ai appris le solf\u00e8ge chant\u00e9. On apprenait \u00e0 lire le nom des notes sur les port\u00e9es, et on les chantait en groupe. On se familiarisait ainsi l\u2019oreille avec le son de la note qu\u2019on pronon\u00e7ait, puis, on faisait des harmonies. Aujourd\u2019hui, quand je me produis sur sc\u00e8ne, j\u2019aime transformer la salle en chorale g\u00e9ante.<\/p>\n<p>Comment avez-vous rejoint \u00ab\u00a0N\u2019oubliez pas les paroles\u00a0\u00bb, il y a pr\u00e8s de vingt ans\u00a0?<\/p>\n<p>Avant que France 2 ne lance l\u2019\u00e9mission, un chef d\u2019orchestre que je fr\u00e9quentais occasionnellement a \u00e9t\u00e9 contact\u00e9 pour former un groupe de sept musiciens. Parmi eux, il fallait une chanteuse pour guider les voix f\u00e9minines. J\u2019ai \u00e9t\u00e9 appel\u00e9, j\u2019\u00e9tais alors instrumentiste pour diff\u00e9rents \u00e9v\u00e9nements. En plus de chanter, je pouvais jouer du clavier et de l\u2019accord\u00e9on. C\u2019est ainsi que j\u2019ai rejoint, d\u00e8s son lancement, \u00ab\u00a0N\u2019oubliez pas les paroles\u00a0\u00bb. Au fil dans ann\u00e9es, l\u2019\u00e9quipe s\u2019est agrandie, on est pass\u00e9 de sept \u00e0 seize membres.<\/p>\n<p>Le 31 d\u00e9cembre, vous allez chanter sur sc\u00e8ne\u2026<\/p>\n<p>Je vais faire un petit saut de puce pour la soir\u00e9e du 31\u00a0d\u00e9cembre, o\u00f9 je vais avoir la chance de chanter sur la sc\u00e8ne de la <a href=\"https:\/\/www.20minutes.fr\/paris\/place-concorde\/\" class=\"c-link c-link--is-underlined\" target=\"_blank\" rel=\"noopener\">place de la Concorde<\/a>, \u00e0 Paris, avec une partie la troupe de L\u2019h\u00e9ritage <a href=\"https:\/\/www.20minutes.fr\/dossier\/jean-jacques-goldman\" class=\"c-link c-link--is-underlined\" target=\"_blank\" rel=\"noopener\">Goldman<\/a>. Je fais ma chanteuse, puis je me retire (rires).<\/p>\n<p>Diriez-vous que 2025 \u00e9tait votre ann\u00e9e ?<\/p>\n<p>Tr\u00e8s sinc\u00e8rement, oui\u00a0! C\u2019est une tr\u00e8s belle ann\u00e9e. Si tout s\u2019arr\u00eatait l\u00e0 professionnellement, ce ne serait pas grave. Je suis chanceuse d\u2019avoir eu le parcours de musicienne que j\u2019ai eu. Je n\u2019accompagne plus d\u2019artistes sur sc\u00e8ne aujourd\u2019hui, mais d\u00e8s que j\u2019ai l\u2019impression de stagner, j\u2019ai quand m\u00eame envie qu\u2019on m\u2019appelle pour faire de nouvelles choses. Je suis sans doute un peu hyperactive.<\/p>\n<p>Une ann\u00e9e marqu\u00e9e par le retour d&rsquo;\u00ab\u00a0Intervilles\u00a0\u00bb. Quel bilan tirez-vous de cette saison\u00a0?<\/p>\n<p>C\u2019est une grande victoire, car il y avait beaucoup d\u2019attente. Et puis, les jeunes ont suivi le programme. Le vrai public d&rsquo;\u00ab\u00a0<a href=\"https:\/\/www.20minutes.fr\/arts-stars\/intervilles\/\" class=\"c-link c-link--is-underlined\" target=\"_blank\" rel=\"noopener\">Intervilles<\/a>\u00a0\u00bb, ce sont les enfants. J\u2019\u00e9tais \u00e0 l\u2019aise dans mon r\u00f4le, mais je vais essayer d\u2019apporter quelque chose de diff\u00e9rent pour la saison 2. ll va falloir se renouveler pour s\u00e9duire \u00e0 nouveau.<\/p>\n<p><\/p>\n<p>Quel programme r\u00eaveriez-vous animer\u00a0?<\/p>\n<p>J\u2019aimerais bien travailler sur une \u00e9mission de vari\u00e9t\u00e9 comme on a connu dans les ann\u00e9es 1980-1990. Un programme dans lequel on verrait des stars d\u2019aujourd\u2019hui se pr\u00eater \u00e0 des jeux de r\u00f4le, des sketchs\u2026 J\u2019aime la t\u00e9l\u00e9vision o\u00f9 le public peut d\u00e9couvrir les artistes d\u2019une autre fa\u00e7on.<\/p>\n","protected":false},"excerpt":{"rendered":"Show must go on. Magali Ripoll sera sur tous les fronts en cette fin d\u2019ann\u00e9e. Outre le prime&hellip;\n","protected":false},"author":2,"featured_media":609194,"comment_status":"","ping_status":"","sticky":false,"template":"","format":"standard","meta":{"footnotes":""},"categories":[8],"tags":[251,58,59,1011,27,594,28148,10477,252],"class_list":{"0":"post-609193","1":"post","2":"type-post","3":"status-publish","4":"format-standard","5":"has-post-thumbnail","7":"category-divertissement","8":"tag-culture","9":"tag-divertissement","10":"tag-entertainment","11":"tag-fr","12":"tag-france","13":"tag-france-2","14":"tag-intervilles","15":"tag-nagui","16":"tag-television"},"share_on_mastodon":{"url":"https:\/\/pubeurope.com\/@fr\/115745461830545037","error":""},"_links":{"self":[{"href":"https:\/\/www.europesays.com\/fr\/wp-json\/wp\/v2\/posts\/609193","targetHints":{"allow":["GET"]}}],"collection":[{"href":"https:\/\/www.europesays.com\/fr\/wp-json\/wp\/v2\/posts"}],"about":[{"href":"https:\/\/www.europesays.com\/fr\/wp-json\/wp\/v2\/types\/post"}],"author":[{"embeddable":true,"href":"https:\/\/www.europesays.com\/fr\/wp-json\/wp\/v2\/users\/2"}],"replies":[{"embeddable":true,"href":"https:\/\/www.europesays.com\/fr\/wp-json\/wp\/v2\/comments?post=609193"}],"version-history":[{"count":0,"href":"https:\/\/www.europesays.com\/fr\/wp-json\/wp\/v2\/posts\/609193\/revisions"}],"wp:featuredmedia":[{"embeddable":true,"href":"https:\/\/www.europesays.com\/fr\/wp-json\/wp\/v2\/media\/609194"}],"wp:attachment":[{"href":"https:\/\/www.europesays.com\/fr\/wp-json\/wp\/v2\/media?parent=609193"}],"wp:term":[{"taxonomy":"category","embeddable":true,"href":"https:\/\/www.europesays.com\/fr\/wp-json\/wp\/v2\/categories?post=609193"},{"taxonomy":"post_tag","embeddable":true,"href":"https:\/\/www.europesays.com\/fr\/wp-json\/wp\/v2\/tags?post=609193"}],"curies":[{"name":"wp","href":"https:\/\/api.w.org\/{rel}","templated":true}]}}