{"id":609208,"date":"2025-12-19T09:19:10","date_gmt":"2025-12-19T09:19:10","guid":{"rendered":"https:\/\/www.europesays.com\/fr\/609208\/"},"modified":"2025-12-19T09:19:10","modified_gmt":"2025-12-19T09:19:10","slug":"le-plus-vieux-magasin-de-nancy-ouvert-depuis-1871-va-fermer","status":"publish","type":"post","link":"https:\/\/www.europesays.com\/fr\/609208\/","title":{"rendered":"le plus vieux magasin de Nancy, ouvert depuis 1871, va fermer"},"content":{"rendered":"<p>                    Par<br \/>\n        <strong><br \/>\n            <a href=\"https:\/\/actu.fr\/auteur\/pierre-emile-bouchy-actu-fr\" title=\"Consulter tous les articles de Paul-Emile Bouchy\" target=\"_blank\" rel=\"noopener\">Paul-Emile Bouchy<\/a><br \/>\n                    <\/strong><\/p>\n<p>        Publi\u00e9 le<\/p>\n<p>            19 d\u00e9c. 2025 \u00e0 9h41        <\/p>\n<p>Depuis 1871, <strong>le magasin de musique Dupont-Metzner<\/strong> est ouvert \u00e0 deux pas de la <a href=\"https:\/\/actu.fr\/tag\/place-stanislas\" target=\"_blank\" rel=\"noopener\">place Stanislas<\/a>, rue Gambetta \u00e0 <a href=\"https:\/\/actu.fr\/grand-est\/nancy_54395\" target=\"_blank\" rel=\"noopener\">Nancy<\/a> (Meurthe-et-Moselle). Les portes de ce commerce ont \u00e9t\u00e9 franchies par des g\u00e9n\u00e9rations de musiciens qui y ont, souvent, achet\u00e9 leur premier instrument.<\/p>\n<p class=\" wall-content\">Le 14\u00a0janvier 2026, c\u2019est une page de l\u2019activit\u00e9 commerciale nanc\u00e9ienne qui va se tourner. <strong>Le magasin va fermer ses portes apr\u00e8s plus d\u2019un si\u00e8cle et demi d\u2019existence<\/strong>. Son directeur Jean-Claude Duval nous explique ce qui l\u2019a conduit \u00e0 prendre cette d\u00e9cision.<\/p>\n<p>Une lutte impossible contre les prix pratiqu\u00e9s sur internet<\/p>\n<p class=\" wall-content\">Le directeur du magasin a constat\u00e9 <a href=\"https:\/\/actu.fr\/grand-est\/nancy_54395\" target=\"_blank\" rel=\"noopener\">une v\u00e9ritable \u00ab\u2009mutation commerciale\u2009\u00bb<\/a> \u00e0 la suite de la pand\u00e9mie de <a href=\"https:\/\/actu.fr\/coronavirus\" target=\"_blank\" rel=\"noopener\">Covid-19<\/a>\u2009: \u00ab<strong>\u2009Les clients ont pris d\u2019autres habitudes d\u2019achats et se sont tourn\u00e9s vers internet.<\/strong> On a eu une baisse de 50\u2009% de notre chiffre d\u2019affaires depuis cette p\u00e9riode.\u2009\u00bb<\/p>\n<p class=\" wall-content\">\u00ab<strong>\u2009Sur les sites de vente en ligne, le m\u00eame piano est parfois vendu 30\u2009% moins cher qu\u2019en magasin.<\/strong> Les gens nous montrent le prix mais nous, on ne peut pas s\u2019aligner avec la concurrence d\u2019internet. Tous mes coll\u00e8gues en France rencontrent le m\u00eame probl\u00e8me.[\u2026] <strong>La vente sur internet tue tous les commerces<\/strong>\u2009\u00bb, explique Jean-Claude Duval.<\/p>\n<p>\u00ab\u00a0Une fermeture volontaire avant que la situation ne soit trop grave\u00a0\u00bb<\/p>\n<p class=\" wall-content\">Si cela n\u2019est pas la cause principale de la fin de l\u2019activit\u00e9, les travaux de <a href=\"https:\/\/actu.fr\/grand-est\/nancy_54395\/pietonnisation-du-centre-ville-de-nancy-voici-les-rues-ou-la-voiture-est-desormais-interdite_53886310.html\" target=\"_blank\" rel=\"noopener\">pi\u00e9tonnisation de la rue<\/a> n\u2019ont, selon lui, pas facilit\u00e9 les choses\u2009: \u00ab<strong>\u2009Avant, les gens passaient en voiture et voyaient la vitrine. Aujourd\u2019hui, ce n\u2019est plus le cas.<\/strong> Certains clients ne savent pas qu\u2019ils peuvent aussi venir pour pouvoir charger leur instrument dans leur v\u00e9hicule.\u2009\u00bb<\/p>\n<blockquote class=\"ac-article-quote wall-content\">\n<p>C&rsquo;est une fermeture volontaire avant que la situation ne soit trop grave. On a pris cette d\u00e9cision en juin quand on a compris que c&rsquo;\u00e9tait irr\u00e9versible. Ce n&rsquo;\u00e9tait pas simple mais j&rsquo;ai \u00e9t\u00e9 soulag\u00e9 de prendre cette d\u00e9cision.<\/p>\n<p>    <strong>Jean-Claude Duval<\/strong><br \/>\n        Directeur du magasin Dupont-Metzner \u00e0 Nancy    <\/p><\/blockquote>\n<p>Votre r\u00e9gion, votre actu !<\/p>\n<p>Recevez chaque jour les infos qui comptent pour vous.<\/p>\n<p>\t<a href=\"https:\/\/actu.fr\/newsletter\" class=\"ac-btn ac-btn--corner ac-btn--medium ac-btn--blue800\" target=\"_blank\" rel=\"noopener\">S&rsquo;incrire<\/a><br \/>\n\u00ab\u2009Je venais avec plaisir travailler tous les matins sauf ces derniers temps\u2009\u00bb<\/p>\n<p class=\" wall-content\">Pour le directeur, ce magasin fait enti\u00e8rement partie de sa vie. \u00ab\u2009Je suis arriv\u00e9 ici en 1972 comme directeur commercial un peu par hasard. Le magasin vendait 15 pianos par an et moi, je faisais ce chiffre en un mois, sourit-il. <strong>J\u2019ai vendu des milliers de pianos dans ma vie.<\/strong>\u2009\u00bb<\/p>\n<p class=\" wall-content\">\u00c2g\u00e9 de 76\u00a0ans, il n\u2019avait pas pris sa retraite\u2009: \u00ab\u2009Je venais avec plaisir travailler tous les matins, sauf ces derniers temps.\u2009\u00bb<\/p>\n<p class=\" wall-content\">Depuis l\u2019annonce de la fermeture, il a re\u00e7u <strong>beaucoup de messages touchants<\/strong>\u2009: \u00ab\u2009Les gens viennent, me glissent un mot. Certains m\u2019embrassent.\u2009\u00bb<\/p>\n<blockquote class=\"tiktok-embed\" cite=\"https:\/\/www.tiktok.com\/@lorraine.actu\/video\/7585263446707522838\" data-video-id=\"7585263446707522838\" data-embed-from=\"oembed\" style=\"max-width:605px; min-width:325px;\"><p>\n<a target=\"_blank\" title=\"@lorraine.actu\" href=\"https:\/\/www.tiktok.com\/@lorraine.actu?refer=embed\" rel=\"noopener\">@lorraine.actu<\/a> <\/p>\n<p>Depuis 1871, le magasin de musique Dupont-Metzner est ouvert \u00e0 deux pas de la place Stanislas, rue Gambetta \u00e0 Nancy (Meurthe-et-Moselle). Les portes de ce commerce ont \u00e9t\u00e9 franchies par des g\u00e9n\u00e9rations de musiciens qui y ont, souvent, achet\u00e9 leur premier instrument. Le 14\u00a0janvier 2026, c\u2019est une page de l\u2019activit\u00e9 commerciale nanc\u00e9ienne qui va se tourner. Le magasin va fermer ses portes apr\u00e8s plus d\u2019un si\u00e8cle et demi d\u2019existence. Son directeur Jean-Claude Duval nous explique ce qui l\u2019a conduit \u00e0 prendre cette d\u00e9cision. Le directeur du magasin a constat\u00e9 une v\u00e9ritable \u00ab\u2009mutation commerciale\u2009\u00bb \u00e0 la suite de la pand\u00e9mie de Covid-19\u2009: \u00ab\u2009Les clients ont pris d\u2019autres habitudes d\u2019achats et se sont tourn\u00e9s vers internet. On a eu une baisse de 50\u2009% de notre chiffre d\u2019affaires depuis cette p\u00e9riode.\u2009\u00bb \u00ab\u2009Sur les sites de vente en ligne, le m\u00eame piano est parfois vendu 30\u2009% moins cher qu\u2019en magasin. Les gens nous montrent le prix mais nous, on ne peut pas s\u2019aligner avec la concurrence d\u2019internet. Tous mes coll\u00e8gues en France rencontrent le m\u00eame probl\u00e8me\u2009\u00bb, explique Jean-Claude Duval. Si cela n\u2019est pas la cause principale de la fin de l\u2019activit\u00e9, les travaux de pi\u00e9tonnisation de la rue n\u2019ont, selon lui, pas facilit\u00e9 les choses\u2009: \u00ab\u2009Avant, les gens passaient en voiture et voyaient la vitrine. Aujourd\u2019hui, ce n\u2019est plus le cas. Certains clients ne savent pas qu\u2019ils peuvent aussi venir pour pouvoir charger leur instrument dans leur v\u00e9hicule.\u2009\u00bb Pour le directeur, ce magasin fait enti\u00e8rement partie de sa vie. \u00ab\u2009Je suis arriv\u00e9 ici en 1972 comme directeur commercial un peu par hasard. Le magasin vendait 15 pianos par an et moi, je faisais ce chiffre en un mois, sourit-il. J\u2019ai vendu des milliers de pianos dans ma vie.\u2009\u00bb \u00c2g\u00e9 de 76\u00a0ans, il n\u2019avait pas pris sa retraite\u2009: \u00ab\u2009Je venais avec plaisir travailler tous les matins, sauf ces derniers temps.\u2009\u00bb Depuis l\u2019annonce de la fermeture, il a re\u00e7u beaucoup de messages touchants\u2009: \u00ab\u2009Les gens viennent, me glissent un mot. Certains m\u2019embrassent.\u2009\u00bb Depuis ce mardi 16\u00a0d\u00e9cembre, le magasin est en liquidation et vend donc tous ses stocks \u00e0 -40\u2009%. \u00ab\u2009On a eu \u00e9norm\u00e9ment de monde. Il y avait m\u00eame une file d\u2019attente en dehors du magasin mardi matin. Tous les pianos et les guitares \u00e9lectriques sont partis en deux jours\u2009\u00bb, ajoute M.Duval. Si la plupart des instruments ont d\u00e9j\u00e0 \u00e9t\u00e9 achet\u00e9s, il est toujours possible d\u2019acheter des accessoires, des accessoires et des partitions. <a title=\"nancy\" target=\"_blank\" href=\"https:\/\/www.tiktok.com\/tag\/nancy?refer=embed\" rel=\"noopener\">#nancy<\/a> <a title=\"commerce\" target=\"_blank\" href=\"https:\/\/www.tiktok.com\/tag\/commerce?refer=embed\" rel=\"noopener\">#commerce<\/a> <a title=\"ecommerce\" target=\"_blank\" href=\"https:\/\/www.tiktok.com\/tag\/ecommerce?refer=embed\" rel=\"noopener\">#ecommerce<\/a> <a title=\"music\" target=\"_blank\" href=\"https:\/\/www.tiktok.com\/tag\/music?refer=embed\" rel=\"noopener\">#music<\/a> <a title=\"fyp\" target=\"_blank\" href=\"https:\/\/www.tiktok.com\/tag\/fyp?refer=embed\" rel=\"noopener\">#fyp<\/a> <\/p>\n<p> <a target=\"_blank\" title=\"\u266c son original - Lorraine Actu\" href=\"https:\/\/www.tiktok.com\/music\/son-original-7585263458424785686?refer=embed\" rel=\"noopener\">\u266c son original \u2013 Lorraine Actu<\/a> <\/p>\n<\/blockquote>\n<p>\u00ab\u2009Tous les pianos et les guitares \u00e9lectriques sont partis en deux jours\u2009\u00bb<\/p>\n<p class=\" wall-content\">Depuis ce mardi 16\u00a0d\u00e9cembre, le magasin est en liquidation et <strong>vend donc tous ses stocks \u00e0 -40\u2009%.<\/strong> \u00ab\u2009On a eu \u00e9norm\u00e9ment de monde. <strong>Il y avait m\u00eame une file d\u2019attente en dehors du magasin<\/strong> mardi matin. Tous les pianos et les guitares \u00e9lectriques sont partis en deux jours\u2009\u00bb, ajoute M. Duval.<\/p>\n<p class=\" wall-content\">Si la plupart des instruments ont d\u00e9j\u00e0 \u00e9t\u00e9 achet\u00e9s, il est toujours possible d\u2019acqu\u00e9rir des accessoires, des accessoires et des partitions.<\/p>\n<p class=\" wall-content\">Personnalisez votre actualit\u00e9 en ajoutant vos villes et m\u00e9dias en favori avec <a href=\"https:\/\/moncompte.actu.fr\" title=\"D\u00e9couvez Mon Actu\" rel=\"nofollow noopener\" data-trk=\"{&quot;cta&quot;:{&quot;action&quot;:&quot;https:\\\/\\\/moncompte.actu.fr&quot;,&quot;category&quot;:&quot;mon compte&quot;,&quot;from&quot;:&quot;article footer&quot;,&quot;name&quot;:&quot;Mon actu&quot;,&quot;type&quot;:&quot;cta&quot;}}\" target=\"_blank\">Mon Actu<\/a>.<\/p>\n<p>                    <script async src=\"\/\/www.tiktok.com\/embed.js\"><\/script><\/p>\n","protected":false},"excerpt":{"rendered":"Par Paul-Emile Bouchy Publi\u00e9 le 19 d\u00e9c. 2025 \u00e0 9h41 Depuis 1871, le magasin de musique Dupont-Metzner est&hellip;\n","protected":false},"author":2,"featured_media":609209,"comment_status":"","ping_status":"","sticky":false,"template":"","format":"standard","meta":{"footnotes":""},"categories":[9635],"tags":[1111,11,215,1777,674,1011,27,775,873,1702,12,25,104],"class_list":{"0":"post-609208","1":"post","2":"type-post","3":"status-publish","4":"format-standard","5":"has-post-thumbnail","7":"category-nancy","8":"tag-actu","9":"tag-actualites","10":"tag-commerce","11":"tag-eu","12":"tag-europe","13":"tag-fr","14":"tag-france","15":"tag-grand-est","16":"tag-musique","17":"tag-nancy","18":"tag-news","19":"tag-republique-francaise","20":"tag-societe"},"share_on_mastodon":{"url":"https:\/\/pubeurope.com\/@fr\/115745493037923778","error":""},"_links":{"self":[{"href":"https:\/\/www.europesays.com\/fr\/wp-json\/wp\/v2\/posts\/609208","targetHints":{"allow":["GET"]}}],"collection":[{"href":"https:\/\/www.europesays.com\/fr\/wp-json\/wp\/v2\/posts"}],"about":[{"href":"https:\/\/www.europesays.com\/fr\/wp-json\/wp\/v2\/types\/post"}],"author":[{"embeddable":true,"href":"https:\/\/www.europesays.com\/fr\/wp-json\/wp\/v2\/users\/2"}],"replies":[{"embeddable":true,"href":"https:\/\/www.europesays.com\/fr\/wp-json\/wp\/v2\/comments?post=609208"}],"version-history":[{"count":0,"href":"https:\/\/www.europesays.com\/fr\/wp-json\/wp\/v2\/posts\/609208\/revisions"}],"wp:featuredmedia":[{"embeddable":true,"href":"https:\/\/www.europesays.com\/fr\/wp-json\/wp\/v2\/media\/609209"}],"wp:attachment":[{"href":"https:\/\/www.europesays.com\/fr\/wp-json\/wp\/v2\/media?parent=609208"}],"wp:term":[{"taxonomy":"category","embeddable":true,"href":"https:\/\/www.europesays.com\/fr\/wp-json\/wp\/v2\/categories?post=609208"},{"taxonomy":"post_tag","embeddable":true,"href":"https:\/\/www.europesays.com\/fr\/wp-json\/wp\/v2\/tags?post=609208"}],"curies":[{"name":"wp","href":"https:\/\/api.w.org\/{rel}","templated":true}]}}