{"id":609214,"date":"2025-12-19T09:24:13","date_gmt":"2025-12-19T09:24:13","guid":{"rendered":"https:\/\/www.europesays.com\/fr\/609214\/"},"modified":"2025-12-19T09:24:13","modified_gmt":"2025-12-19T09:24:13","slug":"pas-de-pronostic-vital-engage-pour-la-passagere-grievement-blessee-par-des-tirs-policiers","status":"publish","type":"post","link":"https:\/\/www.europesays.com\/fr\/609214\/","title":{"rendered":"pas de pronostic vital engag\u00e9 pour la passag\u00e8re gri\u00e8vement bless\u00e9e par des tirs policiers"},"content":{"rendered":"<p>Deux policiers ont \u00e9t\u00e9 entendus sans poursuite \u00e0 ce stade apr\u00e8s avoir tir\u00e9 sur un v\u00e9hicule en fuite apr\u00e8s un refus d\u2019obtemp\u00e9rer \u00e0 Toulon mercredi soir, blessant gri\u00e8vement sa passag\u00e8re, a indiqu\u00e9 jeudi le procureur de Toulon.<\/p>\n<p>Les faits se sont d\u00e9roul\u00e9s vers 19H15 \u00e0 l&rsquo;ouest du centre-ville de Toulon, lorsque <a href=\"https:\/\/maritima.fr\/actualites\/faits-divers\/region-sud\/10563\/refus-dobtemperer-a-toulon-une-passagere-blessee-par-des-tirs-policiers\" target=\"_blank\" rel=\"noopener nofollow\">les policiers ont tent\u00e9 d&rsquo;interpeller le conducteur apr\u00e8s une infraction routi\u00e8re<\/a>.\u00a0Il a pris la fuite et a percut\u00e9 et fait chuter au sol un des policiers qui a \u00e9t\u00e9 l\u00e9g\u00e8rement bless\u00e9 \u00e0 la jambe, selon le r\u00e9cit fait par les quatre policiers sur place. Et \u00ab\u00a0comme le v\u00e9hicule se dirigeait de nouveau vers le policier tomb\u00e9 \u00e0 terre, celui-ci et l&rsquo;un de ses coll\u00e8gues ouvraient le feu en direction du v\u00e9hicule \u00e0 plusieurs reprises, estimant qu&rsquo;ils \u00e9taient alors en \u00e9tat de l\u00e9gitime d\u00e9fense\u00a0\u00bb, retrace le procureur Rapha\u00ebl Balland.<\/p>\n<p>Ensuite, les policiers ont suivi \u00e0 pied le v\u00e9hicule en fuite et ont tir\u00e9 \u00e0 nouveau. Au total, les deux policiers ont tir\u00e9 \u00e0 20 reprises sur ce v\u00e9hicule de type anglais, avec le volant \u00e0 droite.<\/p>\n<p>Quelques minutes plus tard, le v\u00e9hicule \u00e9tait retrouv\u00e9 \u00e0 500 m\u00e8tres avec la passag\u00e8re, \u00e2g\u00e9e de 27 ans, \u00ab\u00a0gri\u00e8vement\u00a0\u00bb bless\u00e9e par ces tirs. Elle a d\u00fb subir une op\u00e9ration chirurgicale d&rsquo;urgence et en fin de journ\u00e9e jeudi, son \u00e9tat \u00e9tait stable sans pronostic vital engag\u00e9, selon le procureur.<\/p>\n<p>Le conducteur, \u00e2g\u00e9 de 44 ans et fortement alcoolis\u00e9, a tent\u00e9 de prendre la fuite \u00e0 pied mais \u00ab\u00a0a \u00e9t\u00e9 rapidement interpell\u00e9 \u00e0 proximit\u00e9 du domicile de la femme bless\u00e9e\u00a0\u00bb, a ajout\u00e9 M. Balland.<\/p>\n<p>Au final, deux enqu\u00eates ont \u00e9t\u00e9 ouvertes. La premi\u00e8re men\u00e9e par l&rsquo;IGPN &#8211; la police des polices &#8211; du chef de \u00ab\u00a0violence avec arme par personnes d\u00e9positaires de l&rsquo;autorit\u00e9 publique\u00a0\u00bb pour d\u00e9terminer les circonstances de l&rsquo;usage des armes par les forces de l&rsquo;ordre.<\/p>\n<p>Les deux policiers, qui avaient \u00e9t\u00e9 plac\u00e9s en garde \u00e0 vue imm\u00e9diatement, sont ressortis dans la matin\u00e9e de jeudi, pr\u00e9cise le procureur, ajoutant que les \u00ab\u00a0nombreuses investigations se poursuivent\u00a0\u00bb.<\/p>\n<p>Le conducteur a lui \u00e9t\u00e9 plac\u00e9 en garde \u00e0 vue pour \u00ab\u00a0refus d&rsquo;obtemp\u00e9rer aggrav\u00e9\u00a0\u00bb, \u00ab\u00a0non assistance \u00e0 personne en p\u00e9ril\u00a0\u00bb (pour avoir abandonn\u00e9 la passag\u00e8re dans le v\u00e9hicule), \u00ab\u00a0vol du v\u00e9hicule \u00e0 un membre de sa famille\u00a0\u00bb, et \u00ab\u00a0tentative d&rsquo;homicide\u00a0\u00bb sur un policier sorti du v\u00e9hicule.<\/p>\n<p>Il a reconnu \u00ab\u00a0la plupart des faits qui lui sont reproch\u00e9s, sauf en ce qui concerne les faits commis \u00e0 l&rsquo;encontre des policiers, ne se souvenant pas avoir percut\u00e9 l&rsquo;un d\u2019eux\u00a0\u00bb. \u00ab\u00a0Il est d\u00e9j\u00e0 tr\u00e8s d\u00e9favorablement connu par les autorit\u00e9s judiciaires en France, mais aussi en Belgique\u00a0\u00bb, pr\u00e9cise M. Balland.<\/p>\n<p>L&rsquo;enqu\u00eate visant le conducteur a \u00e9t\u00e9 confi\u00e9e \u00e0 la direction zonale de police judiciaire du Var.<\/p>\n<p>\u00a0<\/p>\n<p>\u00a0<\/p>\n<p>@AFP<\/p>\n","protected":false},"excerpt":{"rendered":"Deux policiers ont \u00e9t\u00e9 entendus sans poursuite \u00e0 ce stade apr\u00e8s avoir tir\u00e9 sur un v\u00e9hicule en fuite&hellip;\n","protected":false},"author":2,"featured_media":133708,"comment_status":"","ping_status":"","sticky":false,"template":"","format":"standard","meta":{"footnotes":""},"categories":[9619],"tags":[1111,11,1777,674,1011,27,12,1072,882,2852,25,2310],"class_list":{"0":"post-609214","1":"post","2":"type-post","3":"status-publish","4":"format-standard","5":"has-post-thumbnail","7":"category-toulon","8":"tag-actu","9":"tag-actualites","10":"tag-eu","11":"tag-europe","12":"tag-fr","13":"tag-france","14":"tag-news","15":"tag-police","16":"tag-provence-alpes-cote-dazur","17":"tag-refus-dobtemperer","18":"tag-republique-francaise","19":"tag-toulon"},"share_on_mastodon":{"url":"https:\/\/pubeurope.com\/@fr\/115745512983086290","error":""},"_links":{"self":[{"href":"https:\/\/www.europesays.com\/fr\/wp-json\/wp\/v2\/posts\/609214","targetHints":{"allow":["GET"]}}],"collection":[{"href":"https:\/\/www.europesays.com\/fr\/wp-json\/wp\/v2\/posts"}],"about":[{"href":"https:\/\/www.europesays.com\/fr\/wp-json\/wp\/v2\/types\/post"}],"author":[{"embeddable":true,"href":"https:\/\/www.europesays.com\/fr\/wp-json\/wp\/v2\/users\/2"}],"replies":[{"embeddable":true,"href":"https:\/\/www.europesays.com\/fr\/wp-json\/wp\/v2\/comments?post=609214"}],"version-history":[{"count":0,"href":"https:\/\/www.europesays.com\/fr\/wp-json\/wp\/v2\/posts\/609214\/revisions"}],"wp:featuredmedia":[{"embeddable":true,"href":"https:\/\/www.europesays.com\/fr\/wp-json\/wp\/v2\/media\/133708"}],"wp:attachment":[{"href":"https:\/\/www.europesays.com\/fr\/wp-json\/wp\/v2\/media?parent=609214"}],"wp:term":[{"taxonomy":"category","embeddable":true,"href":"https:\/\/www.europesays.com\/fr\/wp-json\/wp\/v2\/categories?post=609214"},{"taxonomy":"post_tag","embeddable":true,"href":"https:\/\/www.europesays.com\/fr\/wp-json\/wp\/v2\/tags?post=609214"}],"curies":[{"name":"wp","href":"https:\/\/api.w.org\/{rel}","templated":true}]}}