{"id":609215,"date":"2025-12-19T09:25:15","date_gmt":"2025-12-19T09:25:15","guid":{"rendered":"https:\/\/www.europesays.com\/fr\/609215\/"},"modified":"2025-12-19T09:25:15","modified_gmt":"2025-12-19T09:25:15","slug":"sortir-a-montpellier-marches-de-noel-bal-xixe-siecle-helena-des-idees-pour-ce-samedi-20-decembre","status":"publish","type":"post","link":"https:\/\/www.europesays.com\/fr\/609215\/","title":{"rendered":"Sortir \u00e0 Montpellier\u00a0: march\u00e9s de No\u00ebl, bal XIXe\u00a0si\u00e8cle, H\u00e9l\u00e9na\u2026 des id\u00e9es pour ce samedi 20\u00a0d\u00e9cembre"},"content":{"rendered":"<p>\n                                                                March\u00e9s de No\u00ebl \u00e0 Grabels, Guzargues et Clermont-l\u2019H\u00e9rault, disques vinyles \u00e0\u00a0Wei Son, \u00ab\u00a0La Petite fanfare de No\u00ebl\u00a0\u00bb au cin\u00e9ma Diagonal, bal r\u00e9tro \u00e0 Palavas, \u00ab\u00a0La r\u00e9publique des autres\u00a0\u00bb \u00e0 la Bulle Bleue ou H\u00e9l\u00e9na \u00e0 l\u2019Arena.\n                            <\/p>\n<p>D\u00e9couvrez notre s\u00e9lection de sorties pour ce samedi 20\u00a0d\u00e9cembre du c\u00f4t\u00e9 de<a href=\"https:\/\/www.midilibre.fr\/herault\/montpellier\/\" target=\"_blank\" rel=\"noopener\"> Montpellier <\/a>et faites le plein d\u2019id\u00e9es avec notre <a href=\"https:\/\/www.midilibre.fr\/agenda\/?path=&amp;q=&amp;where=herault%3Amontpellier&amp;insee=34172&amp;from=2025-12-20&amp;to=2025-12-20&amp;agendapg=19#4143936\" target=\"_blank\" rel=\"noopener\">agenda en ligne<\/a>.<\/p>\n<p>March\u00e9s de No\u00ebl<\/p>\n<p><strong>Petit March\u00e9 de No\u00ebl.\u00a0<\/strong>Artisanat local, id\u00e9es cadeaux, d\u00e9gustations gourmandes, animations pour petits et grands, et restauration sur place. &gt;\u00a0Ce samedi 20\u00a0d\u00e9cembre\u00a0de <strong>9\u00a0h\u00a0\u00e0 13\u00a0heures<\/strong>, sur la place des \u00c9coles\u00a0\u00e0 <a href=\"https:\/\/www.midilibre.fr\/herault\/grabels\/\" target=\"_blank\" rel=\"noopener\">Grabels<\/a>.<\/p>\n<p><strong>P\u00e9pites de No\u00ebl.<\/strong> Producteurs et artisans locaux, vin chaud, animations gratuites pour les enfants\u2026 &gt;\u00a0Ce samedi 20\u00a0d\u00e9cembre de 10\u00a0h \u00e0 18\u00a0heures au <a href=\"https:\/\/www.la-triballe.com\/\" target=\"_blank\" rel=\"noopener\">Domaine la Triballe<\/a>, \u00e0\u00a0<a href=\"https:\/\/www.midilibre.fr\/herault\/guzargues\/\" target=\"_blank\" rel=\"noopener\">Guzargues<\/a>.<\/p>\n<p><strong>March\u00e9 de No\u00ebl.<\/strong>\u00a0Plus de 70 commer\u00e7ants, artisanats et producteurs. Pr\u00e9sence du P\u00e8re No\u00ebl de 14\u00a0h \u00e0 17\u00a0heures. Le samedi, fanfare, de 14\u00a0h \u00e0 18\u00a0heures. &gt;\u00a0Ce samedi 20\u00a0d\u00e9cembre de <strong>10\u00a0h \u00e0 18\u00a0h\u00a030<\/strong> et dimanche 21\u00a0d\u00e9cembre de 10\u00a0h \u00e0 17\u00a0heures, salle Georges-Brassens et pavillon L\u00e9on-Blum \u00e0<a href=\"https:\/\/www.midilibre.fr\/herault\/clermont-l-herault\/\" target=\"_blank\" rel=\"noopener\"> Clermont-l\u2019H\u00e9rault<\/a>.<\/p>\n<p>Pop-up disques vinyles<\/p>\n<p>Exposition.\u00a0DJ\u00a0Piroulis d\u00e9balle ses disques vinyles \u00e0 vendre dans la boutique exotique, asiatique, culinaire et artistique. Il sera accompagn\u00e9 de\u00a0Laetitia de Cre\u0301asillons et ses cr\u00e9ations \u00e0 base de disques vinyles\u00a0! Boucles, pendentifs\u2026<\/p>\n<p>&gt;\u00a0Ce samedi 20\u00a0d\u00e9cembre\u00a0de <strong>10\u00a0h \u00e0 13\u00a0heures et de 15\u00a0h \u00e0 19\u00a0heures<\/strong> \u00e0 <a href=\"https:\/\/www.facebook.com\/events\/s\/pop-up-disque-vinyls-wei-son-m\/865911115898680\/?rdid=nBjv9u6XqSv33Vf1&amp;share_url=https%3A%2F%2Fwww.facebook.com%2Fshare%2F14Ro2oPTkfp%2F#\" target=\"_blank\" rel=\"noopener\">Wei Son<\/a>, 9 rue d\u2019Alger \u00e0 <a href=\"https:\/\/www.midilibre.fr\/herault\/montpellier\/\" target=\"_blank\" rel=\"noopener\">Montpellier<\/a>. Entr\u00e9e libre.<\/p>\n<p>Cin\u00e9 des enfants\u00a0: \u00ab\u00a0La Petite fanfare de No\u00ebl\u00a0\u00bb<\/p>\n<p><strong>Festival. <\/strong>S\u00e9ance suivie d\u2019un atelier \u00ab\u00a0Fabrique tes maracas de No\u00ebl\u00a0\u00bb\u00a0: places limit\u00e9es, inscriptions uniquement en caisse \u00e0 partir du mercredi 17\u00a0d\u00e9cembre. Animation, famille \u00e0 partir de 3 ans (0h40) de Meike Fehre, Sabine Dully. En hiver, la neige recouvre tout, et le silence s\u2019installe doucement. Mais \u00e9coutez bien\u00a0: dans ce grand calme blanc, mille sons vont bient\u00f4t \u00e9clore\u00a0! Tendez l\u2019oreille et vous entendrez la for\u00eat qui fredonne tout bas.<\/p>\n<p>&gt;\u00a0Ce\u00a0samedi 20\u00a0d\u00e9cembre \u00e0 <strong>11\u00a0heures <\/strong>au <a href=\"https:\/\/www.cinediagonal.com\/\" target=\"_blank\" rel=\"noopener\">cin\u00e9ma Diagonal<\/a>, 5 rue de Verdun \u00e0 <a href=\"https:\/\/www.midilibre.fr\/herault\/montpellier\/\" target=\"_blank\" rel=\"noopener\">Montpellier<\/a>. Tarif unique 5\u00a0\u20ac. Contact au\u00a004\u00a067\u00a058\u00a058\u00a010. <\/p>\n<p>Bal XIXe\u00a0si\u00e8cle<\/p>\n<p><strong>Danse.<\/strong> Organis\u00e9 par la Guinguette du Soleil annonce son bal r\u00e9tro au profit du T\u00e9l\u00e9thon avec\u00a0Magdanses et le Quadrille des Grisettes.\u00a0\u00c0 14\u00a0h\u00a030, d\u00e9monstrations de danses de couples et de quadrilles sont annonc\u00e9s\u00a0; \u00e0 15\u00a0heures, bal r\u00e9tro avec\u00a0l\u2019orchestre Les Diam\u2019s.<\/p>\n<p>&gt;\u00a0Ce samedi 20\u00a0d\u00e9cembre \u00e0\u00a0partir de<strong> 14\u00a0heures<\/strong> \u00e0 la Salle Bleue, 1 avenue\u00a0de l\u2019Abb\u00e9 Brocardi \u00e0 <a href=\"https:\/\/www.midilibre.fr\/herault\/palavas-les-flots\/\" target=\"_blank\" rel=\"noopener\">Palavas-les-Flots<\/a>. Entr\u00e9e 12\u00a0\u20ac. Buvette. Contact au\u00a006\u00a007\u00a080\u00a057\u00a063.<\/p>\n<p>La r\u00e9publique des autres<\/p>\n<p>        <img decoding=\"async\" class=\"std-img__img responsive-img\" src=\"https:\/\/www.europesays.com\/fr\/wp-content\/uploads\/2025\/12\/1766136315_972_image.jpg\" alt=\"Une exp\u00e9rience po\u00e9tique et humaine.\"\/><\/p>\n<p>                Une exp\u00e9rience po\u00e9tique et humaine.<br \/>\n                                    N.U. Collectif &#8211; Marielle Rossignol<\/p>\n<p><strong>F\u00eate. <\/strong>Performance participative suivie d\u2019un DJ Set pour le lancement de la ligne du tram 5. M\u00ealant po\u00e9sie sonore, danse, musique live et th\u00e9\u00e2tre instrumental, Espaces Vivants est une exp\u00e9rience sensorielle immersive. Une invitation \u00e0 explorer librement un terrain de jeu collectif o\u00f9 chacun\u00b7e co-cr\u00e9e l\u2019ici et maintenant.<\/p>\n<p>&gt;\u00a0Ce\u00a0samedi 20\u00a0d\u00e9cembre \u00e0 <strong>19\u00a0heures<\/strong> \u00e0 la <a href=\"https:\/\/www.labullebleue.fr\/\" target=\"_blank\" rel=\"noopener\">Bulle Bleue<\/a>, 285 rue du Mas-de-Prunet \u00e0 <a href=\"https:\/\/www.midilibre.fr\/herault\/montpellier\/\" target=\"_blank\" rel=\"noopener\">Montpellier<\/a>. Plein tarif 13\u00a0\u20ac, r\u00e9duit 9\u00a0\u20ac, Yoot 5\u00a0\u20ac. Contact au 04\u00a067\u00a042\u00a018\u00a061.<\/p>\n<p>H\u00e9l\u00e9na<\/p>\n<p><strong>Concert.<\/strong> La r\u00e9v\u00e9lation musicale Helena, d\u00e9couverte dans la Star Academy, fait sa premi\u00e8re tourn\u00e9e solo et pose des mots sur le quotidien d\u2019une jeune femme de 22 ans qui a du mal \u00e0 r\u00e9aliser tout ce qui lui arrive.<\/p>\n<p>&gt;\u00a0Ce\u00a0samedi 20\u00a0d\u00e9cembre \u00e0\u00a0<strong>20\u00a0h\u00a030<\/strong> \u00e0 la <a href=\"https:\/\/www.suddefrance-arena.com\/event\/helena\/\" target=\"_blank\" rel=\"noopener\">Sud de France Arena<\/a>, route de la Foire \u00e0 <a href=\"https:\/\/www.midilibre.fr\/herault\/perols\/\" target=\"_blank\" rel=\"noopener\">P\u00e9rols<\/a>. De 39\u00a0\u20ac \u00e0 69\u00a0\u20ac.<\/p>\n","protected":false},"excerpt":{"rendered":"March\u00e9s de No\u00ebl \u00e0 Grabels, Guzargues et Clermont-l\u2019H\u00e9rault, disques vinyles \u00e0\u00a0Wei Son, \u00ab\u00a0La Petite fanfare de No\u00ebl\u00a0\u00bb au&hellip;\n","protected":false},"author":2,"featured_media":609216,"comment_status":"","ping_status":"","sticky":false,"template":"","format":"standard","meta":{"footnotes":""},"categories":[9599],"tags":[1111,11,872,1777,674,1011,27,7089,2208,12,2680,25],"class_list":{"0":"post-609215","1":"post","2":"type-post","3":"status-publish","4":"format-standard","5":"has-post-thumbnail","7":"category-montpellier","8":"tag-actu","9":"tag-actualites","10":"tag-culture-et-loisirs","11":"tag-eu","12":"tag-europe","13":"tag-fr","14":"tag-france","15":"tag-herault","16":"tag-montpellier","17":"tag-news","18":"tag-occitanie","19":"tag-republique-francaise"},"share_on_mastodon":{"url":"https:\/\/pubeurope.com\/@fr\/115745517822389768","error":""},"_links":{"self":[{"href":"https:\/\/www.europesays.com\/fr\/wp-json\/wp\/v2\/posts\/609215","targetHints":{"allow":["GET"]}}],"collection":[{"href":"https:\/\/www.europesays.com\/fr\/wp-json\/wp\/v2\/posts"}],"about":[{"href":"https:\/\/www.europesays.com\/fr\/wp-json\/wp\/v2\/types\/post"}],"author":[{"embeddable":true,"href":"https:\/\/www.europesays.com\/fr\/wp-json\/wp\/v2\/users\/2"}],"replies":[{"embeddable":true,"href":"https:\/\/www.europesays.com\/fr\/wp-json\/wp\/v2\/comments?post=609215"}],"version-history":[{"count":0,"href":"https:\/\/www.europesays.com\/fr\/wp-json\/wp\/v2\/posts\/609215\/revisions"}],"wp:featuredmedia":[{"embeddable":true,"href":"https:\/\/www.europesays.com\/fr\/wp-json\/wp\/v2\/media\/609216"}],"wp:attachment":[{"href":"https:\/\/www.europesays.com\/fr\/wp-json\/wp\/v2\/media?parent=609215"}],"wp:term":[{"taxonomy":"category","embeddable":true,"href":"https:\/\/www.europesays.com\/fr\/wp-json\/wp\/v2\/categories?post=609215"},{"taxonomy":"post_tag","embeddable":true,"href":"https:\/\/www.europesays.com\/fr\/wp-json\/wp\/v2\/tags?post=609215"}],"curies":[{"name":"wp","href":"https:\/\/api.w.org\/{rel}","templated":true}]}}