{"id":609218,"date":"2025-12-19T09:27:11","date_gmt":"2025-12-19T09:27:11","guid":{"rendered":"https:\/\/www.europesays.com\/fr\/609218\/"},"modified":"2025-12-19T09:27:11","modified_gmt":"2025-12-19T09:27:11","slug":"que-faire-pendant-les-vacances-de-noel-a-rouen-nos-idees-de-sorties-en-famille-ou-entre-amis","status":"publish","type":"post","link":"https:\/\/www.europesays.com\/fr\/609218\/","title":{"rendered":"Que faire pendant les vacances de No\u00ebl \u00e0 Rouen ? Nos id\u00e9es de sorties en famille ou entre amis"},"content":{"rendered":"<p>                    Par<br \/>\n        <strong><br \/>\n            <a href=\"https:\/\/actu.fr\/auteur\/thierrychion\" title=\"Consulter tous les articles de Thierry Chion\" target=\"_blank\" rel=\"noopener\">Thierry Chion<\/a><br \/>\n                    <\/strong><\/p>\n<p>        Publi\u00e9 le<\/p>\n<p>            19 d\u00e9c. 2025 \u00e0 9h05        <\/p>\n<p>Vive les vacances ! Nous avons tous tendance \u00e0 attendre avec impatience cette p\u00e9riode de fin d\u2019ann\u00e9e,<strong> synonyme de retrouvailles en famille, entre amis, de f\u00eates, de cadeaux et de surprises<\/strong>. Mais entre ces moments de joie, on se pose parfois la question : \u00ab Mais qu\u2019est-ce que je vais bien pouvoir faire aujourd\u2019hui ? \u00bb\u00a0<\/p>\n<p class=\" wall-content\">Si la liste d\u2019animations \u00e0 <a href=\"https:\/\/actu.fr\/normandie\/rouen_76540\" target=\"_blank\" rel=\"noopener\">Rouen (Seine-Maritime)<\/a> qui suit, et qui ne se veut pas exhaustive, vous permet de r\u00e9pondre \u00e0 cette question, ce sera notre fa\u00e7on \u00e0 nous de vous souhaiter de bonnes f\u00eates de fin d\u2019ann\u00e9e.<\/p>\n<p>Rouen givr\u00e9e<\/p>\n<p class=\" wall-content\"><strong>Jusqu\u2019au 28 d\u00e9cembre 2025<\/strong>, vivez encore au rythme des nombreuses animations propos\u00e9es dans le cadre de Rouen givr\u00e9e.<\/p>\n<p class=\" wall-content\">Animation phare de Rouen givr\u00e9e : le traditionnel march\u00e9 de No\u00ebl qui se tient sur la place de la cath\u00e9drale. Plus de 50 chalets abritant artisans et passionn\u00e9s, qui vous permettent de trouver des cadeaux originaux, vous attendent<strong> jusqu\u2019au 24 d\u00e9cembre<\/strong>. \u00c0 noter la pr\u00e9sence de la rue des cr\u00e9ateurs, un march\u00e9 de No\u00ebl mettant en avant les producteurs locaux.<\/p>\n<p>Place de la cath\u00e9drale<br \/>Horaires : lundi, de 14 h \u00e0 20 h ; du mardi au jeudi, de 11 h \u00e0 20 h ; vendredi, de 11 h \u00e0 21 h ; samedi, de 10 h \u00e0 21 h ; dimanche, de 10 h \u00e0 20 h. Acc\u00e8s gratuit.<br \/>Apr\u00e8s le 20 d\u00e9cembre, il sera trop tard, mais d\u2019ici l\u00e0, profitez des apr\u00e8s-midi givr\u00e9s, place de la cath\u00e9drale, pour danser et vous r\u00e9chauffer en musique gr\u00e2ce \u00e0 la participation de chorales ou de fanfares.<\/p>\n<p class=\" wall-content\">Les mercredis et samedis, de 15 h \u00e0 17 h. <strong>Jusqu\u2019au 20 d\u00e9cembre 2025<\/strong>.<br \/>Le vendredi et le samedi soir, on a tous envie de se d\u00e9tendre. \u00c7a tombe bien : participez aux afterworks givr\u00e9s au Jardin des contemplations. Concerts, karaok\u00e9, DJ sets et gospel au programme.<\/p>\n<p>Vid\u00e9os : en ce moment sur Actu<\/p>\n<p class=\" wall-content\">Les vendredis et samedis, de 18 h 30 \u00e0 20 h 30, Jardin des contemplations, place de la cath\u00e9drale. Jusqu\u2019au <strong>20 d\u00e9cembre 2025<\/strong>.<br \/>Le refuge givr\u00e9 se situe sur la rive gauche. Il permet aux enfants de participer \u00e0 des ateliers cr\u00e9atifs et d\u2019assister \u00e0 des contes et spectacles dans un d\u00e9cor f\u00e9erique.<\/p>\n<p>Votre r\u00e9gion, votre actu !<\/p>\n<p>Recevez chaque jour les infos qui comptent pour vous.<\/p>\n<p>\t<a href=\"https:\/\/actu.fr\/newsletter\" class=\"ac-btn ac-btn--corner ac-btn--medium ac-btn--blue800\" target=\"_blank\" rel=\"noopener\">S&rsquo;incrire<\/a><\/p>\n<p>P\u00e9riode scolaire : les mercredis, samedis et dimanches, de 9 h 30 \u00e0 12 h 30 et de 14 h \u00e0 18 h 30.<br \/>P\u00e9riode de vacances : tous les jours de 9 h 30 \u00e0 12 h 30 et de 14 h \u00e0 18 h 30 (ferm\u00e9 les 24 et 25 d\u00e9cembre). Place Saint-Sever. C\u2019est gratuit.<\/p>\n<p class=\" wall-content\">Moment sportif avec No\u00ebl \u00e0 Diderot, le <strong>20 d\u00e9cembre 2025<\/strong>. Jardin aquatique pour les plus petits, structures gonflables, tobogan pour les autres et aquagym pour les adultes, avec en prime un go\u00fbter servi dans le hall.<\/p>\n<p>De 9 h \u00e0 18 h. Piscine Diderot. Prix d\u2019une entr\u00e9e piscine.<\/p>\n<p class=\" wall-content\">Jusqu\u2019au <strong>23 d\u00e9cembre 2025<\/strong>, une patinoire \u00e9ph\u00e9m\u00e8re est mise en place sur le parvis du Hangar 105. L\u2019acc\u00e8s \u00e0 la piste glac\u00e9e se fera par le biais d\u2019un jeton offert pour toute consommation prise au 105.<\/p>\n<p>Horaires : mardi 16, de 17 h \u00e0 22 h ; mercredi 17, de 11 h \u00e0 20 h ; jeudi 18, de 17 h \u00e0 23 h ; vendredi 19, de 17 h \u00e0 0 h ; samedi 20, de 11 h 30 \u00e0 0 h ; dimanche 21, de 11 h \u00e0 20 h ; lundi 22, de 11 h \u00e0 20 h ; mardi 23, de 11 h \u00e0 20 h.<\/p>\n<p>\u00c0 faire soi-m\u00eame<\/p>\n<p class=\" wall-content\">Le Pavillon des transitions donne deux rendez-vous :<\/p>\n<p class=\" wall-content\">\u2013 le <strong>23 d\u00e9cembre 2025<\/strong>, \u00e0 14 h 30 : atelier d\u2019upcycling cr\u00e9atif, ou comment transformer vos vieux objets en d\u00e9corations de No\u00ebl ;<\/p>\n<p class=\" wall-content\">\u2013 le <strong>24 d\u00e9cembre 2025<\/strong>, \u00e0 10 h 30 : atelier Savons de No\u00ebl. Fabriquez-les vous-m\u00eame avec des ingr\u00e9dients locaux et naturels. \u00c0 partir de 6 ans, accompagn\u00e9 d\u2019un adulte.<\/p>\n<p>Infos : <a href=\"https:\/\/www.metropole-rouen-normandie.fr\/\" target=\"_blank\" rel=\"noopener\">metropole-rouen-normandie.fr<\/a><\/p>\n<p class=\" wall-content\">Atelier gourmand, le <strong>27 d\u00e9cembre 2025<\/strong>, \u00e0 14 h 30. Pr\u00e9parez une galette des rois aux c\u00f4t\u00e9s d\u2019un p\u00e2tissier professionnel.<\/p>\n<p>Mus\u00e9e industriel de la Corderie Vallois, 185 route de Dieppe, \u00e0 Notre-Dame-de-Bondeville. \u00c0 partir de 6 ans, accompagn\u00e9 d\u2019un adulte. 5 euros. Infos\/R\u00e9sa : publics3musees-rouen-normandie.fr<\/p>\n<p>Expos, d\u00e9couvertes<\/p>\n<p class=\" wall-content\"><strong>Les 20 et 21 d\u00e9cembre 2025<\/strong>, une reconstitution historique fera revivre la<strong> grande f\u00eate m\u00e9di\u00e9vale scandinave de l\u2019\u00e2ge viking, Yule<\/strong>. Cette c\u00e9l\u00e9bration ancestrale, qui marque la renaissance de la lumi\u00e8re apr\u00e8s les longues nuits d\u2019hiver, sera propos\u00e9e telle que la vivaient celles et ceux qui ont fond\u00e9 la Normandie il y a mille ans. Nombreuses animations au programme : contes, musiques et danses nordiques.<\/p>\n<p>De 11 heures \u00e0 19 heures, a\u00eetre Saint-Maclou, rue de Martainville. C\u2019est gratuit.<\/p>\n<p class=\" wall-content\">Pour sa grande exposition temporaire 2025, le Mus\u00e9e des Beaux-Arts met en lumi\u00e8re une figure de l\u2019architecture d\u2019int\u00e9rieur du XXe si\u00e8cle :<strong> Maxime Old (1910-1991)<\/strong>. Dans un parcours immersif, offrant des reconstitutions d\u2019int\u00e9rieurs et des \u00ab\u00a0cabinets th\u00e9matiques\u00a0\u00bb, l\u2019exposition invite \u00e0 plonger dans l\u2019univers de Maxime Old, au travers d\u2019une centaine de pi\u00e8ces de mobilier, dont des pi\u00e8ces uniques, jamais expos\u00e9es, et un acc\u00e8s aux archives familiales.<\/p>\n<p>Visites comment\u00e9es les <strong>samedis 20 et 27 d\u00e9cembre<\/strong>, \u00e0 11 heures et 17 heures. 5 euros + tarif r\u00e9duit exposition.<\/p>\n<p class=\" wall-content\">Explorez la for\u00eat de Roumare et d\u00e9couvrez le parcours artistique de la For\u00eat monumentale, fa\u00e7on hivernale. Profitez d\u2019un bon bol d\u2019air frais.<\/p>\n<p>1, avenue du pr\u00e9sident Allende, \u00e0 Canteleu.<\/p>\n<p>Envie de rire ?<\/p>\n<p class=\" wall-content\">Si vous voulez r\u00e9viser vos comptines ou les apprendre \u00e0 vos bambins, c\u2019est ce qu\u2019il vous faut\u2009: Le sapin des comptines, <strong>du 21 d\u00e9cembre 2025 au 4 janvier 2026<\/strong> (sauf le 25 d\u00e9cembre et le 1er janvier). Bonhomme de couleurs attend No\u00ebl avec impatience. Il vient d\u2019installer son beau sapin, et un \u00e9trange courrier lui parvient\u2009: il ne pourra commencer sa grande f\u00eate de No\u00ebl qu\u2019une fois son sapin compl\u00e8tement illumin\u00e9. Gr\u00e2ce \u00e0 plusieurs devinettes et d\u00e9fis en chansons pos\u00e9s par le lutin du p\u00e8re No\u00ebl, Bonhomme de couleurs d\u00e9core son sapin en musique\u2026 pour permettre enfin une belle f\u00eate tous ensemble\u2009!<\/p>\n<p class=\" wall-content\">De 1 \u00e0 6\u00a0ans.\u00a0Dur\u00e9e\u2009: 40 \u00e0 45 min.<\/p>\n<p>Au th\u00e9\u00e2tre \u00e0 l\u2019Ouest, quai Gaston-Boulet, \u00e0 Rouen, \u00e0 11 heures. De 10 \u00e0 12 euros.<\/p>\n<p class=\" wall-content\">Le P\u00e8re No\u00ebl a un incroyable talent. <strong>Du 22 d\u00e9cembre 2025 au 3 janvier 2026<\/strong>, assistez \u00e0 cet incroyable spectacle.<\/p>\n<p class=\" wall-content\">Anselme No\u00ebl est parti en vacances avec ses copains les Rois Mages. Mme Hortense, sa directrice des op\u00e9rations, garde la maison et assure la pr\u00e9paration de la prochaine tourn\u00e9e. Mais elle re\u00e7oit un message des plus inqui\u00e9tants\u2009: les rennes ont kidnapp\u00e9 Anselme\u2009! Ni une ni deux, Mme Hortense d\u00e9cide d\u2019organiser un casting g\u00e9ant pour trouver un P\u00e8re No\u00ebl de remplacement en attendant la lib\u00e9ration d\u2019Anselme.<\/p>\n<p>Au th\u00e9\u00e2tre \u00e0 l\u2019Ouest, quai Gaston-Boulet, \u00e0 Rouen, \u00e0 14h30. S\u00e9ance suppl\u00e9mentaire \u00e0 16h30 le 24 d\u00e9cembre 2024. Tarifs\u2009: de 10 \u00e0 12 euros.<\/p>\n<p class=\" wall-content\">Au plus pr\u00e8s de\u2026 Fran\u00e7ois Berleand. Un entretien spectacle durant lequel le public \u00e0 la curieuse impression de se retrouver pendant plus d\u2019une heure et demie dans le salon de l\u2019artiste, Fran\u00e7ois Berleand.<\/p>\n<p class=\" wall-content\">Entour\u00e9 de musiciens et d\u2019une chanteuse, la soir\u00e9e sera agr\u00e9ment\u00e9e d\u2019interm\u00e8des musicaux \u00e9voquant chez Fran\u00e7ois des \u00e9motions enfouies, des madeleines de Proust musicales.<\/p>\n<p class=\" wall-content\">\u00c0 la fin de la soir\u00e9e, les spectateurs pourront<strong> s\u2019adresser directement \u00e0 l\u2019acteur avec une question de leur choix<\/strong>. Une soir\u00e9e originale et hors norme.<\/p>\n<p>Au th\u00e9\u00e2tre \u00e0 l\u2019Ouest, quai Gaston-Boulet, \u00e0 Rouen, \u00e0 20 heures, le 22 d\u00e9cembre 2025. Tarif\u2009: 39 euros.<\/p>\n<p class=\" wall-content\">Du <strong>26 au 28 d\u00e9cembre 2025<\/strong>, une com\u00e9die est propos\u00e9e\u2009: Les pieds nus dans la neige.<\/p>\n<p class=\" wall-content\">Le Pr\u00e9sident de la R\u00e9publique, Louis de Salluste, voit sa cote de popularit\u00e9 baisser \u00e0 un niveau jamais vu jusque-l\u00e0.\u00a0Pour reconqu\u00e9rir l\u2019\u00e9lectorat, il fait appel \u00e0 Adrien Gensac, un jeune conseiller en communication.<\/p>\n<p class=\" wall-content\">Cyril Etesse et Antony Vincent <strong>rendent un hommage unique \u00e0 Louis de Fun\u00e8s<\/strong> au travers de cette com\u00e9die originale qui fait revivre l\u2019immense acteur comique avec des clins d\u2019\u0153il \u00e9vocateurs \u00e0 nombre de ses films.<\/p>\n<p>Au th\u00e9\u00e2tre \u00e0 l\u2019Ouest, quai Gaston-Boulet, \u00e0 Rouen, \u00e0 21 heures vendredi et samedi, \u00e0 17 heures dimanche 28. Tarifs\u2009: de 14 \u00e0 22 euros.<\/p>\n<p>Nouvel an 100\u2009% humour\u2009!<\/p>\n<p class=\" wall-content\">Les femmes sont parfaites, les hommes font ce qu\u2019ils peuvent. Cette com\u00e9die r\u00e9concilie enfin les hommes et les femmes. Lucas et Julie, en couple \u00e0 la sc\u00e8ne comme \u00e0 la vie, vous donnent toutes les astuces pour mieux communiquer, comprendre et supporter l\u2019autre sexe.<\/p>\n<p><strong>Le 31 d\u00e9cembre 2025<\/strong>, au th\u00e9\u00e2tre \u00e0 l\u2019Ouest, quai Gaston-Boulet, \u00e0 Rouen, \u00e0 17 et 19 heures. Tarif\u2009: 37 euros.<\/p>\n<p class=\" wall-content\">Mes applis, mes amours, mes emmerdes. Humour d\u00e9capant et ambiance p\u00e9tillante au programme\u2009! On l\u00e2che tous et toutes les portables pour venir rire ensemble avec ce spectacle ou\u2026 Comment les applications, cens\u00e9es vous simplifier la vie, peuvent vous la pourrir\u2009!<\/p>\n<p><strong>Le 31 d\u00e9cembre 2025<\/strong>, au th\u00e9\u00e2tre \u00e0 l\u2019Ouest, quai Gaston-Boulet, \u00e0 Rouen, \u00e0 21 heures et 23 heures. Tarif\u2009: 37 euros.<\/p>\n<p>New years show\u2009!<\/p>\n<p class=\" wall-content\">Le Fridge Rouen propose une carte unique, des vannes jusqu\u2019\u00e0 minuit, et une ambiance de dingue\u2009! Pour bien commencer 2026, apr\u00e8s les shows, un karaok\u00e9 d\u2019anthologie sera propos\u00e9.<\/p>\n<p>Le Fridge, 4, rue Georges d\u2019Amboise, \u00e0 Rouen, sur les shows de 19h30 et 21 heures. 150 euros pour deux personnes. lefridgerouen.com\u00a0<\/p>\n<p class=\" wall-content\">Personnalisez votre actualit\u00e9 en ajoutant vos villes et m\u00e9dias en favori avec <a href=\"https:\/\/moncompte.actu.fr\" title=\"D\u00e9couvez Mon Actu\" rel=\"nofollow noopener\" data-trk=\"{&quot;cta&quot;:{&quot;action&quot;:&quot;https:\\\/\\\/moncompte.actu.fr&quot;,&quot;category&quot;:&quot;mon compte&quot;,&quot;from&quot;:&quot;article footer&quot;,&quot;name&quot;:&quot;Mon actu&quot;,&quot;type&quot;:&quot;cta&quot;}}\" target=\"_blank\">Mon Actu<\/a>.<\/p>\n","protected":false},"excerpt":{"rendered":"Par Thierry Chion Publi\u00e9 le 19 d\u00e9c. 2025 \u00e0 9h05 Vive les vacances ! Nous avons tous tendance&hellip;\n","protected":false},"author":2,"featured_media":609219,"comment_status":"","ping_status":"","sticky":false,"template":"","format":"standard","meta":{"footnotes":""},"categories":[9587],"tags":[1111,11,1777,674,1011,27,12,15830,5161,25,9590,104,853,3176],"class_list":{"0":"post-609218","1":"post","2":"type-post","3":"status-publish","4":"format-standard","5":"has-post-thumbnail","7":"category-rouen","8":"tag-actu","9":"tag-actualites","10":"tag-eu","11":"tag-europe","12":"tag-fr","13":"tag-france","14":"tag-news","15":"tag-noel","16":"tag-normandie","17":"tag-republique-francaise","18":"tag-rouen","19":"tag-societe","20":"tag-spectacles","21":"tag-vacances-scolaires"},"share_on_mastodon":{"url":"https:\/\/pubeurope.com\/@fr\/115745524747805106","error":""},"_links":{"self":[{"href":"https:\/\/www.europesays.com\/fr\/wp-json\/wp\/v2\/posts\/609218","targetHints":{"allow":["GET"]}}],"collection":[{"href":"https:\/\/www.europesays.com\/fr\/wp-json\/wp\/v2\/posts"}],"about":[{"href":"https:\/\/www.europesays.com\/fr\/wp-json\/wp\/v2\/types\/post"}],"author":[{"embeddable":true,"href":"https:\/\/www.europesays.com\/fr\/wp-json\/wp\/v2\/users\/2"}],"replies":[{"embeddable":true,"href":"https:\/\/www.europesays.com\/fr\/wp-json\/wp\/v2\/comments?post=609218"}],"version-history":[{"count":0,"href":"https:\/\/www.europesays.com\/fr\/wp-json\/wp\/v2\/posts\/609218\/revisions"}],"wp:featuredmedia":[{"embeddable":true,"href":"https:\/\/www.europesays.com\/fr\/wp-json\/wp\/v2\/media\/609219"}],"wp:attachment":[{"href":"https:\/\/www.europesays.com\/fr\/wp-json\/wp\/v2\/media?parent=609218"}],"wp:term":[{"taxonomy":"category","embeddable":true,"href":"https:\/\/www.europesays.com\/fr\/wp-json\/wp\/v2\/categories?post=609218"},{"taxonomy":"post_tag","embeddable":true,"href":"https:\/\/www.europesays.com\/fr\/wp-json\/wp\/v2\/tags?post=609218"}],"curies":[{"name":"wp","href":"https:\/\/api.w.org\/{rel}","templated":true}]}}