{"id":609222,"date":"2025-12-19T09:30:27","date_gmt":"2025-12-19T09:30:27","guid":{"rendered":"https:\/\/www.europesays.com\/fr\/609222\/"},"modified":"2025-12-19T09:30:27","modified_gmt":"2025-12-19T09:30:27","slug":"grenoble-des-projets-de-recherche-du-chu-finances-a-hauteur-de-24-millions-deuros","status":"publish","type":"post","link":"https:\/\/www.europesays.com\/fr\/609222\/","title":{"rendered":"Grenoble. Des projets de recherche du CHU financ\u00e9s \u00e0 hauteur de 2,4\u00a0millions d\u2019euros"},"content":{"rendered":"<p>La recherche au sein du <a href=\"https:\/\/www.ledauphine.com\/sante\/2025\/12\/12\/grenoble-annecy-valence-quels-sont-les-meilleurs-hopitaux-et-cliniques-pres-de-chez-vous\" target=\"_blank\" rel=\"nofollow noopener\">centre hospitalier universitaire (CHU) de Grenoble<\/a> est reconnue \u00e0 l\u2019\u00e9chelle nationale. Trois de ses projets sont laur\u00e9ats d\u2019un financement dans le cadre de la s\u00e9lection 2025 du Programme hospitalier de recherche clinique national (PHRC-N). Le premier est port\u00e9 par la professeure Laurence Bouillet et son \u00e9quipe des\u00a0services de m\u00e9decine interne\/immunologie clinique. Ils vont mener une \u00e9tude sur le traitement de l\u2019angio-oed\u00e8me h\u00e9r\u00e9ditaire, une maladie g\u00e9n\u00e9tique qui provoque des \u0153d\u00e8mes sous cutan\u00e9s. Son financement s\u2019\u00e9l\u00e8ve \u00e0\u00a0670\u00a0541\u00a0euros.<\/p>\n<p>Ce contenu est bloqu\u00e9 car vous n&rsquo;avez pas accept\u00e9 les cookies et autres traceurs.<\/p>\n<p>En cliquant sur \u00ab J\u2019accepte \u00bb, les cookies et autres traceurs seront d\u00e9pos\u00e9s et vous pourrez visualiser les contenus  (<a href=\"\" class=\"consentModule_policy\" target=\"_blank\" title=\"Consulter la politique de protection des donn\u00e9es du fournisseur\">plus d&rsquo;informations<\/a>).<\/p>\n<p>En cliquant sur \u00ab J\u2019accepte tous les cookies \u00bb, vous autorisez des d\u00e9p\u00f4ts de cookies et autres traceurs pour le stockage de vos donn\u00e9es sur nos sites et applications \u00e0 des fins de personnalisation et de ciblage publicitaire.<\/p>\n<p class=\"consentModule_secondaryText\">Vous gardez la possibilit\u00e9 de retirer votre consentement \u00e0 tout moment en consultant notre <a href=\"https:\/\/www.ledauphine.com\/protection-des-donnees\" target=\"_blank\" title=\"Consulter notre politique de protection des donn\u00e9es\" rel=\"nofollow noopener\">politique de protection des donn\u00e9es<\/a>. <br \/>&#13;<br \/>\n            <a href=\"https:\/\/www.ledauphine.com\/sante\/2025\/12\/19\/javascript:Didomi.notice.show()\" class=\"consentModule_cmp\" rel=\"nofollow noopener\" target=\"_blank\">G\u00e9rer mes choix<\/a>&#13;\n        <\/p>\n<p>&#13;<br \/>\n                        J&rsquo;accepte&#13;<br \/>\n            J&rsquo;accepte tous les cookies&#13;\n        <\/p>\n<p>Le Pr Pierre Bouzat du p\u00f4le\u00a0anesth\u00e9sie r\u00e9animation dispose, quant \u00e0 lui, de\u00a0886\u00a0192\u00a0euros pour mener une \u00e9tude sur l\u2019effet de l\u2019administration de vasopressine (hormone qui favorise la r\u00e9absorption d\u2019eau dans l\u2019organisme) sur les d\u00e9faillances d\u2019organes. Le dernier projet est port\u00e9 par le n\u00e9phrologue Thomas Jouve. Avec\u00a0916\u00a0764\u00a0euros, il va mener des tests sur le tacrolimus, un immunosuppresseur indiqu\u00e9 pour la pr\u00e9vention du <a href=\"https:\/\/www.ledauphine.com\/isere-sud\/2019\/04\/12\/greffe-la-perspective-d-une-seconde-chance\" target=\"_blank\" rel=\"nofollow noopener\">rejet de greffes<\/a>.<\/p>\n<p>Par ailleurs, conjointement avec\u00a0l\u2019Assistance publique &#8211;\u00a0H\u00f4pitaux de Marseille (AP-HM), le CHU de Grenoble est impliqu\u00e9 dans un projet de recherche visant \u00e0 am\u00e9liorer le syst\u00e8me de sant\u00e9 fran\u00e7ais, en le comparant notamment \u00e0 l\u2019internationale. Il est port\u00e9 par le professeur\u00a0Bastien Boussat.<\/p>\n","protected":false},"excerpt":{"rendered":"La recherche au sein du centre hospitalier universitaire (CHU) de Grenoble est reconnue \u00e0 l\u2019\u00e9chelle nationale. Trois de&hellip;\n","protected":false},"author":2,"featured_media":609223,"comment_status":"","ping_status":"","sticky":false,"template":"","format":"standard","meta":{"footnotes":""},"categories":[9566],"tags":[1111,11,2430,112,1777,674,1011,27,2731,2732,108,12297,1985,12,25,71,767],"class_list":{"0":"post-609222","1":"post","2":"type-post","3":"status-publish","4":"format-standard","5":"has-post-thumbnail","7":"category-grenoble","8":"tag-actu","9":"tag-actualites","10":"tag-auvergne-rhone-alpes","11":"tag-edition-grenoble-agglomeration","12":"tag-eu","13":"tag-europe","14":"tag-fr","15":"tag-france","16":"tag-grenoble","17":"tag-grenoble-bassin","18":"tag-isere","19":"tag-la-tronche","20":"tag-metropole-de-grenoble","21":"tag-news","22":"tag-republique-francaise","23":"tag-sante","24":"tag-science-et-technologie"},"share_on_mastodon":{"url":"https:\/\/pubeurope.com\/@fr\/115745536256903326","error":""},"_links":{"self":[{"href":"https:\/\/www.europesays.com\/fr\/wp-json\/wp\/v2\/posts\/609222","targetHints":{"allow":["GET"]}}],"collection":[{"href":"https:\/\/www.europesays.com\/fr\/wp-json\/wp\/v2\/posts"}],"about":[{"href":"https:\/\/www.europesays.com\/fr\/wp-json\/wp\/v2\/types\/post"}],"author":[{"embeddable":true,"href":"https:\/\/www.europesays.com\/fr\/wp-json\/wp\/v2\/users\/2"}],"replies":[{"embeddable":true,"href":"https:\/\/www.europesays.com\/fr\/wp-json\/wp\/v2\/comments?post=609222"}],"version-history":[{"count":0,"href":"https:\/\/www.europesays.com\/fr\/wp-json\/wp\/v2\/posts\/609222\/revisions"}],"wp:featuredmedia":[{"embeddable":true,"href":"https:\/\/www.europesays.com\/fr\/wp-json\/wp\/v2\/media\/609223"}],"wp:attachment":[{"href":"https:\/\/www.europesays.com\/fr\/wp-json\/wp\/v2\/media?parent=609222"}],"wp:term":[{"taxonomy":"category","embeddable":true,"href":"https:\/\/www.europesays.com\/fr\/wp-json\/wp\/v2\/categories?post=609222"},{"taxonomy":"post_tag","embeddable":true,"href":"https:\/\/www.europesays.com\/fr\/wp-json\/wp\/v2\/tags?post=609222"}],"curies":[{"name":"wp","href":"https:\/\/api.w.org\/{rel}","templated":true}]}}