{"id":609224,"date":"2025-12-19T09:32:13","date_gmt":"2025-12-19T09:32:13","guid":{"rendered":"https:\/\/www.europesays.com\/fr\/609224\/"},"modified":"2025-12-19T09:32:13","modified_gmt":"2025-12-19T09:32:13","slug":"a-lorient-une-ceremonie-consacree-aux-anciens-et-nouveaux-de-la-formation-les-active-e-s","status":"publish","type":"post","link":"https:\/\/www.europesays.com\/fr\/609224\/","title":{"rendered":"\u00c0 Lorient, une c\u00e9r\u00e9monie consacr\u00e9e aux anciens et nouveaux de la formation Les Activ\u00e9.e.s"},"content":{"rendered":"<p>C\u2019est \u00e0 Lorient Agglom\u00e9ration que se sont retrouv\u00e9es les promos 2025 et 2026 de ce nouveau programme de formation pour booster la carri\u00e8re d\u2019entrepreneurs de quartiers prioritaires. C\u2019\u00e9tait le moment, pour les anciens, de faire un bilan et d\u2019accueillir les nouveaux \u00e9tudiants.<\/p>\n<p>Un programme port\u00e9 par France Active<\/p>\n<p><a href=\"https:\/\/www.letelegramme.fr\/morbihan\/lorient-56100\/sur-lorient-un-programme-daide-a-destination-des-entrepreneurs-de-quartiers-ouvre-le-18-decembre-2024-6702195.php\" title=\"www.letelegramme.fr\" target=\"_blank\" rel=\"noopener\">Les Activ\u00e9.e.s, c&rsquo;<\/a>est une initiative de<a href=\"https:\/\/www.franceactive.org\/\" title=\"www.franceactive.org\" target=\"_blank\" rel=\"noopener\"> France Active<\/a>, un mouvement associatif accompagnant financi\u00e8rement associations, entreprises et entrepreneurs avec peu de moyens. Apr\u00e8s les autres villes bretonnes, Lorient propose, depuis cette ann\u00e9e, ce nouveau programme pour former et accompagner les entrepreneurs, en priorit\u00e9 implant\u00e9s dans les quartiers prioritaires.<\/p>\n<p>\u00ab\u00a0C\u2019est gratuit et accessible si l\u2019entreprise a \u00e9t\u00e9 cr\u00e9\u00e9e il y a moins de trois ans\u00a0\u00bb, pr\u00e9cisent Lorie Voisard et Tinaig Corrignan, les coordinatrices du dispositif. \u00ab\u00a0C\u2019est un an de formation, de suivi personnalis\u00e9 et de mise en r\u00e9seau\u00a0\u00bb.<\/p>\n<blockquote><p>\u00c7a m\u2019a aid\u00e9e \u00e0 trouver de nouveaux outils et \u00e0 travailler sur mon propre mod\u00e8le de structuration \u00e9conomique<\/p><\/blockquote>\n<p>Un coup de pouce pour les jeunes entrepreneurs<\/p>\n<p>Le profil des \u00e9tudiants est vari\u00e9\u00a0: tous \u00e2ges et toutes origines, peu importe le statut de l\u2019entreprise (entreprise individuelle ou soci\u00e9t\u00e9). On donne la priorit\u00e9 \u00e0 ceux qui vivent ou travaillent dans les quartiers prioritaires, mais tout autre candidat, \u00e0 condition qu\u2019il soit \u00e9ligible, est bienvenu. \u00ab\u00a0Il faut que le programme serve au porteur \u00e0 ce moment-l\u00e0. En fonction de l\u2019\u00e9volution de l\u2019activit\u00e9, la personne doit \u00eatre disponible et accepter d\u2019\u00eatre accompagn\u00e9e\u00a0\u00bb, note Lorie Voisard. Pour les candidats, c\u2019est une mani\u00e8re de se lancer ou de se d\u00e9velopper concr\u00e8tement. Sonia Hervochon, consultante en cr\u00e9ation de projets culturels et socio-\u00e9ducatifs, termine son ann\u00e9e d\u2019Activ\u00e9.e.s plut\u00f4t satisfaite\u00a0: \u00ab\u00a0C\u2019est un \u00e9norme coup de pouce\u00a0\u00bb.<\/p>\n<p><b>Pratique<\/b><\/p>\n<p class=\"note\">Plus d\u2019informations sur le site\u00a0: <a href=\"https:\/\/franceactive-bretagne.bzh\/\" title=\"franceactive-bretagne.bzh\" target=\"_blank\" rel=\"noopener\">franceactive-bretagne.bzh <\/a>ou par mail\u00a0: lesactivees@franceactive-bretagne.bzh Les candidatures pour l\u2019ann\u00e9e 2026 sont closes\u00a0; les jeunes entrepreneurs sont invit\u00e9s \u00e0 candidater en fin d\u2019ann\u00e9e prochaine pour l\u2019\u00e9dition 2027.<\/p>\n","protected":false},"excerpt":{"rendered":"C\u2019est \u00e0 Lorient Agglom\u00e9ration que se sont retrouv\u00e9es les promos 2025 et 2026 de ce nouveau programme de&hellip;\n","protected":false},"author":2,"featured_media":609225,"comment_status":"","ping_status":"","sticky":false,"template":"","format":"standard","meta":{"footnotes":""},"categories":[2821],"tags":[1111,11,829,33,341,257,1777,674,1011,27,1781,12,584,25],"class_list":{"0":"post-609224","1":"post","2":"type-post","3":"status-publish","4":"format-standard","5":"has-post-thumbnail","7":"category-rennes","8":"tag-actu","9":"tag-actualites","10":"tag-bretagne","11":"tag-economie","12":"tag-emploi","13":"tag-entreprise","14":"tag-eu","15":"tag-europe","16":"tag-fr","17":"tag-france","18":"tag-lorient","19":"tag-news","20":"tag-rennes","21":"tag-republique-francaise"},"share_on_mastodon":{"url":"https:\/\/pubeurope.com\/@fr\/115745544247235303","error":""},"_links":{"self":[{"href":"https:\/\/www.europesays.com\/fr\/wp-json\/wp\/v2\/posts\/609224","targetHints":{"allow":["GET"]}}],"collection":[{"href":"https:\/\/www.europesays.com\/fr\/wp-json\/wp\/v2\/posts"}],"about":[{"href":"https:\/\/www.europesays.com\/fr\/wp-json\/wp\/v2\/types\/post"}],"author":[{"embeddable":true,"href":"https:\/\/www.europesays.com\/fr\/wp-json\/wp\/v2\/users\/2"}],"replies":[{"embeddable":true,"href":"https:\/\/www.europesays.com\/fr\/wp-json\/wp\/v2\/comments?post=609224"}],"version-history":[{"count":0,"href":"https:\/\/www.europesays.com\/fr\/wp-json\/wp\/v2\/posts\/609224\/revisions"}],"wp:featuredmedia":[{"embeddable":true,"href":"https:\/\/www.europesays.com\/fr\/wp-json\/wp\/v2\/media\/609225"}],"wp:attachment":[{"href":"https:\/\/www.europesays.com\/fr\/wp-json\/wp\/v2\/media?parent=609224"}],"wp:term":[{"taxonomy":"category","embeddable":true,"href":"https:\/\/www.europesays.com\/fr\/wp-json\/wp\/v2\/categories?post=609224"},{"taxonomy":"post_tag","embeddable":true,"href":"https:\/\/www.europesays.com\/fr\/wp-json\/wp\/v2\/tags?post=609224"}],"curies":[{"name":"wp","href":"https:\/\/api.w.org\/{rel}","templated":true}]}}