{"id":609230,"date":"2025-12-19T09:35:16","date_gmt":"2025-12-19T09:35:16","guid":{"rendered":"https:\/\/www.europesays.com\/fr\/609230\/"},"modified":"2025-12-19T09:35:16","modified_gmt":"2025-12-19T09:35:16","slug":"didier-est-lun-des-derniers-bruiteurs-de-film-en-france","status":"publish","type":"post","link":"https:\/\/www.europesays.com\/fr\/609230\/","title":{"rendered":"Didier est l\u2019un\u00a0des derniers bruiteurs\u00a0de film en France"},"content":{"rendered":"<p>A Strasbourg, Didier Falk, se serre des objets du quotidien pour faire son m\u00e9tier\u202f: bruiteur de film. Il nous ouvre son studio pour d\u00e9couvrir la cr\u00e9ation de ces bruits. <\/p>\n<p class=\"chapeau\">\u00c0 Strasbourg, <strong>Didier Falk, bruiteur de films<\/strong>, redonne vie aux <strong>sons du quotidien<\/strong>. Un savoir-faire unique \u00e0 d\u00e9couvrir et \u00e0 encourager.<\/p>\n<p>Didier Falk, fondateur de <strong><a href=\"https:\/\/www.will-studio.fr\/\" target=\"_blank\" rel=\"noreferrer noopener\">Will Production<\/a><\/strong> \u00e0 <strong>Strasbourg<\/strong>, est <strong>l\u2019un des derniers bruiteurs de films en France. <\/strong>Son m\u00e9tier consiste \u00e0 reproduire des sons r\u00e9alistes pour le cin\u00e9ma, allant des bruits de pas aux sons d\u2019objets du quotidien.<\/p>\n<p>Il explique : \u201cLa sp\u00e9cificit\u00e9 du bruitage, c\u2019est qu\u2019on ne va pas utiliser n\u00e9cessairement l\u2019objet qui fait le bruit.\u201d Pour cr\u00e9er des sons authentiques, <strong>Didier utilise une vari\u00e9t\u00e9 d\u2019objets, transformant des \u00e9l\u00e9ments banals en cr\u00e9ations sonores uniques.<\/strong><\/p>\n<p>Un savoir-faire artisanal en danger<\/p>\n<p>Le m\u00e9tier de bruiteur se perd, car <strong>il n\u2019existe pas d\u2019\u00e9cole de bruitage en France<\/strong>. Cette situation souligne <strong>l\u2019importance de pr\u00e9server ce savoir-faire, qui enrichit l\u2019exp\u00e9rience cin\u00e9matographique.<\/strong><\/p>\n<p>Didier \u00e9voque la <strong>cr\u00e9ativit\u00e9 <\/strong>n\u00e9cessaire dans son travail : \u201cCe sont des objets du quotidien que l\u2019on va chiner sur les march\u00e9s aux puces. Cela montre que chaque son peut raconter une histoire, ajoutant une dimension humaine au cin\u00e9ma.\u201d<\/p>\n<p>Pour en savoir plus sur cet art fascinant, <strong>\u00e9coutez l\u2019audio complet disponible et plongez dans l\u2019univers du bruitage avec Didier Falk.<\/strong><\/p>\n<p>Chargement des articles recommand\u00e9s&#8230;<\/p>\n","protected":false},"excerpt":{"rendered":"A Strasbourg, Didier Falk, se serre des objets du quotidien pour faire son m\u00e9tier\u202f: bruiteur de film. Il&hellip;\n","protected":false},"author":2,"featured_media":609231,"comment_status":"","ping_status":"","sticky":false,"template":"","format":"standard","meta":{"footnotes":""},"categories":[2820],"tags":[1111,11,1777,674,1011,27,775,4862,12,25,640],"class_list":{"0":"post-609230","1":"post","2":"type-post","3":"status-publish","4":"format-standard","5":"has-post-thumbnail","7":"category-strasbourg","8":"tag-actu","9":"tag-actualites","10":"tag-eu","11":"tag-europe","12":"tag-fr","13":"tag-france","14":"tag-grand-est","15":"tag-mieux-etre","16":"tag-news","17":"tag-republique-francaise","18":"tag-strasbourg"},"share_on_mastodon":{"url":"https:\/\/pubeurope.com\/@fr\/115745556015768661","error":""},"_links":{"self":[{"href":"https:\/\/www.europesays.com\/fr\/wp-json\/wp\/v2\/posts\/609230","targetHints":{"allow":["GET"]}}],"collection":[{"href":"https:\/\/www.europesays.com\/fr\/wp-json\/wp\/v2\/posts"}],"about":[{"href":"https:\/\/www.europesays.com\/fr\/wp-json\/wp\/v2\/types\/post"}],"author":[{"embeddable":true,"href":"https:\/\/www.europesays.com\/fr\/wp-json\/wp\/v2\/users\/2"}],"replies":[{"embeddable":true,"href":"https:\/\/www.europesays.com\/fr\/wp-json\/wp\/v2\/comments?post=609230"}],"version-history":[{"count":0,"href":"https:\/\/www.europesays.com\/fr\/wp-json\/wp\/v2\/posts\/609230\/revisions"}],"wp:featuredmedia":[{"embeddable":true,"href":"https:\/\/www.europesays.com\/fr\/wp-json\/wp\/v2\/media\/609231"}],"wp:attachment":[{"href":"https:\/\/www.europesays.com\/fr\/wp-json\/wp\/v2\/media?parent=609230"}],"wp:term":[{"taxonomy":"category","embeddable":true,"href":"https:\/\/www.europesays.com\/fr\/wp-json\/wp\/v2\/categories?post=609230"},{"taxonomy":"post_tag","embeddable":true,"href":"https:\/\/www.europesays.com\/fr\/wp-json\/wp\/v2\/tags?post=609230"}],"curies":[{"name":"wp","href":"https:\/\/api.w.org\/{rel}","templated":true}]}}