{"id":609245,"date":"2025-12-19T09:43:16","date_gmt":"2025-12-19T09:43:16","guid":{"rendered":"https:\/\/www.europesays.com\/fr\/609245\/"},"modified":"2025-12-19T09:43:16","modified_gmt":"2025-12-19T09:43:16","slug":"par-hasard-la-police-sauve-une-femme-ensanglantee","status":"publish","type":"post","link":"https:\/\/www.europesays.com\/fr\/609245\/","title":{"rendered":"par hasard, la police sauve une femme ensanglant\u00e9e"},"content":{"rendered":"<p>                    Par<br \/>\n        <strong><br \/>\n            <a href=\"https:\/\/actu.fr\/auteur\/anaelle-montagne\" title=\"Consulter tous les articles de Anaelle Montagne\" target=\"_blank\" rel=\"noopener\">Anaelle Montagne<\/a><br \/>\n                    <\/strong><\/p>\n<p>        Publi\u00e9 le<\/p>\n<p>            19 d\u00e9c. 2025 \u00e0 10h02        <\/p>\n<p>La pr\u00e9sence des policiers a probablement sauv\u00e9 une jeune femme d\u2019un funeste destin. Dans la nuit du jeudi 18 au vendredi 19 d\u00e9cembre \u00e0 <a href=\"https:\/\/actu.fr\/toulouse\/\" target=\"_blank\" rel=\"noopener\">Toulouse<\/a>, alors que les agents de police recherchaient simplement des individus entr\u00e9s par effraction dans un pavillon, ils sont tomb\u00e9s au beau milieu d\u2019une<strong> grave sc\u00e8ne de violences<\/strong>.\u00a0<\/p>\n<p>Ils mettent la main sur les deux individus\u00a0<\/p>\n<p class=\" wall-content\">C\u2019est un appel au 17 qui pousse les policiers \u00e0 se rendre rue de la Faourette, peu apr\u00e8s minuit, pour retrouver deux hommes entr\u00e9s de force dans un pavillon. Lorsqu\u2019ils arrivent devant, bingo : <strong>ils les croisent<\/strong>, en train de sortir d\u2019un pas d\u00e9termin\u00e9.\u00a0<\/p>\n<p>    <a href=\"https:\/\/www.google.com\/maps\/embed?pb=!1m18!1m12!1m3!1d2890.3128334335074!2d1.4163090746591753!3d43.57919985721611!2m3!1f0!2f0!3f0!3m2!1i1024!2i768!4f13.1!3m3!1m2!1s0x12aebbbcaf343a65%3A0xebdeb29fcd2d0c82!2sRue%20de%20la%20Faourette%2C%2031100%20Toulouse!5e0!3m2!1sen!2sfr!4v1766134594479!5m2!1sen!2sfr\" title=\"Ouvrie le lien\" target=\"_blank\" rel=\"noopener\">Cliquez ici pour visualiser le contenu<\/a><\/p>\n<p class=\" wall-content\">Contr\u00f4l\u00e9s, les individus n\u2019ont pas grand chose \u00e0 se reprocher\u2026 mais ils ont quelque chose \u00e0 leur dire. \u00ab\u00a0Ils leur ont donn\u00e9 l\u2019information <strong>qu\u2019un couple \u00e9tait en train de se battre<\/strong> \u00e0 l\u2019\u00e9tage\u00a0\u00bb, souffle une source polici\u00e8re d\u2019Actu Toulouse.\u00a0<\/p>\n<p>Les hurlements d\u2019une femme<\/p>\n<p class=\" wall-content\">Ni une, ni deux, les policiers grimpent les marches. Et \u00e0 mesure qu\u2019ils montent, ils entendent en effet <strong>les hurlements d\u2019une femme<\/strong>. Elle tente de sortir, mais un homme la maintient de force. En aper\u00e7evant les agents de police entrer dans le logement, surpris, <strong>le jeune homme de 19 ans<\/strong> finit par l\u00e2cher sa victime.\u00a0<\/p>\n<p>Du sang sur sa robe de chambre<\/p>\n<p class=\" wall-content\">Les hommes en bleu ne peuvent alors que constater la violence de la sc\u00e8ne : la robe de chambre de la femme, \u00e2g\u00e9e de 35 ans, est couverte de t\u00e2ches de sang. \u00ab\u00a0<strong>Elle venait de se faire poignarder \u00e0 la cuisse\u00a0\u00bb<\/strong> par celui qui semble \u00eatre son compagnon, indique notre source.<\/p>\n<p>Vid\u00e9os : en ce moment sur Actu<\/p>\n<p class=\" wall-content\">La trentenaire est bless\u00e9e, mais son pronostic vital n\u2019est pas engag\u00e9 lorsqu\u2019elle est transport\u00e9e \u00e0 l\u2019h\u00f4pital de Purpan. Les policiers, eux, ne sont pas au bout de leurs surprises : ils d\u00e9couvrent <strong>une grande quantit\u00e9 de drogue<\/strong> dans le logement.<\/p>\n<p>Les deux protagonistes plac\u00e9s en garde \u00e0 vue<\/p>\n<p class=\" wall-content\">Le jeune compagnon de la victime est alors interpell\u00e9 et plac\u00e9 en garde \u00e0 vue, \u00e0 la fois pour les<strong> violences sur sa compagne<\/strong>\u00a0et parce qu\u2019il <strong>poss\u00e9dait des stup\u00e9fiants<\/strong>.<\/p>\n<p>Votre r\u00e9gion, votre actu !<\/p>\n<p>Recevez chaque jour les infos qui comptent pour vous.<\/p>\n<p>\t<a href=\"https:\/\/actu.fr\/newsletter\" class=\"ac-btn ac-btn--corner ac-btn--medium ac-btn--blue800\" target=\"_blank\" rel=\"noopener\">S&rsquo;incrire<\/a><\/p>\n<p class=\" wall-content\">A l\u2019issue de ses soins, la trentenaire a \u00e9galement \u00e9t\u00e9 plac\u00e9e en garde \u00e0 vue, concernant la drogue retrouv\u00e9e \u00e0 leur domicile. Les auditions sont toujours en cours, ce vendredi 19 d\u00e9cembre en milieu de matin\u00e9e.\u00a0<\/p>\n<p class=\" wall-content\">Personnalisez votre actualit\u00e9 en ajoutant vos villes et m\u00e9dias en favori avec <a href=\"https:\/\/moncompte.actu.fr\" title=\"D\u00e9couvez Mon Actu\" rel=\"nofollow noopener\" data-trk=\"{&quot;cta&quot;:{&quot;action&quot;:&quot;https:\\\/\\\/moncompte.actu.fr&quot;,&quot;category&quot;:&quot;mon compte&quot;,&quot;from&quot;:&quot;article footer&quot;,&quot;name&quot;:&quot;Mon actu&quot;,&quot;type&quot;:&quot;cta&quot;}}\" target=\"_blank\">Mon Actu<\/a>.<\/p>\n","protected":false},"excerpt":{"rendered":"Par Anaelle Montagne Publi\u00e9 le 19 d\u00e9c. 2025 \u00e0 10h02 La pr\u00e9sence des policiers a probablement sauv\u00e9 une&hellip;\n","protected":false},"author":2,"featured_media":609246,"comment_status":"","ping_status":"","sticky":false,"template":"","format":"standard","meta":{"footnotes":""},"categories":[2816],"tags":[1111,11,1052,1777,674,118,1011,27,12,2680,1072,25,2312,798],"class_list":{"0":"post-609245","1":"post","2":"type-post","3":"status-publish","4":"format-standard","5":"has-post-thumbnail","7":"category-toulouse","8":"tag-actu","9":"tag-actualites","10":"tag-drogue","11":"tag-eu","12":"tag-europe","13":"tag-faits-divers","14":"tag-fr","15":"tag-france","16":"tag-news","17":"tag-occitanie","18":"tag-police","19":"tag-republique-francaise","20":"tag-toulouse","21":"tag-violences-conjugales"},"share_on_mastodon":{"url":"https:\/\/pubeurope.com\/@fr\/115745587414142097","error":""},"_links":{"self":[{"href":"https:\/\/www.europesays.com\/fr\/wp-json\/wp\/v2\/posts\/609245","targetHints":{"allow":["GET"]}}],"collection":[{"href":"https:\/\/www.europesays.com\/fr\/wp-json\/wp\/v2\/posts"}],"about":[{"href":"https:\/\/www.europesays.com\/fr\/wp-json\/wp\/v2\/types\/post"}],"author":[{"embeddable":true,"href":"https:\/\/www.europesays.com\/fr\/wp-json\/wp\/v2\/users\/2"}],"replies":[{"embeddable":true,"href":"https:\/\/www.europesays.com\/fr\/wp-json\/wp\/v2\/comments?post=609245"}],"version-history":[{"count":0,"href":"https:\/\/www.europesays.com\/fr\/wp-json\/wp\/v2\/posts\/609245\/revisions"}],"wp:featuredmedia":[{"embeddable":true,"href":"https:\/\/www.europesays.com\/fr\/wp-json\/wp\/v2\/media\/609246"}],"wp:attachment":[{"href":"https:\/\/www.europesays.com\/fr\/wp-json\/wp\/v2\/media?parent=609245"}],"wp:term":[{"taxonomy":"category","embeddable":true,"href":"https:\/\/www.europesays.com\/fr\/wp-json\/wp\/v2\/categories?post=609245"},{"taxonomy":"post_tag","embeddable":true,"href":"https:\/\/www.europesays.com\/fr\/wp-json\/wp\/v2\/tags?post=609245"}],"curies":[{"name":"wp","href":"https:\/\/api.w.org\/{rel}","templated":true}]}}