{"id":609247,"date":"2025-12-19T09:45:17","date_gmt":"2025-12-19T09:45:17","guid":{"rendered":"https:\/\/www.europesays.com\/fr\/609247\/"},"modified":"2025-12-19T09:45:17","modified_gmt":"2025-12-19T09:45:17","slug":"rencontre-avec-ladame-quicolle-actualites","status":"publish","type":"post","link":"https:\/\/www.europesays.com\/fr\/609247\/","title":{"rendered":"Rencontre avec LaDame Quicolle \/ Actualit\u00e9s"},"content":{"rendered":"<p>Le portrait 28 s\u2019affiche dans les dix quartiers lillois, par exemple pr\u00e8s de la mairie de quartier Fives, boulevard Victor Hugo, \u00e0 Moulins, ou encore place Antoine Tacq, au Faubourg de B\u00e9thune.<\/p>\n<p><strong>Cette femme anonyme a pos\u00e9 pour <a href=\"https:\/\/www.instagram.com\/ladame_quicolle\/?hl=fr\" target=\"_blank\" class=\"lien_interne\" rel=\"noopener\">LaDame Quicolle<\/a>, dans le cadre de la programmation autour du 25 novembre,<\/strong> journ\u00e9e internationale pour l\u2019\u00e9limination de la violence \u00e0 l\u2019\u00e9gard des femmes.\u00a0<\/p>\n<p>Fruit d\u2019une nouvelle collaboration entre la municipalit\u00e9 et la street artiste, elle symbolise la lutte contre le harc\u00e8lement de rue. \u00ab\u00a0<strong>E<\/strong><strong>lle parle des violences dont sont victimes les femmes<\/strong> mais aussi de la place qui leur est faite, ou plut\u00f4t pas faite, dans l\u2019espace public\u00a0\u00bb, pr\u00e9cise LaDame Quicolle.\u00a0<\/p>\n<p>Perception du genre f\u00e9minin<\/p>\n<p>Dipl\u00f4m\u00e9e des Beaux-Arts, elle s\u2019int\u00e9resse particuli\u00e8rement \u00e0 la repr\u00e9sentation des femmes et \u00e0 leur r\u00f4le dans l\u2019histoire de l\u2019Art. De toutes ses lectures est n\u00e9e <strong>une envie de coller pour le regard des passants<\/strong>. Elle bouleverse la perception du genre f\u00e9minin si souvent <strong>restreinte et conditionn\u00e9e par le regard masculin<\/strong>.\u00a0<\/p>\n<p>Son portrait 1, elle l\u2019a rencontr\u00e9 au hasard d\u2019une soir\u00e9e, en 2021. <strong>Le r\u00e9cit d\u2019un v\u00e9cu intime amorce l\u2019id\u00e9e d\u2019un collage<\/strong>. \u00ab\u00a0Le but n&rsquo;est pas de relater leur histoire\u00a0\u00bb, remarque l\u2019artiste, \u00ab\u00a0ni m\u00eame de raconter un imaginaire li\u00e9 \u00e0 des agressions ou \u00e0 des viols.\u00a0\u00bb\u00a0<\/p>\n<p>Des gardiennes de rue<\/p>\n<p>Le portrait met en lumi\u00e8re une femme ordinaire, dont on ne sait pas pourquoi elle est l\u00e0, mais dont<strong>\u00a0on se dit qu\u2019elle est suffisamment importante pour se retrouver coll\u00e9e au d\u00e9tour d\u2019une rue<\/strong>. \u00ab\u00a0Je veux parler de ce qu\u2019est une femme, pour ce qu\u2019elle, normalement, et c\u2019est d\u00e9j\u00e0 beaucoup\u2026\u00a0\u00bb<\/p>\n<p>Toutes les femmes qui se pr\u00eatent au projet, baptis\u00e9 \u00ab\u00a0gardiennes de rue\u00a0\u00bb, choisissent leur tenue et leur pose pour passer sous l\u2019objectif de LaDame Quicolle. <strong>Elles s\u00e9lectionnent aussi leur photo pr\u00e9f\u00e9r\u00e9e<\/strong>. Puis l\u2019artiste les dessine en taille r\u00e9elle, y apporte les couleurs, les scanne et les imprime.\u00a0<\/p>\n<p>Contes de f\u00e9es ?<\/p>\n<p>Cette s\u00e9rie, qui se d\u00e9cline au long cours, s\u2019est enrichie d\u2019une deuxi\u00e8me, intitul\u00e9e \u00ab\u00a0<strong>elles ne se mari\u00e8rent pas et n\u2019eurent pas forc\u00e9ment d\u2019enfant\u00a0<\/strong>\u00bb. Elle r\u00e9v\u00e8le des femmes c\u00e9l\u00e8bres victimes de violences, comme Tina Turner ou Marie Trintignant, ou des actrices qui ont pr\u00eat\u00e9 leur talent \u00e0 des contes, longtemps qualifi\u00e9s \u00ab\u00a0de f\u00e9es\u00a0\u00bb, tels que \u00ab\u00a0Peau d\u2019\u00c2ne\u00a0\u00bb \u2026<\/p>\n<p>La Dame Quicolle est aussi engag\u00e9e toute l\u2019ann\u00e9e pour collaborer \u00e0 divers projets autour de l<strong>a place des femmes, des relations amoureuses, des st\u00e9r\u00e9otypes de genre, des rapports de domination. <\/strong><\/p>\n<p>Elle vient de participer au temps fort de la Maison des Adolescents <strong>pour d\u00e9tricoter le masculinisme<\/strong>. \u00c0 l\u2019heure o\u00f9 des communaut\u00e9s en ligne vantent le \u00ab\u00a0m\u00e2le alpha\u00a0\u00bb, viril et traditionnel, l\u2019artiste et d\u2019autres professionnels ont aid\u00e9 les jeunes \u00e0 y r\u00e9fl\u00e9chir et \u00e0 en \u00e9changer. Sans collage mais toujours avec la m\u00eame d\u00e9termination.<\/p>\n<p>Par Val\u00e9rie Pfahl<\/p>\n<p><script async src=\"\/\/www.instagram.com\/embed.js\"><\/script><\/p>\n","protected":false},"excerpt":{"rendered":"Le portrait 28 s\u2019affiche dans les dix quartiers lillois, par exemple pr\u00e8s de la mairie de quartier Fives,&hellip;\n","protected":false},"author":2,"featured_media":609248,"comment_status":"","ping_status":"","sticky":false,"template":"","format":"standard","meta":{"footnotes":""},"categories":[2815],"tags":[1111,11,4763,1777,674,1011,27,811,1307,5415,12,25],"class_list":{"0":"post-609247","1":"post","2":"type-post","3":"status-publish","4":"format-standard","5":"has-post-thumbnail","7":"category-lille","8":"tag-actu","9":"tag-actualites","10":"tag-agenda","11":"tag-eu","12":"tag-europe","13":"tag-fr","14":"tag-france","15":"tag-hauts-de-france","16":"tag-lille","17":"tag-mairie","18":"tag-news","19":"tag-republique-francaise"},"share_on_mastodon":{"url":"https:\/\/pubeurope.com\/@fr\/115745595357518095","error":""},"_links":{"self":[{"href":"https:\/\/www.europesays.com\/fr\/wp-json\/wp\/v2\/posts\/609247","targetHints":{"allow":["GET"]}}],"collection":[{"href":"https:\/\/www.europesays.com\/fr\/wp-json\/wp\/v2\/posts"}],"about":[{"href":"https:\/\/www.europesays.com\/fr\/wp-json\/wp\/v2\/types\/post"}],"author":[{"embeddable":true,"href":"https:\/\/www.europesays.com\/fr\/wp-json\/wp\/v2\/users\/2"}],"replies":[{"embeddable":true,"href":"https:\/\/www.europesays.com\/fr\/wp-json\/wp\/v2\/comments?post=609247"}],"version-history":[{"count":0,"href":"https:\/\/www.europesays.com\/fr\/wp-json\/wp\/v2\/posts\/609247\/revisions"}],"wp:featuredmedia":[{"embeddable":true,"href":"https:\/\/www.europesays.com\/fr\/wp-json\/wp\/v2\/media\/609248"}],"wp:attachment":[{"href":"https:\/\/www.europesays.com\/fr\/wp-json\/wp\/v2\/media?parent=609247"}],"wp:term":[{"taxonomy":"category","embeddable":true,"href":"https:\/\/www.europesays.com\/fr\/wp-json\/wp\/v2\/categories?post=609247"},{"taxonomy":"post_tag","embeddable":true,"href":"https:\/\/www.europesays.com\/fr\/wp-json\/wp\/v2\/tags?post=609247"}],"curies":[{"name":"wp","href":"https:\/\/api.w.org\/{rel}","templated":true}]}}