{"id":609250,"date":"2025-12-19T09:47:15","date_gmt":"2025-12-19T09:47:15","guid":{"rendered":"https:\/\/www.europesays.com\/fr\/609250\/"},"modified":"2025-12-19T09:47:15","modified_gmt":"2025-12-19T09:47:15","slug":"laccalmie-est-terminee-la-prefecture-reordonne-la-fermeture-des-epiceries-de-nuit-dans-le-centre-ville","status":"publish","type":"post","link":"https:\/\/www.europesays.com\/fr\/609250\/","title":{"rendered":"l&rsquo;accalmie est termin\u00e9e, la pr\u00e9fecture r\u00e9ordonne la fermeture des \u00e9piceries de nuit dans le centre-ville"},"content":{"rendered":"<p>Quinze jours seulement apr\u00e8s avoir lev\u00e9 le pied sur les restrictions, la pr\u00e9fecture de police des Bouches-du-Rh\u00f4ne fait marche arri\u00e8re. Face \u00e0 une recrudescence imm\u00e9diate des troubles \u00e0 l&rsquo;ordre public, un nouvel arr\u00eat\u00e9 de fermeture nocturne des \u00e9piceries tombe comme un couperet. Il est entr\u00e9 en vigueur d\u00e8s hier soir dans le centre-ville de Marseille.<\/p>\n<p class=\"ng-star-inserted\">C&rsquo;est un retour \u00e0 la case d\u00e9part pour <a href=\"https:\/\/maritima.fr\/actualites\/economie\/marseille\/5799\/marseille-rassemblement-des-gerants-depiceries-de-nuit-contre-larrete-prefectoral\" target=\"_blank\" rel=\"noopener\">les commerces nocturnes<\/a>. La pr\u00e9f\u00e8te de police d\u00e9l\u00e9gu\u00e9e, Corinne Simon, avait pourtant tent\u00e9 de jouer la carte de la confiance. Depuis deux semaines, elle avait fait le choix de ne pas renouveler l&rsquo;arr\u00eat\u00e9 de fermeture, offrant un r\u00e9pit aux \u00e9piceries de nuit.<\/p>\n<p class=\"ng-star-inserted\">Le bilan de ce \u00ab\u00a0test\u00a0\u00bb est sans appel.\u00a0\u00ab\u00a0Apr\u00e8s 15 jours sans arr\u00eat\u00e9, les nuisances et troubles \u00e0 l&rsquo;ordre public constat\u00e9s ont conduit la pr\u00e9f\u00e8te de police d\u00e9l\u00e9gu\u00e9e \u00e0 revoir ce choix\u00a0\u00bb, indique la pr\u00e9fecture dans une communication officielle.<\/p>\n<p class=\"ng-star-inserted\">\u00a0<\/p>\n<p>Fermeture imm\u00e9diate dans le centre-ville<\/p>\n<p class=\"ng-star-inserted\">La sanction est tomb\u00e9e hier soir avec la publication d&rsquo;un nouvel arr\u00eat\u00e9. La fermeture anticip\u00e9e s&rsquo;applique de nouveau\u00a0<strong class=\"ng-star-inserted\">depuis ce jeudi soir<\/strong>\u00a0pour les \u00e9tablissements situ\u00e9s dans le\u00a0<strong class=\"ng-star-inserted\">centre-ville de Marseille<\/strong>.<\/p>\n<p class=\"ng-star-inserted\">Et les autorit\u00e9s pr\u00e9viennent : ce p\u00e9rim\u00e8tre n&rsquo;est pas fig\u00e9. La pr\u00e9fecture menace d&rsquo;\u00e9largir la zone\u00a0\u00ab\u00a0en cas de troubles constat\u00e9s en dehors du secteur concern\u00e9\u00a0\u00bb.<\/p>\n<p class=\"ng-star-inserted\">\u00a0<\/p>\n<p>L&rsquo;avertissement d&rsquo;octobre a \u00e9t\u00e9 mis \u00e0 ex\u00e9cution<\/p>\n<p class=\"ng-star-inserted\">Ce durcissement n&rsquo;est pas une surprise totale. En octobre dernier, <a href=\"https:\/\/maritima.fr\/actualites\/faits-divers\/marseille\/9155\/info-maritima-epiceries-de-nuit-a-marseille-la-prefete-assouplit-les-regles-mais-previent-attention-vigilance\" target=\"_blank\" rel=\"noopener\">Corinne Simon avait annonc\u00e9 sur notre antenne un \u00ab\u00a0assouplissement\u00a0\u00bb du dispositif<\/a> suite \u00e0 une nette am\u00e9lioration de la situation durant l&rsquo;\u00e9t\u00e9. Mais elle avait \u00e9t\u00e9 tr\u00e8s claire :\u00a0\u00ab\u00a0Les sanctions pourront \u00eatre r\u00e9activ\u00e9es tr\u00e8s tr\u00e8s vite si les nuisances reprennent\u00a0\u00bb.<\/p>\n<p class=\"ng-star-inserted\">Il semble que l&rsquo;avertissement n&rsquo;ait pas \u00e9t\u00e9 entendu. Depuis le mois de mars, <a href=\"https:\/\/maritima.fr\/actualites\/faits-divers\/marseille\/8002\/fermeture-des-epiceries-de-nuit-prolongee-a-marseille-quen-disent-les-habitants\" target=\"_blank\" rel=\"noopener\">la lutte contre la\u00a0<\/a><a href=\"https:\/\/maritima.fr\/actualites\/faits-divers\/marseille\/8002\/fermeture-des-epiceries-de-nuit-prolongee-a-marseille-quen-disent-les-habitants\" target=\"_blank\" rel=\"noopener\">\u00ab\u00a0vie infernale\u00a0\u00bb<\/a><a href=\"https:\/\/maritima.fr\/actualites\/faits-divers\/marseille\/8002\/fermeture-des-epiceries-de-nuit-prolongee-a-marseille-quen-disent-les-habitants\" target=\"_blank\" rel=\"noopener\">\u00a0subie par les riverains<\/a> (consommation d&rsquo;alcool sur la voie publique, tapage, rixes, rassemblements) reste une priorit\u00e9. La parenth\u00e8se de tol\u00e9rance est donc officiellement referm\u00e9e.<\/p>\n","protected":false},"excerpt":{"rendered":"Quinze jours seulement apr\u00e8s avoir lev\u00e9 le pied sur les restrictions, la pr\u00e9fecture de police des Bouches-du-Rh\u00f4ne fait&hellip;\n","protected":false},"author":2,"featured_media":208873,"comment_status":"","ping_status":"","sticky":false,"template":"","format":"standard","meta":{"footnotes":""},"categories":[2814],"tags":[1111,11,55896,1777,674,1011,27,884,12,15003,882,25],"class_list":{"0":"post-609250","1":"post","2":"type-post","3":"status-publish","4":"format-standard","5":"has-post-thumbnail","7":"category-marseille","8":"tag-actu","9":"tag-actualites","10":"tag-epicerie-de-nuit","11":"tag-eu","12":"tag-europe","13":"tag-fr","14":"tag-france","15":"tag-marseille","16":"tag-news","17":"tag-prefet-de-police","18":"tag-provence-alpes-cote-dazur","19":"tag-republique-francaise"},"share_on_mastodon":{"url":"https:\/\/pubeurope.com\/@fr\/115745603322662403","error":""},"_links":{"self":[{"href":"https:\/\/www.europesays.com\/fr\/wp-json\/wp\/v2\/posts\/609250","targetHints":{"allow":["GET"]}}],"collection":[{"href":"https:\/\/www.europesays.com\/fr\/wp-json\/wp\/v2\/posts"}],"about":[{"href":"https:\/\/www.europesays.com\/fr\/wp-json\/wp\/v2\/types\/post"}],"author":[{"embeddable":true,"href":"https:\/\/www.europesays.com\/fr\/wp-json\/wp\/v2\/users\/2"}],"replies":[{"embeddable":true,"href":"https:\/\/www.europesays.com\/fr\/wp-json\/wp\/v2\/comments?post=609250"}],"version-history":[{"count":0,"href":"https:\/\/www.europesays.com\/fr\/wp-json\/wp\/v2\/posts\/609250\/revisions"}],"wp:featuredmedia":[{"embeddable":true,"href":"https:\/\/www.europesays.com\/fr\/wp-json\/wp\/v2\/media\/208873"}],"wp:attachment":[{"href":"https:\/\/www.europesays.com\/fr\/wp-json\/wp\/v2\/media?parent=609250"}],"wp:term":[{"taxonomy":"category","embeddable":true,"href":"https:\/\/www.europesays.com\/fr\/wp-json\/wp\/v2\/categories?post=609250"},{"taxonomy":"post_tag","embeddable":true,"href":"https:\/\/www.europesays.com\/fr\/wp-json\/wp\/v2\/tags?post=609250"}],"curies":[{"name":"wp","href":"https:\/\/api.w.org\/{rel}","templated":true}]}}