{"id":609269,"date":"2025-12-19T10:04:00","date_gmt":"2025-12-19T10:04:00","guid":{"rendered":"https:\/\/www.europesays.com\/fr\/609269\/"},"modified":"2025-12-19T10:04:00","modified_gmt":"2025-12-19T10:04:00","slug":"donald-trump-annonce-la-tenue-de-patriot-games-pour-le-250e-anniversaire-des-etats-unis","status":"publish","type":"post","link":"https:\/\/www.europesays.com\/fr\/609269\/","title":{"rendered":"Donald Trump annonce la tenue de \u00abPatriot Games\u00bb pour le 250e anniversaire des \u00c9tats-Unis"},"content":{"rendered":"<p>\n    Cette comp\u00e9tition sportive nationale r\u00e9unira \u00abun jeune homme et une jeune femme de chaque \u00c9tat et territoire\u00bb, s\u00e9lectionn\u00e9s parmi les meilleurs athl\u00e8tes lyc\u00e9ens du pays. Les d\u00e9mocrates comparent d\u00e9j\u00e0 cette initiative \u00e0 la saga dystopique Hunger Games.<\/p>\n<p class=\"fig-paragraph\">\u00ab Puisse le sort vous \u00eatre favorable.\u00a0\u00bb \u00c0 l\u2019approche du\u00a0<a href=\"http:\/\/www.lefigaro.fr\/international\/donald-trump-celebre-les-250-ans-de-l-us-navy-alors-que-les-defis-s-accumulent-20251008\" data-fig-type=\"Article\" data-gtm-custom-categorie=\"navigation\" data-gtm-custom-action=\"crossclick\" data-gtm-custom-label=\"Contextuel\" data-gtm-event=\"customEventSPE\" data-fig-domain=\"LEFIGARO\" target=\"_blank\" rel=\"noopener\">250 anniversaire de l\u2019ind\u00e9pendance am\u00e9ricaine<\/a>, Donald Trump entend donner \u00e0 la comm\u00e9moration une ampleur \u00e0 la mesure de sa pr\u00e9sidence\u00a0: spectaculaire, martiale et r\u00e9solument clivante. Derni\u00e8re annonce en date, r\u00e9v\u00e9latrice de cette ambition\u00a0: l\u2019organisation, \u00e0 l\u2019automne 2026, des \u00ab Patriot Games\u00a0\u00bb, une comp\u00e9tition sportive nationale de quatre jours r\u00e9unissant \u00ab un jeune homme et une jeune femme de chaque \u00c9tat et territoire\u00a0\u00bb, s\u00e9lectionn\u00e9s parmi les meilleurs athl\u00e8tes lyc\u00e9ens du pays.<\/p>\n<p class=\"fig-paragraph\">Pr\u00e9sent\u00e9 dans une vid\u00e9o diffus\u00e9e jeudi par l\u2019organisation Freedom 250, l\u2019\u00e9v\u00e9nement est d\u00e9crit par le pr\u00e9sident comme une c\u00e9l\u00e9bration de \u00ab l\u2019excellence, de l\u2019esprit d\u2019\u00e9quipe et de la fiert\u00e9 am\u00e9ricaine\u00a0\u00bb. Aucune pr\u00e9cision n\u2019a toutefois \u00e9t\u00e9 apport\u00e9e sur les crit\u00e8res de s\u00e9lection, le format exact des \u00e9preuves ou le r\u00f4le de l\u2019\u00c9tat f\u00e9d\u00e9ral dans l\u2019organisation, laissant planer un flou qui alimente d\u00e9j\u00e0 la controverse.<\/p>\n<p>                                            <a class=\"fig-a11y-skip\" href=\"#fig-a11y-skip-main-inarticle\" data-module=\"a11y-skip\" data-context=\"was @visible\"><br \/>\n    Passer la publicit\u00e9<br \/>\n<\/a>            <\/p>\n<p>                                            <strong>L\u2019ombre d\u2019une dystopie<\/strong><\/p>\n<p class=\"fig-paragraph\">L\u2019annonce n\u2019a pas tard\u00e9 \u00e0 d\u00e9clencher une avalanche de r\u00e9actions, en particulier sur les r\u00e9seaux sociaux. Tr\u00e8s vite, un parall\u00e8le s\u2019est impos\u00e9\u00a0: celui avec\u00a0<a href=\"http:\/\/www.lefigaro.fr\/cinema\/le-sixieme-film-hunger-games-attendu-en-2026-marque-le-retour-de-jennifer-lawrence-20251214\" data-fig-type=\"Article\" data-gtm-custom-categorie=\"navigation\" data-gtm-custom-action=\"crossclick\" data-gtm-custom-label=\"Contextuel\" data-gtm-event=\"customEventSPE\" data-fig-domain=\"LEFIGARO\" target=\"_blank\" rel=\"noopener\">Hunger Games<\/a>, la saga dystopique de Suzanne Collins, dans laquelle un gar\u00e7on et une fille de chaque district d\u2019un \u00c9tat fictif sont envoy\u00e9s pour un combat \u00e0 mort dans une ar\u00e8ne sous l\u2019\u0153il des cam\u00e9ras, au nom du spectacle et du contr\u00f4le politique.<\/p>\n<p class=\"fig-paragraph\">Le gouverneur d\u00e9mocrate de Californie, Gavin Newsom,\u00a0<a href=\"https:\/\/x.com\/GavinNewsom\/status\/2001747003802579407?s=20\" target=\"_blank\" rel=\"sponsored noopener\" data-gtm-custom-categorie=\"navigation\" data-gtm-custom-action=\"crossclick\" data-gtm-custom-label=\"Contextuel\" data-gtm-event=\"customEventSPE\">a repris sur X<\/a>\u00a0la r\u00e9plique embl\u00e9matique de la saga \u2014 \u00ab May the odds be ever in your favor\u00a0\u00bb (\u00ab Puisse le sort vous \u00eatre favorable\u00a0\u00bb) \u2014 en r\u00e9ponse directe \u00e0 l\u2019annonce pr\u00e9sidentielle. Son homologue de l\u2019Illinois, J.B. Pritzker, a pour sa part partag\u00e9 une image du pr\u00e9sident Snow, figure autoritaire de la saga, levant une coupe de champagne.<\/p>\n<p class=\"fig-paragraph\">Le compte officiel du Parti d\u00e9mocrate est all\u00e9 plus loin encore, citant textuellement le roman\u00a0: \u00ab Et ainsi fut d\u00e9cr\u00e9t\u00e9 que, chaque ann\u00e9e, les diff\u00e9rents districts de Panem offriraient en tribut un jeune homme et une jeune femme pour combattre jusqu\u2019\u00e0 la mort dans une page d\u2019honneur, de courage et de sacrifice.\u00a0\u00bb<\/p>\n<p class=\"fig-paragraph\">\u00ab Nous avons demand\u00e9 des soins de sant\u00e9 abordables et les r\u00e9publicains nous offrent Hunger Games\u00a0\u00bb, a ironis\u00e9 de son c\u00f4t\u00e9 le commentateur politique\u00a0<a href=\"https:\/\/x.com\/NoLieWithBTC\/status\/2001708998362648856?s=20\" target=\"_blank\" rel=\"sponsored noopener\" data-gtm-custom-categorie=\"navigation\" data-gtm-custom-action=\"crossclick\" data-gtm-custom-label=\"Contextuel\" data-gtm-event=\"customEventSPE\">Brian Tyler Cohen<\/a>.<\/p>\n<p>                                            <strong>Une mise en sc\u00e8ne du pouvoir assum\u00e9e<\/strong><\/p>\n<p class=\"fig-paragraph\">Au-del\u00e0 de la pol\u00e9mique, les Patriot Games ne sont qu\u2019un \u00e9l\u00e9ment d\u2019un programme bien plus vaste, que\u00a0<a href=\"http:\/\/www.lefigaro.fr\/voyages\/guides\/les-parcs-nationaux-americains-seront-desormais-gratuits-le-jour-de-l-anniversaire-de-trump-20251209\" data-fig-type=\"NewsFlash\" data-gtm-custom-categorie=\"navigation\" data-gtm-custom-action=\"crossclick\" data-gtm-custom-label=\"Contextuel\" data-gtm-event=\"customEventSPE\" data-fig-domain=\"LEFIGARO\" target=\"_blank\" rel=\"noopener\">Donald Trump<\/a>\u00a0pr\u00e9sente comme \u00ab la f\u00eate d\u2019anniversaire la plus spectaculaire que le monde n\u2019ait jamais vue\u00a0\u00bb. D\u00e8s le passage \u00e0 l\u2019ann\u00e9e 2026, le<a href=\"http:\/\/www.lefigaro.fr\/flash-actu\/la-maire-de-washington-revient-sur-un-projet-de-rebaptiser-des-monuments-federaux-20200902\" data-fig-type=\"NewsFlash\" data-gtm-custom-categorie=\"navigation\" data-gtm-custom-action=\"crossclick\" data-gtm-custom-label=\"Contextuel\" data-gtm-event=\"customEventSPE\" data-fig-domain=\"LEFIGARO\" target=\"_blank\" rel=\"noopener\">\u00a0Washington Monument<\/a>\u00a0doit \u00eatre illumin\u00e9 pour marquer le lancement officiel des c\u00e9l\u00e9brations. Le pr\u00e9sident a \u00e9galement confirm\u00e9 son intention de faire \u00e9riger un<a href=\"https:\/\/video.lefigaro.fr\/figaro\/international\/il-le-surpasse-largement-trump-etrille-l-arc-de-triomphe-francais-et-annonce-que-celui-qu-il-va-construire-est-exceptionnel-20251215\" data-fig-type=\"Video\" data-gtm-custom-categorie=\"navigation\" data-gtm-custom-action=\"crossclick\" data-gtm-custom-label=\"Contextuel\" data-gtm-event=\"customEventSPE\" data-fig-domain=\"LEFIGARO\" target=\"_blank\" rel=\"noopener\">\u00a0arc de triomphe \u00e0 Washington<\/a>, s\u2019inspirant explicitement de celui de Paris. \u00ab Nous sommes la seule grande capitale \u00e0 ne pas en avoir\u00a0\u00bb, a-t-il justifi\u00e9, promettant un d\u00e9but des travaux \u00ab tr\u00e8s prochainement\u00a0\u00bb. Une comparaison lourde de symboles, tant l\u2019arc parisien renvoie \u00e0 une tradition imp\u00e9riale plus qu\u2019\u00e0 l\u2019h\u00e9ritage r\u00e9publicain am\u00e9ricain.<\/p>\n<p>                                            <a class=\"fig-a11y-skip\" href=\"#fig-a11y-skip-main-inarticle_mtf\" data-module=\"a11y-skip\" data-context=\"was @visible\"><br \/>\n    Passer la publicit\u00e9<br \/>\n<\/a>            <\/p>\n<p class=\"fig-paragraph\">Autre projet phare\u00a0: la Great American State Fair, une immense foire nationale install\u00e9e sur le National Mall du 25 juin au 10 juillet 2026, avec des pavillons repr\u00e9sentant chacun des cinquante \u00c9tats. Le point d\u2019orgue des c\u00e9l\u00e9brations interviendra le 4 juillet, avec un discours pr\u00e9sidentiel, un survol d\u2019avions militaires et un feu d\u2019artifice annonc\u00e9 comme \u00ab le plus grand jamais organis\u00e9\u00a0\u00bb.<\/p>\n<p class=\"fig-paragraph\">La programmation m\u00eale enfin sport, religion et symboles patriotiques. Un \u00e9v\u00e9nement UFC (organisation de r\u00e9f\u00e9rence du MMA) in\u00e9dit doit se tenir \u00e0 la Maison Blanche le jour du Flag Day, sous l\u2019\u00e9gide du patron de la franchise Dana White, alli\u00e9 de longue date de Donald Trump. Un grand rassemblement national de pri\u00e8res est \u00e9galement pr\u00e9vu au printemps, avec l\u2019objectif affich\u00e9 de \u00ab red\u00e9dier la nation \u00e0 Dieu\u00a0\u00bb. \u00c0 cela s\u2019ajoute la relance du projet du National Garden of American Heroes, un jardin de statues monumentales consacr\u00e9es aux grandes figures de l\u2019histoire nationale.<\/p>\n<p class=\"fig-paragraph\">L\u2019ensemble est coordonn\u00e9 par Freedom 250, une organisation nationale pr\u00e9sent\u00e9e comme non partisane, dirig\u00e9e par Keith Krach, ancien haut responsable du d\u00e9partement d\u2019\u00c9tat. D\u2019ici \u00e0 2026, d\u2019autres annonces devraient encore venir enrichir un programme d\u00e9j\u00e0 marqu\u00e9 par le go\u00fbt du grandiose.<\/p>\n","protected":false},"excerpt":{"rendered":"Cette comp\u00e9tition sportive nationale r\u00e9unira \u00abun jeune homme et une jeune femme de chaque \u00c9tat et territoire\u00bb, s\u00e9lectionn\u00e9s&hellip;\n","protected":false},"author":2,"featured_media":609270,"comment_status":"","ping_status":"","sticky":false,"template":"","format":"standard","meta":{"footnotes":""},"categories":[1589],"tags":[11,3581,75,73,1866,12,1864,1865,1863,308],"class_list":{"0":"post-609269","1":"post","2":"type-post","3":"status-publish","4":"format-standard","5":"has-post-thumbnail","7":"category-etats-unis","8":"tag-actualites","9":"tag-anniversaire","10":"tag-donald-trump","11":"tag-etats-unis","12":"tag-etats-unis-damerique","13":"tag-news","14":"tag-united-states","15":"tag-united-states-of-america","16":"tag-us","17":"tag-usa"},"share_on_mastodon":{"url":"https:\/\/pubeurope.com\/@fr\/115745670003559477","error":""},"_links":{"self":[{"href":"https:\/\/www.europesays.com\/fr\/wp-json\/wp\/v2\/posts\/609269","targetHints":{"allow":["GET"]}}],"collection":[{"href":"https:\/\/www.europesays.com\/fr\/wp-json\/wp\/v2\/posts"}],"about":[{"href":"https:\/\/www.europesays.com\/fr\/wp-json\/wp\/v2\/types\/post"}],"author":[{"embeddable":true,"href":"https:\/\/www.europesays.com\/fr\/wp-json\/wp\/v2\/users\/2"}],"replies":[{"embeddable":true,"href":"https:\/\/www.europesays.com\/fr\/wp-json\/wp\/v2\/comments?post=609269"}],"version-history":[{"count":0,"href":"https:\/\/www.europesays.com\/fr\/wp-json\/wp\/v2\/posts\/609269\/revisions"}],"wp:featuredmedia":[{"embeddable":true,"href":"https:\/\/www.europesays.com\/fr\/wp-json\/wp\/v2\/media\/609270"}],"wp:attachment":[{"href":"https:\/\/www.europesays.com\/fr\/wp-json\/wp\/v2\/media?parent=609269"}],"wp:term":[{"taxonomy":"category","embeddable":true,"href":"https:\/\/www.europesays.com\/fr\/wp-json\/wp\/v2\/categories?post=609269"},{"taxonomy":"post_tag","embeddable":true,"href":"https:\/\/www.europesays.com\/fr\/wp-json\/wp\/v2\/tags?post=609269"}],"curies":[{"name":"wp","href":"https:\/\/api.w.org\/{rel}","templated":true}]}}