{"id":609277,"date":"2025-12-19T10:14:34","date_gmt":"2025-12-19T10:14:34","guid":{"rendered":"https:\/\/www.europesays.com\/fr\/609277\/"},"modified":"2025-12-19T10:14:34","modified_gmt":"2025-12-19T10:14:34","slug":"jai-eu-un-comportement-inapproprie-kristin-cabot-la-drh-de-la-kiss-cam-au-concert-de-coldplay-prend-la-parole-pour-la-premiere-fois","status":"publish","type":"post","link":"https:\/\/www.europesays.com\/fr\/609277\/","title":{"rendered":"\u00ab\u00a0J\u2019ai eu un comportement inappropri\u00e9\u00a0\u00bb : Kristin Cabot, la DRH de la Kiss cam au concert de Coldplay prend la parole pour la premi\u00e8re fois"},"content":{"rendered":"<p class=\"mb-4 text-lg md:leading-8 break-words\">C\u2019est une prise de parole que beaucoup attendaient depuis le 16 juillet 2025. Ce jour-l\u00e0, une vid\u00e9o est devenue compl\u00e8tement virale, faisant le tour du monde. Dessus, on voyait Andy Byron, PDG de <a href=\"https:\/\/fr.style.yahoo.com\/affaire-kiss-cam-au-concert-162126870.html\" data-ylk=\"slk:l&#039;entreprise am\u00e9ricaine Astronomer;elm:context_link;itc:0;sec:content-canvas;outcm:mb_qualified_link;_E:mb_qualified_link;ct:story;\" class=\"link  yahoo-link\" target=\"_blank\" rel=\"noopener\">l&rsquo;entreprise am\u00e9ricaine Astronomer<\/a>, film\u00e9 par la \u00ab\u00a0Kiss cam\u00a0\u00bb du concert de Coldplay <strong>en train d\u2019enlacer l\u2019une de ses salari\u00e9es, Kristin Cabot<\/strong>. Probl\u00e8me, les deux personnes \u00e9taient \u00e9galement mari\u00e9es. \u00ab\u00a0Soit ils ont une liaison, soit ils sont tr\u00e8s timides\u00a0\u00bb, s&rsquo;\u00e9tait <a href=\"https:\/\/fr.style.yahoo.com\/allons-utiliser-cam%C3%A9ras-montrer-grand-160154657.html\" data-ylk=\"slk:amus\u00e9 le chanteur du groupe, Chris Martin;elm:context_link;itc:0;sec:content-canvas;outcm:mb_qualified_link;_E:mb_qualified_link;ct:story;\" class=\"link  yahoo-link\" target=\"_blank\" rel=\"noopener\">amus\u00e9 le chanteur du groupe, Chris Martin<\/a>, \u00e0 l\u2019\u00e9poque.<strong> Face \u00e0 ce scandale, Kristin Cabot et Andy Byron avaient d\u00e9missionn\u00e9<\/strong>.<\/p>\n<p class=\"mb-4 text-lg md:leading-8 break-words\">Si on a ensuite appris que <a href=\"https:\/\/fr.style.yahoo.com\/affaire-kiss-cam-au-concert-130847873.html\" data-ylk=\"slk:le mari de Kristin Cabot \u00e9tait \u00e9galement pr\u00e9sent au concert avec une femme;elm:context_link;itc:0;sec:content-canvas;outcm:mb_qualified_link;_E:mb_qualified_link;ct:story;\" class=\"link  yahoo-link\" target=\"_blank\" rel=\"noopener\">le mari de Kristin Cabot \u00e9tait \u00e9galement pr\u00e9sent au concert avec une femme<\/a> qui est aujourd&rsquo;hui sa petite amie et que le couple \u00e9tait s\u00e9par\u00e9, <strong>la DRH a vu sa carri\u00e8re boulevers\u00e9e<\/strong>. Apr\u00e8s des mois de silence, elle s\u2019est confi\u00e9e dans les colonnes du New York Times ce jeudi 18 d\u00e9cembre 2025. \u00ab\u00a0J\u2019\u00e9tais tellement g\u00ean\u00e9e et horrifi\u00e9e. Je suis directrice des ressources humaines et il est PDG. C\u2019est tellement clich\u00e9 et tellement malvenu\u00a0\u00bb, a-t-elle expliqu\u00e9, avant de pr\u00e9ciser qu\u2019<strong>elle et Andy Byron s\u2019\u00e9taient tout de suite mis d\u2019accord pour pr\u00e9venir le conseil d\u2019administration<\/strong>. Et de confier sur ce moment devenu viral : \u00ab\u00a0J\u2019ai pris une mauvaise d\u00e9cision, j\u2019ai bu quelques verres, j\u2019ai dans\u00e9 et j\u2019ai eu un comportement inappropri\u00e9 avec mon patron. Ce n\u2019est pas anodin. <strong>J\u2019ai assum\u00e9 mes responsabilit\u00e9s et j\u2019ai sacrifi\u00e9 ma carri\u00e8re \u00e0 cause de \u00e7a.<\/strong>\u00ab\u00a0<\/p>\n<p><strong>Kristin Cabot a re\u00e7u de nombreux messages de haine et des menaces<\/strong><\/p>\n<p class=\"mb-4 text-lg md:leading-8 break-words\">Si Kristin Cabot a tenu \u00e0 dire que \u00ab\u00a0c\u2019\u00e9tait la premi\u00e8re et unique fois\u00a0\u00bb, qu\u2019elle embrassait son patron, elle a r\u00e9v\u00e9l\u00e9 que ce moment avait \u00e9t\u00e9 suivi de semaines tr\u00e8s compliqu\u00e9es du point de vue personnel. Elle a notamment <strong>re\u00e7u entre 500 et 600 appels par jour pendant de nombreuses semaines<\/strong> et des paparazzis se postaient devant chez elle. Elle a \u00e9galement \u00e9t\u00e9 insult\u00e9e par SMS, se faisant traiter de \u00ab\u00a0salope\u00a0\u00bb ou de \u00ab\u00a0briseuse de m\u00e9nages\u00a0\u00bb. Pire, <strong>elle a re\u00e7u des dizaines de menaces de mort.<\/strong> La m\u00e8re de famille a indiqu\u00e9 qu\u2019un de ces messages avait \u00e9t\u00e9 intercept\u00e9 par ses deux enfants, adolescents. \u00ab\u00a0Mes enfants avaient peur que je meure et qu\u2019eux aussi meurent\u00a0\u00bb, a-t-elle r\u00e9v\u00e9l\u00e9. Kristin Cabot a refus\u00e9 de reprendre son poste apr\u00e8s la fin de l\u2019enqu\u00eate la concernant.<\/p>\n<p class=\"mb-4 text-lg md:leading-8 break-words\">De cette affaire, elle retient notamment deux choses : \u00ab\u00a0<strong>Je veux que mes enfants sachent qu\u2019on peut faire des erreurs, et m\u00eame de grosses b\u00eatises<\/strong>. Mais, on n\u2019a pas besoin d\u2019\u00eatre menac\u00e9 de mort pour \u00e7a\u00a0\u00bb, a-t-elle assur\u00e9. La seconde est qu\u2019elle a \u00e9t\u00e9 tr\u00e8s \u00e9tonn\u00e9e que la plupart des insultes et des menaces viennent de femmes. <strong>Quant \u00e0 Andy Byron, elle ne lui parle quasiment plus<\/strong>. La raison ? Cela \u00ab\u00a0rendrait trop difficile de tourner la page et de se reconstruire\u00a0\u00bb. C\u2019est ce qu\u2019elle fait, loin des cam\u00e9ras.<\/p>\n<p>Source<\/p>\n<p class=\"mb-4 text-lg md:leading-8 break-words\">The New York Times, 18\/12\/2025 : <a href=\"https:\/\/www.nytimes.com\/2025\/12\/18\/style\/coldplay-concert-couple-kiss-cam-woman.html\" rel=\"nofollow noopener\" target=\"_blank\" data-ylk=\"slk:The Ritual Shaming of the Woman at the Coldplay Concert;elm:context_link;itc:0;sec:content-canvas\" class=\"link \">The Ritual Shaming of the Woman at the Coldplay Concert<\/a><\/p>\n<p class=\"mb-4 text-lg md:leading-8 break-words\"><a href=\"https:\/\/www.femmeactuelle.fr\/actu\/news-actu\/jai-eu-un-comportement-inapproprie-kristin-cabot-la-drh-de-la-kiss-cam-au-concert-de-coldplay-prend-la-parole-pour-la-premiere-fois-2202423\" rel=\"nofollow noopener\" target=\"_blank\" data-ylk=\"slk:Lire l&#039;article sur le site de Femme Actuelle;elm:context_link;itc:0;sec:content-canvas\" class=\"link \">Lire l&rsquo;article sur le site de Femme Actuelle<\/a><\/p>\n","protected":false},"excerpt":{"rendered":"C\u2019est une prise de parole que beaucoup attendaient depuis le 16 juillet 2025. Ce jour-l\u00e0, une vid\u00e9o est&hellip;\n","protected":false},"author":2,"featured_media":609278,"comment_status":"","ping_status":"","sticky":false,"template":"","format":"standard","meta":{"footnotes":""},"categories":[1586],"tags":[11,72044,28364,1697,1777,674,1779,1011,27,72043,7775,12,25,20540,1778,364],"class_list":{"0":"post-609277","1":"post","2":"type-post","3":"status-publish","4":"format-standard","5":"has-post-thumbnail","7":"category-europe","8":"tag-actualites","9":"tag-andy-byron","10":"tag-chris-martin","11":"tag-concert","12":"tag-eu","13":"tag-europe","14":"tag-european-union","15":"tag-fr","16":"tag-france","17":"tag-kristin-cabot","18":"tag-menaces-de-mort","19":"tag-news","20":"tag-republique-francaise","21":"tag-tout-de-suite","22":"tag-ue","23":"tag-union-europeenne"},"share_on_mastodon":{"url":"https:\/\/pubeurope.com\/@fr\/115745709342447444","error":""},"_links":{"self":[{"href":"https:\/\/www.europesays.com\/fr\/wp-json\/wp\/v2\/posts\/609277","targetHints":{"allow":["GET"]}}],"collection":[{"href":"https:\/\/www.europesays.com\/fr\/wp-json\/wp\/v2\/posts"}],"about":[{"href":"https:\/\/www.europesays.com\/fr\/wp-json\/wp\/v2\/types\/post"}],"author":[{"embeddable":true,"href":"https:\/\/www.europesays.com\/fr\/wp-json\/wp\/v2\/users\/2"}],"replies":[{"embeddable":true,"href":"https:\/\/www.europesays.com\/fr\/wp-json\/wp\/v2\/comments?post=609277"}],"version-history":[{"count":0,"href":"https:\/\/www.europesays.com\/fr\/wp-json\/wp\/v2\/posts\/609277\/revisions"}],"wp:featuredmedia":[{"embeddable":true,"href":"https:\/\/www.europesays.com\/fr\/wp-json\/wp\/v2\/media\/609278"}],"wp:attachment":[{"href":"https:\/\/www.europesays.com\/fr\/wp-json\/wp\/v2\/media?parent=609277"}],"wp:term":[{"taxonomy":"category","embeddable":true,"href":"https:\/\/www.europesays.com\/fr\/wp-json\/wp\/v2\/categories?post=609277"},{"taxonomy":"post_tag","embeddable":true,"href":"https:\/\/www.europesays.com\/fr\/wp-json\/wp\/v2\/tags?post=609277"}],"curies":[{"name":"wp","href":"https:\/\/api.w.org\/{rel}","templated":true}]}}