{"id":609279,"date":"2025-12-19T10:16:51","date_gmt":"2025-12-19T10:16:51","guid":{"rendered":"https:\/\/www.europesays.com\/fr\/609279\/"},"modified":"2025-12-19T10:16:51","modified_gmt":"2025-12-19T10:16:51","slug":"epidemie-de-grippe-le-masque-est-il-a-nouveau-obligatoire","status":"publish","type":"post","link":"https:\/\/www.europesays.com\/fr\/609279\/","title":{"rendered":"\u00c9pid\u00e9mie de grippe : le masque est-il \u00e0 nouveau obligatoire ?"},"content":{"rendered":"<p>             <a href=\"https:\/\/ma-sante.news\/wp-content\/uploads\/2025\/12\/Epidemie-de-grippe-le-masque-est-il-obligatoire-en-France-gestes-barrieres-Ma-Sante.jpg\" data-caption=\"Le masque n\u2019est pas obligatoire, mais il est fortement recommand\u00e9 en p\u00e9riode d\u2019\u00e9pid\u00e9mie. \u00a9 Freepik\" target=\"_blank\" rel=\"noopener\"><img loading=\"lazy\" decoding=\"async\" width=\"696\" height=\"465\" class=\"entry-thumb td-modal-image ewww_webp_lazy_load\" src=\"data:image\/svg+xml,%3Csvg%20xmlns=\" http:=\"\" data-lazy- data-lazy- alt=\"Une femme qui porte le masque, m\u00eame s'il n'est pas obligatoire, pour se prot\u00e9ger pendant l'\u00e9pid\u00e9mie de grippe.\" title=\"E\u0301pide\u0301mie de grippe le masque est il obligatoire en France gestes barrie\u0300res Ma Sante\u0301\" data-lazy-src=\"https:\/\/www.europesays.com\/fr\/wp-content\/uploads\/2025\/12\/Epidemie-de-grippe-le-masque-est-il-obligatoire-en-France-gestes-barrieres-Ma-Sante-696x465.jpg\" data-lazy-src-webp=\"https:\/\/www.europesays.com\/fr\/wp-content\/uploads\/2025\/12\/Epidemie-de-grippe-le-masque-est-il-obligatoire-en-France-gestes-barrieres-Ma-Sante-696x465.jpg.webp\" data-lazy-srcset-webp=\"https:\/\/www.europesays.com\/fr\/wp-content\/uploads\/2025\/12\/Epidemie-de-grippe-le-masque-est-il-obligatoire-en-France-gestes-barrieres-Ma-Sante-696x465.jpg.webp 696w, https:\/\/ma-sante.news\/wp-content\/uploads\/2025\/12\/Epidemie-de-grippe-le-masque-est-il-obligatoire-en-France-gestes-barrieres-Ma-Sante-300x200.jpg.webp 300w, https:\/\/ma-sante.news\/wp-content\/uploads\/2025\/12\/Epidemie-de-grippe-le-masque-est-il-obligatoire-en-France-gestes-barrieres-Ma-Sante-768x513.jpg.webp 768w, https:\/\/ma-sante.news\/wp-content\/uploads\/2025\/12\/Epidemie-de-grippe-le-masque-est-il-obligatoire-en-France-gestes-barrieres-Ma-Sante-629x420.jpg.webp 629w, https:\/\/ma-sante.news\/wp-content\/uploads\/2025\/12\/Epidemie-de-grippe-le-masque-est-il-obligatoire-en-France-gestes-barrieres-Ma-Sante.jpg.webp 800w\"\/><\/a>Le masque n\u2019est pas obligatoire, mais il est fortement recommand\u00e9 en p\u00e9riode d\u2019\u00e9pid\u00e9mie. \u00a9 Freepik                                    \t\t\t             <a class=\"gofollow\" data-track=\"MjgsMCw2MA==\" href=\"https:\/\/ma-sante.news\/inscrivez-vous-a-notre-newsletter\/\" target=\"_blank\" rel=\"noopener\"><img loading=\"lazy\" decoding=\"async\" width=\"1068\" height=\"131\" src=\"data:image\/svg+xml,%3Csvg%20xmlns=\" http:=\"\" data-lazy-src=\"https:\/\/ma-sante.news\/wp-content\/uploads\/2025\/01\/banniere-newsletter.png\"\/><\/a> <\/p>\n<p>\u00c9chapperez-vous \u00e0 la grippe cet hiver ? Selon Sant\u00e9 publique France, l\u2019ensemble des r\u00e9gions m\u00e9tropolitaines est d\u00e9sormais en phase \u00e9pid\u00e9mique, avec une augmentation continue des consultations pour infections respiratoires aigu\u00ebs et des passages aux urgences li\u00e9s \u00e0 la grippe.<\/p>\n<p>Dans son dernier bulletin, l\u2019agence sanitaire indique une hausse marqu\u00e9e des cas, et ce dans toutes les classes d\u2019\u00e2ge, confirmant <a href=\"https:\/\/ma-sante.news\/epidemie-pourquoi-la-grippe-frappe-de-plus-en-plus-tot\/\" target=\"_blank\" rel=\"noopener\">une dynamique \u00e9pid\u00e9mique plus pr\u00e9coce que certaines saisons pr\u00e9c\u00e9dentes<\/a>. Les autorit\u00e9s sanitaires anticipent un pic de circulation virale autour des f\u00eates de fin d\u2019ann\u00e9e, p\u00e9riode traditionnellement propice aux contaminations en raison des rassemblements familiaux et des d\u00e9placements.<\/p>\n<p>        Port du masque : va-t-il \u00eatre obligatoire cette saison ?\u00a0    <strong>Pourquoi reparle-t-on du masque aujourd\u2019hui ?<\/strong>    <\/p>\n<p>Le masque n\u2019a pas fait son retour par nostalgie sanitaire. Il revient parce que la grippe est un virus respiratoire tr\u00e8s contagieux, transmis principalement par les gouttelettes \u00e9mises lorsqu\u2019on tousse, \u00e9ternue ou parle.<\/p>\n<p>Or, en p\u00e9riode de forte circulation virale, r\u00e9duire la transmission devient un enjeu collectif, notamment pour prot\u00e9ger :<\/p>\n<ul class=\"wp-block-list\">\n<li>les personnes \u00e2g\u00e9es,<\/li>\n<li>les personnes immunod\u00e9prim\u00e9es,<\/li>\n<li>les patients hospitalis\u00e9s,<\/li>\n<li>et plus largement un syst\u00e8me de sant\u00e9 d\u00e9j\u00e0 sous pression en hiver.<\/li>\n<\/ul>\n<p>La ministre de la Sant\u00e9 a appel\u00e9 les Fran\u00e7ais \u00e0 retrouver certains r\u00e9flexes, dont le port du masque dans les situations \u00e0 risque. Il ne s\u2019agit pas d\u2019une mesure coercitive nationale, mais d\u2019un appel \u00e0 la responsabilit\u00e9 individuelle.<\/p>\n<p>Il n\u2019existe aucune obligation nationale de port du masque pour la population g\u00e9n\u00e9rale face <a href=\"https:\/\/ma-sante.news\/lepidemie-de-grippe-debute-dans-lhexagone-ou-en-est-vraiment-la-france\/\" target=\"_blank\" rel=\"noopener\">\u00e0 l\u2019\u00e9pid\u00e9mie de grippe.<\/a> Aucun d\u00e9cret, aucune loi, aucune consigne gouvernementale n\u2019impose aujourd\u2019hui le masque dans la rue, les commerces ou les transports pour tous.<\/p>\n<p>        <strong>Alors pourquoi parle-t-on d\u2019obligation dans certains lieux ?<\/strong>    <\/p>\n<p>Parce que la situation est diff\u00e9rente dans les \u00e9tablissements de sant\u00e9 et m\u00e9dico-sociaux. Les h\u00f4pitaux, cliniques, EHPAD et \u00e9tablissements accueillant des personnes vuln\u00e9rables disposent d\u2019un cadre r\u00e9glementaire sp\u00e9cifique. <a href=\"https:\/\/ma-sante.news\/grippe-en-auvergne-rhone-alpes-les-hopitaux-sont-deja-sous-pression\/\" target=\"_blank\" rel=\"noopener\">En p\u00e9riode d\u2019\u00e9pid\u00e9mie, les directions peuvent d\u00e9cider de rendre le masque obligatoire<\/a>, en lien avec les agences r\u00e9gionales de sant\u00e9 (ARS).<\/p>\n<p>Ces d\u00e9cisions sont locales, temporaires et cibl\u00e9es. Elles visent \u00e0 limiter les contaminations au sein de structures o\u00f9 une infection grippale peut avoir des cons\u00e9quences graves.<\/p>\n<p>Ces derni\u00e8res semaines, plusieurs \u00e9tablissements hospitaliers ont ainsi r\u00e9tabli l\u2019obligation du masque pour :<\/p>\n<ul class=\"wp-block-list\">\n<li>le personnel soignant,<\/li>\n<li>les patients,<\/li>\n<li>les visiteurs.<\/li>\n<\/ul>\n<p>Ce n\u2019est ni exceptionnel ni in\u00e9dit, c\u2019est une mesure de protection classique en p\u00e9riode de forte circulation virale.<\/p>\n<p>        <strong>Et dans la vie quotidienne, quand faut-il porter un masque ?<\/strong>    <\/p>\n<p>M\u00eame s\u2019il n\u2019est pas obligatoire, le masque est fortement recommand\u00e9 dans plusieurs situations.<\/p>\n<ul class=\"wp-block-list\">\n<li>Lorsque l\u2019on pr\u00e9sente des sympt\u00f4mes \u00e9vocateurs de la grippe : fi\u00e8vre, toux, maux de gorge, courbatures.\u00a0<\/li>\n<li>Dans les lieux clos et tr\u00e8s fr\u00e9quent\u00e9s, notamment les transports en commun ou les salles d\u2019attente.\u00a0<\/li>\n<li>Lorsqu\u2019on rend visite \u00e0 des personnes fragiles, \u00e2g\u00e9es ou immunod\u00e9prim\u00e9es.<\/li>\n<\/ul>\n<p>Porter un masque quand on est potentiellement contagieux permet de prot\u00e9ger les autres, et donc de casser une partie des cha\u00eenes de transmission.<\/p>\n<p>        \u00c9pid\u00e9mie de grippe : cet hiver, restez vigilant !    <strong>Le masque est-il vraiment utile contre la grippe ?<\/strong>    <\/p>\n<p>Oui.\u00a0 Sans \u00eatre une protection absolue, le masque r\u00e9duit significativement la diffusion des virus respiratoires, en particulier lorsqu\u2019il est port\u00e9 par une personne symptomatique. Il agit comme une barri\u00e8re m\u00e9canique qui limite l\u2019\u00e9mission de particules virales dans l\u2019air.<\/p>\n<p>C\u2019est pour cette raison que les autorit\u00e9s sanitaires le pr\u00e9sentent comme un outil compl\u00e9mentaire, au m\u00eame titre que <a href=\"https:\/\/ma-sante.news\/bises-et-lavage-des-mains-gare-au-grand-relachement\/\" target=\"_blank\" rel=\"noopener\">les gestes barri\u00e8res<\/a> :<\/p>\n<ul class=\"wp-block-list\">\n<li>le lavage des mains,<\/li>\n<li>l\u2019a\u00e9ration r\u00e9guli\u00e8re des pi\u00e8ces,<\/li>\n<li>l\u2019isolement en cas de sympt\u00f4mes.<\/li>\n<\/ul>\n<p>        <strong>\u00c9pid\u00e9mie de grippe : et la vaccination dans tout \u00e7a ?<\/strong>    <\/p>\n<p><a href=\"https:\/\/ma-sante.news\/grippe-la-france-renforce-sa-vaccination-pour-eviter-un-nouvel-hiver-meurtrier\/\" target=\"_blank\" rel=\"noopener\">La vaccination reste le pilier de la pr\u00e9vention contre la grippe<\/a>, en particulier pour les personnes \u00e0 risque. Elle permet de r\u00e9duire les formes graves, les hospitalisations et <a href=\"https:\/\/ma-sante.news\/grippe-plus-de-17-000-morts-lhiver-dernier-pourquoi-la-vaccination-reste-t-elle-si-faible\/\" target=\"_blank\" rel=\"noopener\">la mortalit\u00e9 li\u00e9e \u00e0 la grippe<\/a>, m\u00eame lorsque l\u2019efficacit\u00e9 contre l\u2019infection n\u2019est pas parfaite.<\/p>\n<p>La campagne vaccinale est toujours en cours et concerne prioritairement :<\/p>\n<p>Le masque ne remplace pas le vaccin, et le vaccin ne remplace pas le masque. Les deux se compl\u00e8tent, surtout en p\u00e9riode \u00e9pid\u00e9mique intense.<\/p>\n<p>        Grippe : faut-il s\u2019attendre \u00e0 un durcissement des r\u00e8gles ?    <\/p>\n<p>\u00c0 ce stade, rien n\u2019indique un retour \u00e0 des mesures nationales contraignantes. Les autorit\u00e9s sanitaires privil\u00e9gient une approche fond\u00e9e sur la recommandation, l\u2019information et l\u2019adaptation locale.<\/p>\n<p>Toute \u00e9volution d\u00e9pendra de plusieurs facteurs :<\/p>\n<p>Pour l\u2019instant, le message reste donc bien de pr\u00e9venir, plut\u00f4t que de contraindre.<\/p>\n<blockquote class=\"wp-block-quote is-layout-flow wp-block-quote-is-layout-flow\">\n<p><strong>\u00c0 SAVOIR<\/strong><\/p>\n<p>Selon Sant\u00e9 publique France, une personne infect\u00e9e par la grippe peut \u00eatre contagieuse d\u00e8s 24 heures avant l\u2019apparition des premiers sympt\u00f4mes, et jusqu\u2019\u00e0 plusieurs jours apr\u00e8s.\u00a0<\/p>\n<\/blockquote>\n<p>  <a class=\"gofollow\" data-track=\"MTIsMCw2MA==\" href=\"https:\/\/ma-sante.news\/annonceurs\/\" target=\"_blank\" rel=\"noopener\"><img loading=\"lazy\" decoding=\"async\" width=\"2560\" height=\"2133\" src=\"data:image\/svg+xml,%3Csvg%20xmlns=\" http:=\"\" data-lazy-src=\"https:\/\/www.europesays.com\/fr\/wp-content\/uploads\/2025\/03\/pub-annonceurs-4-scaled.jpg\"\/><\/a>    <img loading=\"lazy\" decoding=\"async\" width=\"755\" height=\"495\" src=\"data:image\/svg+xml,%3Csvg%20xmlns=\" http:=\"\" data-lazy-src=\"https:\/\/www.europesays.com\/fr\/wp-content\/uploads\/2025\/03\/Image1.jpg\" data-lazy-src-webp=\"https:\/\/www.europesays.com\/fr\/wp-content\/uploads\/2025\/03\/Image1.jpg.webp\" class=\"ewww_webp_lazy_load\"\/>Inscrivez-vous \u00e0 notre newsletter <br \/>Ma Sant\u00e9                      <\/p>\n","protected":false},"excerpt":{"rendered":"Le masque n\u2019est pas obligatoire, mais il est fortement recommand\u00e9 en p\u00e9riode d\u2019\u00e9pid\u00e9mie. \u00a9 Freepik \u00c9chapperez-vous \u00e0 la&hellip;\n","protected":false},"author":2,"featured_media":609280,"comment_status":"","ping_status":"","sticky":false,"template":"","format":"standard","meta":{"footnotes":""},"categories":[2],"tags":[11,72045,1011,27,12,25,10655],"class_list":{"0":"post-609279","1":"post","2":"type-post","3":"status-publish","4":"format-standard","5":"has-post-thumbnail","7":"category-actualites","8":"tag-actualites","9":"tag-conseils-masque","10":"tag-fr","11":"tag-france","12":"tag-news","13":"tag-republique-francaise","14":"tag-u00e9pidu00e9mie-grippe"},"share_on_mastodon":{"url":"https:\/\/pubeurope.com\/@fr\/115745721101903262","error":""},"_links":{"self":[{"href":"https:\/\/www.europesays.com\/fr\/wp-json\/wp\/v2\/posts\/609279","targetHints":{"allow":["GET"]}}],"collection":[{"href":"https:\/\/www.europesays.com\/fr\/wp-json\/wp\/v2\/posts"}],"about":[{"href":"https:\/\/www.europesays.com\/fr\/wp-json\/wp\/v2\/types\/post"}],"author":[{"embeddable":true,"href":"https:\/\/www.europesays.com\/fr\/wp-json\/wp\/v2\/users\/2"}],"replies":[{"embeddable":true,"href":"https:\/\/www.europesays.com\/fr\/wp-json\/wp\/v2\/comments?post=609279"}],"version-history":[{"count":0,"href":"https:\/\/www.europesays.com\/fr\/wp-json\/wp\/v2\/posts\/609279\/revisions"}],"wp:featuredmedia":[{"embeddable":true,"href":"https:\/\/www.europesays.com\/fr\/wp-json\/wp\/v2\/media\/609280"}],"wp:attachment":[{"href":"https:\/\/www.europesays.com\/fr\/wp-json\/wp\/v2\/media?parent=609279"}],"wp:term":[{"taxonomy":"category","embeddable":true,"href":"https:\/\/www.europesays.com\/fr\/wp-json\/wp\/v2\/categories?post=609279"},{"taxonomy":"post_tag","embeddable":true,"href":"https:\/\/www.europesays.com\/fr\/wp-json\/wp\/v2\/tags?post=609279"}],"curies":[{"name":"wp","href":"https:\/\/api.w.org\/{rel}","templated":true}]}}