{"id":609283,"date":"2025-12-19T10:22:30","date_gmt":"2025-12-19T10:22:30","guid":{"rendered":"https:\/\/www.europesays.com\/fr\/609283\/"},"modified":"2025-12-19T10:22:30","modified_gmt":"2025-12-19T10:22:30","slug":"malgre-la-baisse-des-deces-les-pensees-suicidaires-progressent","status":"publish","type":"post","link":"https:\/\/www.europesays.com\/fr\/609283\/","title":{"rendered":"malgr\u00e9 la baisse des d\u00e9c\u00e8s, les pens\u00e9es suicidaires progressent"},"content":{"rendered":"<p style=\"text-align:justify;\">AA \/ Paris \/ \u00dcmit D\u00f6nmez<\/p>\n<p style=\"text-align:justify;\">Si le nombre de suicides chez les adolescents est globalement orient\u00e9 \u00e0 la baisse depuis une dizaine d\u2019ann\u00e9es, les pens\u00e9es suicidaires et les tentatives augmentent nettement en France. Cette \u00e9volution, moins visible que les d\u00e9c\u00e8s, constitue aujourd\u2019hui le principal motif d\u2019inqui\u00e9tude des professionnels de sant\u00e9 mentale.<\/p>\n<p style=\"text-align:justify;\">Dans un entretien accord\u00e9 \u00e0 Anaolu, le p\u00e9dopsychiatre Marc Fillatre, ancien pr\u00e9sident de l\u2019Union nationale pour la pr\u00e9vention du suicide (UNPS), insiste sur la n\u00e9cessit\u00e9 de changer de grille de lecture. \u00ab Ce n\u2019est jamais uniquement un probl\u00e8me personnel \u00bb, explique-t-il, soulignant que les passages \u00e0 l\u2019acte chez les jeunes s\u2019inscrivent presque toujours dans un contexte relationnel, familial ou social fragilis\u00e9.<\/p>\n<p style=\"text-align:justify;\">Cette analyse rejoint les constats dress\u00e9s par les pouvoirs publics. Selon l\u2019\u00e9tude EnCLASS 2022 de Sant\u00e9 publique France, pr\u00e8s d\u2019un lyc\u00e9en sur dix a d\u00e9j\u00e0 fait une tentative de suicide au cours de sa vie. Entre 2019 et 2021, les tentatives ont augment\u00e9 de 30 % chez les 11-17 ans, d\u2019apr\u00e8s l\u2019Observatoire national du suicide. Le Service d\u2019information du Gouvernement souligne que cette hausse concerne en particulier les id\u00e9es suicidaires, souvent silencieuses mais d\u00e9terminantes dans le risque de passage \u00e0 l\u2019acte.<\/p>\n<p style=\"text-align:justify;\">Pour Marc Fillatre, deux m\u00e9canismes psychiques dominent. Le premier est le sentiment de ne plus appartenir \u00e0 un groupe. Le second est la conviction que la situation v\u00e9cue ne pourra jamais s\u2019am\u00e9liorer. \u00ab Ce qui compte d\u2019abord, c\u2019est ce que la personne ressent en elle-m\u00eame, au-del\u00e0 des apparences \u00bb, explique-t-il. Un adolescent peut sembler entour\u00e9 et pourtant se vivre comme inutile ou ind\u00e9sirable.<\/p>\n<p style=\"text-align:justify;\">Le p\u00e9dopsychiatre pointe \u00e9galement les effets d\u00e9l\u00e9t\u00e8res de l\u2019\u00e9volution des soci\u00e9t\u00e9s contemporaines. \u00ab Le d\u00e9veloppement de l\u2019individualisme, o\u00f9 la r\u00e9ussite personnelle prime sur toute chose, est absolument dommageable pour la pr\u00e9vention du suicide \u00bb, observe-t-il. \u00c0 l\u2019inverse, il rappelle que dans certaines p\u00e9riodes de crise collective, les taux de suicide diminuent temporairement, le sentiment d\u2019\u00eatre reli\u00e9 aux autres jouant alors un r\u00f4le protecteur.<\/p>\n<p style=\"text-align:justify;\">L\u2019adolescence constitue un moment de vuln\u00e9rabilit\u00e9 sp\u00e9cifique. Les rep\u00e8res identitaires sont encore fragiles et les \u00ab champs d\u2019appartenance \u00bb parfois limit\u00e9s. Marc Fillatre insiste sur l\u2019importance d\u2019en multiplier les sources : famille, amis, \u00e9cole, activit\u00e9s sportives ou culturelles. \u00ab Quand ces appartenances sont peu nombreuses, la rupture d\u2019un seul lien peut suffire \u00e0 faire basculer \u00bb, souligne-t-il.<\/p>\n<p style=\"text-align:justify;\">Sur le terrain de la pr\u00e9vention, le sp\u00e9cialiste invite \u00e0 \u00eatre attentif aux changements durables de comportement : retrait progressif, d\u00e9sinvestissement des activit\u00e9s, perte d\u2019int\u00e9r\u00eat pour les relations, d\u00e9valorisation de soi. \u00ab On sent un changement par rapport \u00e0 d\u2019habitude \u00bb, explique-t-il, estimant qu\u2019il ne faut pas h\u00e9siter \u00e0 exprimer son inqui\u00e9tude, m\u00eame sans solution imm\u00e9diate. Pour lui, le silence constitue un risque bien plus grand que la parole.<\/p>\n<p style=\"text-align:justify;\">Il rappelle \u00e9galement le r\u00f4le aggravant de certaines consommations. L\u2019alcool, les drogues ou certains m\u00e9dicaments peuvent \u00e0 la fois renforcer les \u00e9tats d\u00e9pressifs et lever les inhibitions, facilitant un passage \u00e0 l\u2019acte qui ne se serait pas produit autrement.<\/p>\n<p style=\"text-align:justify;\">S\u2019il reconna\u00eet les avanc\u00e9es des politiques publiques, notamment la formation \u00e0 la d\u00e9tection du risque suicidaire et la mise en place du 3114, num\u00e9ro national de pr\u00e9vention du suicide, Marc Fillatre estime que l\u2019approche reste trop centr\u00e9e sur l\u2019individu. \u00ab Une tentative de suicide n\u2019est en g\u00e9n\u00e9ral pas une question personnelle \u00bb, affirme-t-il, plaidant pour un accompagnement syst\u00e9matique des familles et, plus largement, pour une r\u00e9ponse collective \u00e0 une souffrance collective.<\/p>\n<p style=\"text-align:justify;\">Le suicide des adolescents reste une r\u00e9alit\u00e9 alarmante en France, avec environ 400 morts chaque ann\u00e9e.<\/p>\n<p>                            &#13;<br \/>\n                                <a href=\"https:\/\/www.aa.com.tr\/fr\/p\/abonnement\/1001\" target=\"_blank\" style=\"font-size:12px; color:#444; text-decoration:none;\" rel=\"noopener\">&#13;<br \/>\n                                    Seulement une partie des d\u00e9p\u00eaches, que l&rsquo;Agence Anadolu diffuse \u00e0 ses abonn\u00e9s via le Syst\u00e8me de Diffusion interne (HAS), est diffus\u00e9e sur le site de l&rsquo;AA, de mani\u00e8re r\u00e9sum\u00e9e. <b style=\"color:#1897F7\">Contactez-nous s&rsquo;il vous pla\u00eet pour vous abonner.<\/b>&#13;<br \/>\n                                <\/a>&#13;<\/p>\n","protected":false},"excerpt":{"rendered":"AA \/ Paris \/ \u00dcmit D\u00f6nmez Si le nombre de suicides chez les adolescents est globalement orient\u00e9 \u00e0&hellip;\n","protected":false},"author":2,"featured_media":609284,"comment_status":"","ping_status":"","sticky":false,"template":"","format":"standard","meta":{"footnotes":""},"categories":[4],"tags":[11,1785,72046,1011,27,12,25,5748,72047,22128,72048],"class_list":{"0":"post-609283","1":"post","2":"type-post","3":"status-publish","4":"format-standard","5":"has-post-thumbnail","7":"category-france","8":"tag-actualites","9":"tag-anadolu-ajansi","10":"tag-docteur-marc-fillatre","11":"tag-fr","12":"tag-france","13":"tag-news","14":"tag-republique-francaise","15":"tag-suicide","16":"tag-suicide-des-adolescents","17":"tag-tentative-de-suicide","18":"tag-union-nationale-pour-la-prvention-du-suicide-unps"},"share_on_mastodon":{"url":"https:\/\/pubeurope.com\/@fr\/115745740985207237","error":""},"_links":{"self":[{"href":"https:\/\/www.europesays.com\/fr\/wp-json\/wp\/v2\/posts\/609283","targetHints":{"allow":["GET"]}}],"collection":[{"href":"https:\/\/www.europesays.com\/fr\/wp-json\/wp\/v2\/posts"}],"about":[{"href":"https:\/\/www.europesays.com\/fr\/wp-json\/wp\/v2\/types\/post"}],"author":[{"embeddable":true,"href":"https:\/\/www.europesays.com\/fr\/wp-json\/wp\/v2\/users\/2"}],"replies":[{"embeddable":true,"href":"https:\/\/www.europesays.com\/fr\/wp-json\/wp\/v2\/comments?post=609283"}],"version-history":[{"count":0,"href":"https:\/\/www.europesays.com\/fr\/wp-json\/wp\/v2\/posts\/609283\/revisions"}],"wp:featuredmedia":[{"embeddable":true,"href":"https:\/\/www.europesays.com\/fr\/wp-json\/wp\/v2\/media\/609284"}],"wp:attachment":[{"href":"https:\/\/www.europesays.com\/fr\/wp-json\/wp\/v2\/media?parent=609283"}],"wp:term":[{"taxonomy":"category","embeddable":true,"href":"https:\/\/www.europesays.com\/fr\/wp-json\/wp\/v2\/categories?post=609283"},{"taxonomy":"post_tag","embeddable":true,"href":"https:\/\/www.europesays.com\/fr\/wp-json\/wp\/v2\/tags?post=609283"}],"curies":[{"name":"wp","href":"https:\/\/api.w.org\/{rel}","templated":true}]}}