{"id":609291,"date":"2025-12-19T10:30:46","date_gmt":"2025-12-19T10:30:46","guid":{"rendered":"https:\/\/www.europesays.com\/fr\/609291\/"},"modified":"2025-12-19T10:30:46","modified_gmt":"2025-12-19T10:30:46","slug":"tudor-pro-cycling-sallie-a-sportful-pour-2026","status":"publish","type":"post","link":"https:\/\/www.europesays.com\/fr\/609291\/","title":{"rendered":"Tudor Pro Cycling s&rsquo;allie \u00e0 Sportful pour 2026"},"content":{"rendered":"<p><a class=\"media-link\" href=\"https:\/\/www.matosvelo.fr\/public\/Matos-pro\/Tudor\/2026\/Sportful\/Sportful-x-Tudor_00.jpg\" target=\"_blank\" rel=\"noopener\"><img decoding=\"async\" loading=\"lazy\" alt=\"\" class=\"media\" src=\"https:\/\/www.europesays.com\/fr\/wp-content\/uploads\/2025\/12\/.Sportful-x-Tudor_00_s.jpg\" style=\"float: left; margin: 0 1em 1em 0;\" height=\"200\" width=\"270\"\/><\/a>Source : communiqu\u00e9 de presse<\/p>\n<p>L&rsquo;\u00e9quipe suisse de Fabian Cancellara renoue avec la marque italienne historique dans un partenariat ax\u00e9 sur l&rsquo;innovation et la performance.<\/p>\n<p>L&rsquo;\u00e9quipe cycliste professionnelle Tudor Pro Cycling a annonc\u00e9 vendredi la signature d&rsquo;un partenariat avec l&rsquo;\u00e9quipementier italien Sportful, qui devient son partenaire officiel \u00e0 compter de janvier 2026.<\/p>\n<p>Cette alliance marque le retour d&rsquo;une collaboration entre Fabian Cancellara, fondateur de l&rsquo;\u00e9quipe, et la marque avec laquelle il a connu certains de ses plus grands succ\u00e8s.<\/p>\n<p>Un partenariat charg\u00e9 d&rsquo;histoire<\/p>\n<p><a class=\"media-link\" href=\"https:\/\/www.matosvelo.fr\/public\/Matos-pro\/Tudor\/2026\/Sportful\/Sportful-x-Tudor_01.jpg\" target=\"_blank\" rel=\"noopener\"><img decoding=\"async\" loading=\"lazy\" alt=\"\" class=\"media\" src=\"https:\/\/www.europesays.com\/fr\/wp-content\/uploads\/2025\/12\/.Sportful-x-Tudor_01_s.jpg\" style=\"float: left; margin: 0 1em 1em 0;\" height=\"270\" width=\"180\"\/><\/a>Pour Cancellara, double champion olympique et figure embl\u00e9matique du cyclisme suisse, ce rapprochement rev\u00eat une dimension particuli\u00e8rement \u00e9motionnelle.<\/p>\n<blockquote><p>&#13;<\/p>\n<p>Sportful a fait partie de certains des moments les plus marquants de ma carri\u00e8re, en particulier la saison 2010, qui contient des souvenirs que je n&rsquo;oublierai jamais.<\/p>\n<p>&#13;\n<\/p><\/blockquote>\n<p>L&rsquo;ancien champion voit dans ce partenariat bien plus qu&rsquo;un simple accord commercial : une continuit\u00e9 entre son pass\u00e9 de coureur et l&rsquo;avenir de son \u00e9quipe.<\/p>\n<p>Le partenariat ne se limite pas \u00e0 un simple \u00e9quipement de l&rsquo;\u00e9quipe. Tudor Pro Cycling et Sportful ont mis en place une v\u00e9ritable collaboration technique entre leurs \u00e9quipes d&rsquo;innovation respectives. Ing\u00e9nieurs, designers et coureurs travailleront ensemble pour d\u00e9velopper une nouvelle g\u00e9n\u00e9ration de v\u00eatements de course, adapt\u00e9s aux exigences du tr\u00e8s haut niveau.<\/p>\n<p><a class=\"media-link\" href=\"https:\/\/www.matosvelo.fr\/public\/Matos-pro\/Tudor\/2026\/Sportful\/Sportful-x-Tudor_05.jpg\" target=\"_blank\" rel=\"noopener\"><img decoding=\"async\" loading=\"lazy\" alt=\"\" class=\"media\" src=\"https:\/\/www.europesays.com\/fr\/wp-content\/uploads\/2025\/12\/.Sportful-x-Tudor_05_m.jpg\" style=\"margin: 0 auto; display: table;\" height=\"466\" width=\"700\"\/><\/a><\/p>\n<p>Kurt Bergin-Taylor, responsable de l&rsquo;innovation chez Tudor Pro Cycling :<\/p>\n<blockquote><p>&#13;<\/p>\n<p>Ce partenariat est bas\u00e9 sur une volont\u00e9 commune de continuer \u00e0 progresser, de continuer \u00e0 nous am\u00e9liorer et d&rsquo;explorer jusqu&rsquo;o\u00f9 nous pouvons aller ensemble.<\/p>\n<p>&#13;\n<\/p><\/blockquote>\n<p>L&rsquo;objectif : optimiser chaque aspect, de l&rsquo;a\u00e9rodynamisme \u00e0 la thermor\u00e9gulation, pour des conditions de course extr\u00eames.<\/p>\n<p><a class=\"media-link\" href=\"https:\/\/www.matosvelo.fr\/public\/Matos-pro\/Tudor\/2026\/Sportful\/Sportful-x-Tudor_06.jpg\" target=\"_blank\" rel=\"noopener\"><img decoding=\"async\" loading=\"lazy\" alt=\"\" class=\"media\" src=\"https:\/\/www.europesays.com\/fr\/wp-content\/uploads\/2025\/12\/.Sportful-x-Tudor_06_m.jpg\" style=\"margin: 0 auto; display: table;\" height=\"700\" width=\"466\"\/><\/a><\/p>\n<p>Une collection sur mesure pour 2026<\/p>\n<p>Le fruit de cette collaboration prendra forme avec une collection Sportful enti\u00e8rement co-con\u00e7ue avec l&rsquo;\u00e9quipe, qui fera ses d\u00e9buts lors de la saison 2026. D\u00e9velopp\u00e9e avec les retours directs des coureurs et des experts techniques, cette gamme vise la vitesse, le confort et des performances sans compromis.<br \/>&#13;<br \/>\n\u00ab\u00a0Avec Tudor Pro Cycling, nous transformerons un potentiel illimit\u00e9 en r\u00e9sultats exceptionnels &#8211; en continuant \u00e0 innover nos produits et \u00e0 inspirer le monde entier du cyclisme\u00a0\u00bb, se r\u00e9jouit Alessio Cremonese, pr\u00e9sident ex\u00e9cutif de Sportful.<\/p>\n<ul class=\"galleryinsert\" style=\"padding-left:0px\">\n<li><a href=\"https:\/\/www.matosvelo.fr\/public\/Matos-pro\/Tudor\/2026\/Sportful\/Sportful-x-Tudor_03.jpg\" class=\"dbg1834034083\" title=\"\" target=\"_blank\" rel=\"noopener\"><img decoding=\"async\" loading=\"lazy\" src=\"https:\/\/www.europesays.com\/fr\/wp-content\/uploads\/2025\/12\/.Sportful-x-Tudor_03_t.jpg\" alt=\"\"\/><\/a><\/li>\n<li><a href=\"https:\/\/www.matosvelo.fr\/public\/Matos-pro\/Tudor\/2026\/Sportful\/Sportful-x-Tudor_07.jpg\" class=\"dbg1834034083\" title=\"\" target=\"_blank\" rel=\"noopener\"><img decoding=\"async\" loading=\"lazy\" src=\"https:\/\/www.europesays.com\/fr\/wp-content\/uploads\/2025\/12\/.Sportful-x-Tudor_07_t.jpg\" alt=\"\"\/><\/a><\/li>\n<\/ul>\n<p>Une \u00e9quipe en pleine expansion<\/p>\n<p>Bas\u00e9e \u00e0 Sursee en Suisse et lanc\u00e9e en 2022 par Fabian Cancellara, Tudor Pro Cycling poursuit son d\u00e9veloppement ambitieux. En 2026, l&rsquo;\u00e9quipe alignera 47 coureurs de 11 nationalit\u00e9s diff\u00e9rentes, dont le double champion du monde Julian Alaphilippe, sur les routes et les parcours gravel du plus haut niveau mondial.<\/p>\n<p>Raphael Meyer, PDG de l&rsquo;\u00e9quipe, voit dans l&rsquo;arriv\u00e9e de Sportful un partenaire partageant les m\u00eames valeurs :<\/p>\n<blockquote><p>&#13;<\/p>\n<p>Sportful apporte des d\u00e9cennies d&rsquo;expertise et un engagement profond envers l&rsquo;innovation &#8211; des valeurs qui r\u00e9sonnent fortement avec nous.<\/p>\n<p>&#13;\n<\/p><\/blockquote>\n<p>Fond\u00e9e en 1972 dans les Dolomites italiennes, Sportful s&rsquo;est impos\u00e9e comme l&rsquo;un des leaders mondiaux de l&rsquo;\u00e9quipement technique pour le cyclisme. La marque a notamment \u00e9quip\u00e9 des formations prestigieuses comme Red Bull &#8211; BORA \u2013 hansgrohe, Tinkoff-Saxo ou Mapei, capitalisant sur les retours d&rsquo;exp\u00e9rience des meilleurs athl\u00e8tes pour d\u00e9velopper ses produits.<\/p>\n<ul class=\"galleryinsert\" style=\"padding-left:0px\">\n<li><a href=\"https:\/\/www.matosvelo.fr\/public\/Matos-pro\/Tudor\/2026\/Sportful\/Sportful-x-Tudor_04.jpg\" class=\"dbg2019070464\" title=\"\" target=\"_blank\" rel=\"noopener\"><img decoding=\"async\" loading=\"lazy\" src=\"https:\/\/www.europesays.com\/fr\/wp-content\/uploads\/2025\/12\/.Sportful-x-Tudor_04_t.jpg\" alt=\"\"\/><\/a><\/li>\n<li><a href=\"https:\/\/www.matosvelo.fr\/public\/Matos-pro\/Tudor\/2026\/Sportful\/Sportful-x-Tudor_02.jpg\" class=\"dbg2019070464\" title=\"\" target=\"_blank\" rel=\"noopener\"><img decoding=\"async\" loading=\"lazy\" src=\"https:\/\/www.europesays.com\/fr\/wp-content\/uploads\/2025\/12\/.Sportful-x-Tudor_02_t.jpg\" alt=\"\"\/><\/a><\/li>\n<\/ul>\n","protected":false},"excerpt":{"rendered":"Source : communiqu\u00e9 de presse L&rsquo;\u00e9quipe suisse de Fabian Cancellara renoue avec la marque italienne historique dans un&hellip;\n","protected":false},"author":2,"featured_media":609292,"comment_status":"","ping_status":"","sticky":false,"template":"","format":"standard","meta":{"footnotes":""},"categories":[1411],"tags":[1154,207,1011,27,60],"class_list":{"0":"post-609291","1":"post","2":"type-post","3":"status-publish","4":"format-standard","5":"has-post-thumbnail","7":"category-cyclisme","8":"tag-cycling","9":"tag-cyclisme","10":"tag-fr","11":"tag-france","12":"tag-sports"},"share_on_mastodon":{"url":"https:\/\/pubeurope.com\/@fr\/115745773536360779","error":""},"_links":{"self":[{"href":"https:\/\/www.europesays.com\/fr\/wp-json\/wp\/v2\/posts\/609291","targetHints":{"allow":["GET"]}}],"collection":[{"href":"https:\/\/www.europesays.com\/fr\/wp-json\/wp\/v2\/posts"}],"about":[{"href":"https:\/\/www.europesays.com\/fr\/wp-json\/wp\/v2\/types\/post"}],"author":[{"embeddable":true,"href":"https:\/\/www.europesays.com\/fr\/wp-json\/wp\/v2\/users\/2"}],"replies":[{"embeddable":true,"href":"https:\/\/www.europesays.com\/fr\/wp-json\/wp\/v2\/comments?post=609291"}],"version-history":[{"count":0,"href":"https:\/\/www.europesays.com\/fr\/wp-json\/wp\/v2\/posts\/609291\/revisions"}],"wp:featuredmedia":[{"embeddable":true,"href":"https:\/\/www.europesays.com\/fr\/wp-json\/wp\/v2\/media\/609292"}],"wp:attachment":[{"href":"https:\/\/www.europesays.com\/fr\/wp-json\/wp\/v2\/media?parent=609291"}],"wp:term":[{"taxonomy":"category","embeddable":true,"href":"https:\/\/www.europesays.com\/fr\/wp-json\/wp\/v2\/categories?post=609291"},{"taxonomy":"post_tag","embeddable":true,"href":"https:\/\/www.europesays.com\/fr\/wp-json\/wp\/v2\/tags?post=609291"}],"curies":[{"name":"wp","href":"https:\/\/api.w.org\/{rel}","templated":true}]}}