{"id":609295,"date":"2025-12-19T10:33:14","date_gmt":"2025-12-19T10:33:14","guid":{"rendered":"https:\/\/www.europesays.com\/fr\/609295\/"},"modified":"2025-12-19T10:33:14","modified_gmt":"2025-12-19T10:33:14","slug":"franco-libanaise-lea-salame-decoit-un-peu-jean-luc-melenchon-elle-se-contrefout-de","status":"publish","type":"post","link":"https:\/\/www.europesays.com\/fr\/609295\/","title":{"rendered":"Franco-libanaise, L\u00e9a Salam\u00e9 \u00ab\u00a0d\u00e9\u00e7oit un peu\u00a0\u00bb Jean-Luc M\u00e9lenchon : \u00ab\u00a0Elle se contrefout de&#8230;\u00a0\u00bb"},"content":{"rendered":"<p>Par <a class=\"author_recette\" id=\"author_name\" href=\"https:\/\/www.nextplz.fr\/auteur\/mamy\" target=\"_blank\" rel=\"noopener\">Mamy Yves<br \/>\nRatsimbazafy<\/a> &#8211; Publi\u00e9 le 19 D\u00e9c 2025 \u00e0 08:00<\/p>\n<p class=\"article-intro excerpt\">Jean-Luc M\u00e9lenchon a publiquement<br \/>\ncritiqu\u00e9 L\u00e9a Salam\u00e9, en jugeant son attitude envers le Liban<br \/>\nd\u00e9cevante. De quoi relancer le d\u00e9bat sur l\u2019attente r\u00e9elle ou<br \/>\nsuppos\u00e9e d\u2019un traitement g\u00e9opolitique plus engag\u00e9 d\u2019une journaliste<br \/>\nfranco-libanaise.<\/p>\n<p><img width=\"750\" height=\"410\" src=\"data:image\/svg+xml,%3Csvg%20xmlns=\" http:=\"\" class=\"img-responsive alignnone size-full pinit-here zoom-it\" alt=\"Franco-libanaise, L\u00e9a Salam\u00e9 \" d=\"\" un=\"\" peu=\"\" jean-luc=\"\" m=\"\" :=\"\" se=\"\" contrefout=\"\" de...=\"\" fetchpriority=\"high\" data-lazyloading=\"false\" decoding=\"async\" data-lazy-src=\"https:\/\/www.europesays.com\/fr\/wp-content\/uploads\/2025\/12\/lea-salame-et-jean-luc-melenchon-750x410.png\"\/><\/p>\n<p>\u00a9 France TV\/Shutterstock<\/p>\n<p>Jean-Luc M\u00e9lenchon a d\u00e9clench\u00e9 une vive pol\u00e9mique en publiant<br \/>\nsur X (anciennement Twitter) une vid\u00e9o dans laquelle il affirme<br \/>\n\u00eatre \u00ab un peu d\u00e9\u00e7u \u00bb par L\u00e9a Salam\u00e9. Selon lui, <a href=\"https:\/\/www.nextplz.fr\/people\/521129-lea-salame-tombee-dans-un-piege-les-explications-etonnantes-dun-cadre-de-france-2\" target=\"_blank\" rel=\"noopener\"><br \/>\nla journaliste de double origine franco-libanaise<\/a> aurait manqu\u00e9<br \/>\nd\u2019engagement ou d\u2019int\u00e9r\u00eat lorsqu\u2019il s\u2019agit de d\u00e9fendre ou d\u2019aborder<br \/>\nla question du Liban dans le contexte g\u00e9opolitique actuel : \u00ab<br \/>\nComme elle est franco-libanaise, je pensais qu\u2019elle nous<br \/>\ndonnerait un coup de main quand on d\u00e9fend le Liban, mais elle s\u2019en<br \/>\ncontrefout du Liban ! \u00bb.<\/p>\n<p>L\u00e9a Salam\u00e9 est une journaliste reconnue de la sc\u00e8ne<br \/>\naudiovisuelle fran\u00e7aise. Franco-libanaise de naissance, elle a<br \/>\ngravi les \u00e9chelons des m\u00e9dias nationaux en occupant des postes<br \/>\nimportants sur France Inter et \u00e0 la t\u00e9l\u00e9vision, o\u00f9 elle anime<br \/>\nd\u00e9sormais le JT de 20 heures sur France 2 ainsi que des \u00e9missions<br \/>\nd\u2019actualit\u00e9 et de d\u00e9bat.<\/p>\n<blockquote class=\"twitter-tweet\" data-width=\"500\" data-dnt=\"true\">\n<p lang=\"fr\" dir=\"ltr\">\u00ab L\u00e9a Salam\u00e9, je suis d\u00e9\u00e7u parce que comme<br \/>\nelle est franco-libanaise, je pensais qu\u00a0\u00bbelle nous donnerait un<br \/>\ncoup de main quand on d\u00e9fend le Liban, mais elle s&rsquo;en contrefout du<br \/>\nLiban ! \u00bb d\u00e9clare Jean-Luc M\u00e9lenchon. <a href=\"https:\/\/t.co\/JZL8dQ2ujd\" target=\"_blank\">pic.twitter.com\/JZL8dQ2ujd<\/a><\/p>\n<p>\u2014 Surmulot (@SurmulotsNews) <a href=\"https:\/\/twitter.com\/SurmulotsNews\/status\/2001624992887509292?ref_src=twsrc%5Etfw\" target=\"_blank\" rel=\"noopener\">December 18, 2025<\/a><\/p><\/blockquote>\n<p>Son parcours est marqu\u00e9 par une r\u00e9putation d\u2019intervieweuse<br \/>\nexigeante, parfois jug\u00e9e incisive, qui n\u2019h\u00e9site pas \u00e0 poser des<br \/>\nquestions franches \u00e0 ses interlocuteurs politiques. Pourtant, sa<br \/>\nposition de journaliste, neutre par d\u00e9finition, peut entrer en<br \/>\ntension avec les attentes politiques de certaines figures<br \/>\npubliques.<\/p>\n<p>Le d\u00e9bat sur la neutralit\u00e9 journalistique et les engagements<br \/>\npersonnels relanc\u00e9<\/p>\n<p>La critique lanc\u00e9e par Jean-Luc M\u00e9lenchon pose une question<br \/>\ncentrale du m\u00e9tier de journaliste : jusqu\u2019o\u00f9 une figure m\u00e9diatique<br \/>\npeut-elle ou doit-elle prendre position sur des questions<br \/>\ninternationales ou sensibles, m\u00eame si elle poss\u00e8de des origines<br \/>\nculturelles ou familiales li\u00e9es \u00e0 ces sujets ? Pour beaucoup de<br \/>\nprofessionnels des m\u00e9dias, la neutralit\u00e9 ou l\u2019impartialit\u00e9 est<br \/>\nessentielle afin de garantir une information \u00e9quilibr\u00e9e aupr\u00e8s du<br \/>\npublic. Ainsi, certains observateurs estiment que saluer une<br \/>\n\u00e9ventuelle prise de position politique d\u2019un journaliste en fonction<br \/>\nde ses origines serait contraire \u00e0 l\u2019\u00e9thique journalistique, qui<br \/>\nveut que l\u2019information ne soit pas instrumentalis\u00e9e.<\/p>\n<p>R\u00e9actions dans l\u2019espace<br \/>\npublic<\/p>\n<p>Depuis la publication du message de Jean-Luc M\u00e9lenchon, de<br \/>\nnombreuses voix se sont \u00e9lev\u00e9es sur les r\u00e9seaux sociaux et dans les<br \/>\nm\u00e9dias. Certains lui ont ainsi t\u00e9moign\u00e9 leur soutien en estimant<br \/>\nque <a href=\"https:\/\/fr.wikipedia.org\/wiki\/Jean-Luc_M%C3%A9lenchon\" target=\"_blank\" rel=\"noopener\">les journalistes ont parfois un r\u00f4le moral ou<br \/>\ncitoyen \u00e0 jouer<\/a> sur les sujets internationaux. D\u2019autres<br \/>\nrappellent en revanche que l\u2019exercice journalistique ne consiste<br \/>\npas \u00e0 \u00ab soutenir \u00bb tel ou tel camp, m\u00eame lorsque le sujet touche \u00e0<br \/>\nl\u2019histoire ou aux origines d\u2019un journaliste. Alors que le d\u00e9bat<br \/>\ncontinue d\u2019alimenter les discussions en ligne, il met surtout en<br \/>\nlumi\u00e8re la tension persistante entre \u00e9thique professionnelle et<br \/>\nattentes soci\u00e9tales.<\/p>\n<p><script async src=\"https:\/\/platform.twitter.com\/widgets.js\" charset=\"utf-8\"><\/script><\/p>\n","protected":false},"excerpt":{"rendered":"Par Mamy Yves Ratsimbazafy &#8211; Publi\u00e9 le 19 D\u00e9c 2025 \u00e0 08:00 Jean-Luc M\u00e9lenchon a publiquement critiqu\u00e9 L\u00e9a&hellip;\n","protected":false},"author":2,"featured_media":609296,"comment_status":"","ping_status":"","sticky":false,"template":"","format":"standard","meta":{"footnotes":""},"categories":[1359],"tags":[21303,58,59,1011,27,973,65861],"class_list":{"0":"post-609295","1":"post","2":"type-post","3":"status-publish","4":"format-standard","5":"has-post-thumbnail","7":"category-people","8":"tag-buzz_nonli","9":"tag-divertissement","10":"tag-entertainment","11":"tag-fr","12":"tag-france","13":"tag-people","14":"tag-trend"},"share_on_mastodon":{"url":"https:\/\/pubeurope.com\/@fr\/115745784162753215","error":""},"_links":{"self":[{"href":"https:\/\/www.europesays.com\/fr\/wp-json\/wp\/v2\/posts\/609295","targetHints":{"allow":["GET"]}}],"collection":[{"href":"https:\/\/www.europesays.com\/fr\/wp-json\/wp\/v2\/posts"}],"about":[{"href":"https:\/\/www.europesays.com\/fr\/wp-json\/wp\/v2\/types\/post"}],"author":[{"embeddable":true,"href":"https:\/\/www.europesays.com\/fr\/wp-json\/wp\/v2\/users\/2"}],"replies":[{"embeddable":true,"href":"https:\/\/www.europesays.com\/fr\/wp-json\/wp\/v2\/comments?post=609295"}],"version-history":[{"count":0,"href":"https:\/\/www.europesays.com\/fr\/wp-json\/wp\/v2\/posts\/609295\/revisions"}],"wp:featuredmedia":[{"embeddable":true,"href":"https:\/\/www.europesays.com\/fr\/wp-json\/wp\/v2\/media\/609296"}],"wp:attachment":[{"href":"https:\/\/www.europesays.com\/fr\/wp-json\/wp\/v2\/media?parent=609295"}],"wp:term":[{"taxonomy":"category","embeddable":true,"href":"https:\/\/www.europesays.com\/fr\/wp-json\/wp\/v2\/categories?post=609295"},{"taxonomy":"post_tag","embeddable":true,"href":"https:\/\/www.europesays.com\/fr\/wp-json\/wp\/v2\/tags?post=609295"}],"curies":[{"name":"wp","href":"https:\/\/api.w.org\/{rel}","templated":true}]}}