{"id":609301,"date":"2025-12-19T10:37:12","date_gmt":"2025-12-19T10:37:12","guid":{"rendered":"https:\/\/www.europesays.com\/fr\/609301\/"},"modified":"2025-12-19T10:37:12","modified_gmt":"2025-12-19T10:37:12","slug":"kendji-girac-de-retour-a-lhopital-pour-une-petite-operation-apres-un-accident","status":"publish","type":"post","link":"https:\/\/www.europesays.com\/fr\/609301\/","title":{"rendered":"Kendji Girac de retour \u00e0 l\u2019h\u00f4pital pour une \u00ab\u00a0petite op\u00e9ration\u00a0\u00bb apr\u00e8s un accident"},"content":{"rendered":"<p>Plus d\u2019un an apr\u00e8s le tir qui a failli lui co\u00fbter la vie, <a href=\"https:\/\/www.20minutes.fr\/arts-stars\/people\/4176370-20251001-chance-mille-mourir-kendji-girac-raconte-parcours-hors-norme-autobiographie\" target=\"_blank\" class=\"c-link c-link--is-underlined\" rel=\"noopener\">Kendji Girac<\/a> a de nouveau \u00e9t\u00e9 hospitalis\u00e9. Or, cette fois, le chanteur a subi une \u00ab\u00a0petite op\u00e9ration\u00a0\u00bb \u00e0 la main apr\u00e8s un accident\u2026 de \u00ab\u00a0m\u00e9canique\u00a0\u00bb\u00a0! Dans une vid\u00e9o publi\u00e9e hier dans ses <a href=\"https:\/\/www.instagram.com\/stories\/kendji\/?hl=fr\" rel=\"nofollow noopener\" target=\"_blank\" class=\"c-link c-link--is-underlined\">Stories Instagram<\/a>, l\u2019artiste de 29 ans a tenu \u00e0 s\u2019expliquer et \u00e0 rassurer ses fans sur son \u00e9tat de sant\u00e9.<\/p>\n<p>Malgr\u00e9 sa blouse d\u2019h\u00f4pital et sa main band\u00e9e, il n\u2019a pas perdu le sourire. \u00ab\u00a0\u00c7a va tr\u00e8s bien, mais juste un petit hic\u00a0: je me suis bless\u00e9 en faisant de la m\u00e9canique. Je ne conseille \u00e0 personne de faire de la m\u00e9canique quand on ne sait pas le faire\u00a0\u00bb, a-t-il cru bon de pr\u00e9ciser. \u00ab\u00a0Et donc l\u00e0 je passe par une petite op\u00e9ration pour me sentir mieux avec ma main dans quelques jours\u00a0\u00bb.<\/p>\n<p>\u00ab\u00a0Il y a pire dans la vie\u00a0\u00bb<\/p>\n<p>\u00ab\u00a0Rien de grave\u00a0\u00bb, a ajout\u00e9 <a href=\"https:\/\/www.20minutes.fr\/arts-stars\/people\/4171454-20250905-kendji-girac-contre-illettrisme-chanteur-fait-promesse-mere\" target=\"_blank\" class=\"c-link c-link--is-underlined\" rel=\"noopener\">le chanteur <\/a>d\u2019Andalouse, justifiant \u00e9galement son absence des r\u00e9seaux sociaux ces derniers jours, alors qu\u2019il tentait de \u00ab\u00a0r\u00e9cup\u00e9rer\u00a0\u00bb pendant que sa blessure le faisait souffrir. \u00ab\u00a0Je voulais faire part de ce petit moment un peu compliqu\u00e9, mais bon, il y a pire dans la vie. C\u2019est pas grave\u00a0\u00bb, a-t-il relativis\u00e9. \u00ab\u00a0En tout cas, je suis pris en main par des m\u00e9decins tr\u00e8s gentils et qui vont bien s\u2019occuper de moi et qui vont refaire marcher ma petite main comme il faut\u00a0\u00bb, a-t-il conclu, avant de souhaiter de \u00ab\u00a0bonnes f\u00eates\u00a0\u00bb \u00e0 ses fans.<\/p>\n<p>Des nouvelles rassurantes pour le chanteur, dont le dernier s\u00e9jour connu \u00e0 l\u2019h\u00f4pital \u00e9tait pour une blessure par balle qu\u2019il s\u2019\u00e9tait inflig\u00e9e au niveau du thorax en avril\u00a02024, alors qu\u2019il \u00e9tait sous l\u2019influence de l\u2019alcool et de la coca\u00efne. Kendji Girac s\u2019en est sorti et a pr\u00e9sent\u00e9 des excuses \u00e0 ses proches et \u00e0 son public, tandis qu\u2019une enqu\u00eate sur l\u2019affaire a finalement \u00e9t\u00e9 <a href=\"https:\/\/www.20minutes.fr\/faits_divers\/4097857-20240624-affaire-kenji-cocaine-chantage-changement-version-retenir-conclusions-definitives-enquete\" target=\"_blank\" class=\"c-link c-link--is-underlined\" rel=\"noopener\">class\u00e9e sans suites<\/a>. Le p\u00e8re de famille a pu sortir quelques mois plus tard un nouvel album, Vivre\u2026, et offrir avec sa compagne Soraya <a href=\"https:\/\/www.20minutes.fr\/arts-stars\/people\/4181756-20251027-pu-vivre-ca-kendji-girac-emu-naissance-petit-prince-apres-accident\" target=\"_blank\" class=\"c-link c-link--is-underlined\" rel=\"noopener\">un petit fr\u00e8re<\/a>, Darel, \u00e0 leur fille Eva Alba cette ann\u00e9e.<\/p>\n<p><script async src=\"\/\/www.instagram.com\/embed.js\"><\/script><\/p>\n","protected":false},"excerpt":{"rendered":"Plus d\u2019un an apr\u00e8s le tir qui a failli lui co\u00fbter la vie, Kendji Girac a de nouveau&hellip;\n","protected":false},"author":2,"featured_media":609302,"comment_status":"","ping_status":"","sticky":false,"template":"","format":"standard","meta":{"footnotes":""},"categories":[1355],"tags":[58,59,1011,27,2440,7780,1361,873,973,133],"class_list":{"0":"post-609301","1":"post","2":"type-post","3":"status-publish","4":"format-standard","5":"has-post-thumbnail","7":"category-musique","8":"tag-divertissement","9":"tag-entertainment","10":"tag-fr","11":"tag-france","12":"tag-instagram","13":"tag-kendji-girac","14":"tag-music","15":"tag-musique","16":"tag-people","17":"tag-video"},"share_on_mastodon":{"url":"https:\/\/pubeurope.com\/@fr\/115745799824000919","error":""},"_links":{"self":[{"href":"https:\/\/www.europesays.com\/fr\/wp-json\/wp\/v2\/posts\/609301","targetHints":{"allow":["GET"]}}],"collection":[{"href":"https:\/\/www.europesays.com\/fr\/wp-json\/wp\/v2\/posts"}],"about":[{"href":"https:\/\/www.europesays.com\/fr\/wp-json\/wp\/v2\/types\/post"}],"author":[{"embeddable":true,"href":"https:\/\/www.europesays.com\/fr\/wp-json\/wp\/v2\/users\/2"}],"replies":[{"embeddable":true,"href":"https:\/\/www.europesays.com\/fr\/wp-json\/wp\/v2\/comments?post=609301"}],"version-history":[{"count":0,"href":"https:\/\/www.europesays.com\/fr\/wp-json\/wp\/v2\/posts\/609301\/revisions"}],"wp:featuredmedia":[{"embeddable":true,"href":"https:\/\/www.europesays.com\/fr\/wp-json\/wp\/v2\/media\/609302"}],"wp:attachment":[{"href":"https:\/\/www.europesays.com\/fr\/wp-json\/wp\/v2\/media?parent=609301"}],"wp:term":[{"taxonomy":"category","embeddable":true,"href":"https:\/\/www.europesays.com\/fr\/wp-json\/wp\/v2\/categories?post=609301"},{"taxonomy":"post_tag","embeddable":true,"href":"https:\/\/www.europesays.com\/fr\/wp-json\/wp\/v2\/tags?post=609301"}],"curies":[{"name":"wp","href":"https:\/\/api.w.org\/{rel}","templated":true}]}}