{"id":609303,"date":"2025-12-19T10:38:14","date_gmt":"2025-12-19T10:38:14","guid":{"rendered":"https:\/\/www.europesays.com\/fr\/609303\/"},"modified":"2025-12-19T10:38:14","modified_gmt":"2025-12-19T10:38:14","slug":"le-chant-des-forets-une-ode-a-la-nature-et-a-la-transmission-signee-vincent-munier","status":"publish","type":"post","link":"https:\/\/www.europesays.com\/fr\/609303\/","title":{"rendered":"\u00ab\u00a0Le chant des for\u00eats\u00a0\u00bb, une ode \u00e0 la nature et \u00e0 la transmission sign\u00e9e Vincent Munier\u00a0"},"content":{"rendered":"<p>Vincent Munier, figure embl\u00e9matique de la photographie animali\u00e8re, signe \u00ab\u00a0Le chant des for\u00eats\u00a0\u00bb. Ce nouveau film sorti le 17 d\u00e9cembre offre une immersion profonde au c\u0153ur des for\u00eats des Vosges. Derri\u00e8re l&rsquo;objectif de ce projet se cache le chef op\u00e9rateur romand Antoine Lavorel.<\/p>\n<p>Apr\u00e8s l&rsquo;adaptation du roman de Sylvain Tesson \u00ab\u00a0La panth\u00e8re des neiges\u00a0\u00bb (2021), r\u00e9compens\u00e9e par le C\u00e9sar du meilleur documentaire, Vincent Munier propose une plong\u00e9e au c\u0153ur des for\u00eats des Vosges. C&rsquo;est ici qu&rsquo;il a tout appris gr\u00e2ce \u00e0 son p\u00e8re Michel, naturaliste, qui a pass\u00e9 sa vie \u00e0 l&rsquo;aff\u00fbt dans les bois, \u00e0 lire les empreintes des animaux, conna\u00eetre les endroits o\u00f9 ils mangent, chassent, construisent leurs nids et dorment.<\/p>\n<p>Le film \u00ab\u00a0Le chant de la for\u00eat\u00a0\u00bb est une invitation \u00e0 d\u00e9couvrir la nature, mais c&rsquo;est \u00e9galement un r\u00e9cit de transmission. Il est l&rsquo;heure pour Vincent Munier et son p\u00e8re Michel de transmettre ce savoir \u00e0 Simon, le fils de Vincent. Ensemble, grand-p\u00e8re, p\u00e8re et fils partent \u00e0 la d\u00e9couverte de la diversit\u00e9 et de la beaut\u00e9 \u00e9poustouflante de la nature.<\/p>\n<p>Contenu externe<\/p>\n<p> Ce contenu externe ne peut pas \u00eatre affich\u00e9 car il est susceptible de collecter des donn\u00e9es personnelles. Pour voir ce contenu vous devez autoriser la cat\u00e9gorie <strong>R\u00e9seaux sociaux<\/strong>. <\/p>\n<p> Accepter Plus d&rsquo;info <\/p>\n<p>    Un jeune talent romand<\/p>\n<p>\u00ab\u00a0Le chant des for\u00eats\u00a0\u00bb est marqu\u00e9 par la participation, en tant que chef op\u00e9rateur, par un jeune talent romand. \u00c0 seulement 22 ans, Antoine Lavorel est un vid\u00e9aste et photographe naturaliste dont le destin semble tout trac\u00e9. Fils de biologistes et naturalistes, il a explor\u00e9 toutes les facettes de la photographie \u00e0 l&rsquo;Ecole d&rsquo;arts appliqu\u00e9s de Vevey avant de se consacrer \u00e0 la vie sauvage. Il fait partie de cette nouvelle g\u00e9n\u00e9ration qui partage sa passion sur les r\u00e9seaux sociaux, mais c&rsquo;est au cin\u00e9ma qu&rsquo;il franchit une nouvelle \u00e9tape en collaborant avec Vincent Munier.<\/p>\n<p> &gt;&gt; Voir l&rsquo;interview d&rsquo;Antoine Lavorel dans le 12h45\u00a0:   <img decoding=\"async\" class=\"embed-responsive-item\" loading=\"lazy\" src=\"https:\/\/www.europesays.com\/fr\/wp-content\/uploads\/2025\/12\/colfdi-29092684.image\" alt=\"Derri\u00e8re &quot;Le Chant des for\u00eats&quot; de Vincent Munier, il y a l'\u0153il d'un romand...\"\/>    Derri\u00e8re \u00ab\u00a0Le Chant des for\u00eats\u00a0\u00bb de Vincent Munier, il y a l&rsquo;\u0153il d&rsquo;un romand&#8230; \/ 12h45 \/ 8 min. \/ mardi \u00e0 12:45 <\/p>\n<p>L&rsquo;histoire de leur rencontre est digne d&rsquo;un conte: Antoine Lavorel, parti \u00e0 v\u00e9lo dans les Vosges, \u00e9crit \u00e0 Vincent Munier pour le rencontrer. Contre toute attente, le r\u00e9alisateur accepte. C&rsquo;est le d\u00e9but d&rsquo;une collaboration fructueuse. Antoine Lavorel effectue plusieurs stages aupr\u00e8s du r\u00e9alisateur, contribuant aux images du film \u00ab\u00a0Le chant des for\u00eats\u00a0\u00bb.<\/p>\n<p>Un travail de patience et de terrain<\/p>\n<p>Comme Vincent Munier, Antoine Lavorel a v\u00e9cu sa premi\u00e8re \u00e9motion en for\u00eat gr\u00e2ce aux chevreuils. \u00ab\u00a0En face de chez moi, il y a un bois o\u00f9 j&rsquo;ai rencontr\u00e9 des chevreuils, j&rsquo;allais r\u00e9guli\u00e8rement les voir et c&rsquo;\u00e9tait absolument magique.\u00a0Et peut-\u00eatre aussi les premiers aff\u00fbts aux blaireaux.\u00a0C&rsquo;est g\u00e9nial!\u00a0On se pose au pied d&rsquo;un arbre, on dispara\u00eet et tout d&rsquo;un coup, il y a cette truffe bariol\u00e9e qui appara\u00eet.\u00a0\u00c7a marque \u00e0 vie\u00a0\u00bb, raconte le Romand dans le 12h45 du 16 d\u00e9cembre.<\/p>\n<blockquote class=\"rts-quote quote\">\n<p class=\"q-text\">J&rsquo;aime bien montrer la nature qu&rsquo;on a au pas de notre porte. La nature, ce n&rsquo;est pas les grands reportages \u00e0 l&rsquo;autre bout du monde, mais c&rsquo;est ce qui se passe ici aussi.<\/p>\n<p>  Antoine Lavorel <\/p><\/blockquote>\n<p>Le photographe naturaliste a acquis ses connaissances gr\u00e2ce \u00e0 ses parents et en c\u00f4toyant d&rsquo;autres passionn\u00e9s, mais aussi et surtout en passant des jours et des nuits immerg\u00e9 dans la nature. \u00ab\u00a0Je crois que le meilleur chemin pour apprendre \u00e0 conna\u00eetre les b\u00eates, c&rsquo;est d&rsquo;\u00eatre sur le terrain tout le temps.\u00a0Et \u00e7a tombe bien, parc que c&rsquo;est ce que j&rsquo;adore faire\u00a0\u00bb, indique Antoine Lavorel<\/p>\n<blockquote class=\"rts-quote quote\">\n<p class=\"q-text\">Montrer la beaut\u00e9, c&rsquo;est aussi parler de ce qui dispara\u00eet, de ce qu&rsquo;il faut absolument prot\u00e9ger.<\/p>\n<p>  Antoine Lavorel <\/p><\/blockquote>\n<p>Montrer ce qui dispara\u00eet<\/p>\n<p>Le film aborde \u00e9galement la question du r\u00e9chauffement climatique. \u00ab\u00a0Je crois que c&rsquo;est pour cela aussi que Vincent Munier, qui \u00e9tait plus photographe avant, est venu vers le cin\u00e9ma.\u00a0Par le cin\u00e9ma et par les images anim\u00e9es, par la vid\u00e9o, on arrive plus \u00e0 passer ces messages. On peut raconter des histoires, prendre les gens avec nous et leur montrer directement\u00a0\u00bb, souligne Antoine Lavorel.<\/p>\n<p class=\"sources\">Propos recueillis par Julie Evard<\/p>\n<p class=\"credit\">Adaptation web: ld<\/p>\n<p class=\"article-footnote\">\u00ab\u00a0Le chant des for\u00eats\u00a0\u00bb de Vincent Munier. A voir dans les salles romandes depuis le 17 d\u00e9cembre 2025.<\/p>\n","protected":false},"excerpt":{"rendered":"Vincent Munier, figure embl\u00e9matique de la photographie animali\u00e8re, signe \u00ab\u00a0Le chant des for\u00eats\u00a0\u00bb. Ce nouveau film sorti le&hellip;\n","protected":false},"author":2,"featured_media":609304,"comment_status":"","ping_status":"","sticky":false,"template":"","format":"standard","meta":{"footnotes":""},"categories":[1354],"tags":[1693,1695,650,72049,58,59,2081,1346,5183,1011,27,1351,1360,2742,6552,20528,1756,50141],"class_list":{"0":"post-609303","1":"post","2":"type-post","3":"status-publish","4":"format-standard","5":"has-post-thumbnail","7":"category-films","8":"tag-arts-et-divertissement","9":"tag-chanson","10":"tag-cinema","11":"tag-directeur-de-la-photographie","12":"tag-divertissement","13":"tag-entertainment","14":"tag-film","15":"tag-films","16":"tag-foret","17":"tag-fr","18":"tag-france","19":"tag-litterature","20":"tag-movies","21":"tag-nature","22":"tag-pere","23":"tag-photographe","24":"tag-photographie","25":"tag-vincent-munier"},"share_on_mastodon":{"url":"https:\/\/pubeurope.com\/@fr\/115745804823705054","error":""},"_links":{"self":[{"href":"https:\/\/www.europesays.com\/fr\/wp-json\/wp\/v2\/posts\/609303","targetHints":{"allow":["GET"]}}],"collection":[{"href":"https:\/\/www.europesays.com\/fr\/wp-json\/wp\/v2\/posts"}],"about":[{"href":"https:\/\/www.europesays.com\/fr\/wp-json\/wp\/v2\/types\/post"}],"author":[{"embeddable":true,"href":"https:\/\/www.europesays.com\/fr\/wp-json\/wp\/v2\/users\/2"}],"replies":[{"embeddable":true,"href":"https:\/\/www.europesays.com\/fr\/wp-json\/wp\/v2\/comments?post=609303"}],"version-history":[{"count":0,"href":"https:\/\/www.europesays.com\/fr\/wp-json\/wp\/v2\/posts\/609303\/revisions"}],"wp:featuredmedia":[{"embeddable":true,"href":"https:\/\/www.europesays.com\/fr\/wp-json\/wp\/v2\/media\/609304"}],"wp:attachment":[{"href":"https:\/\/www.europesays.com\/fr\/wp-json\/wp\/v2\/media?parent=609303"}],"wp:term":[{"taxonomy":"category","embeddable":true,"href":"https:\/\/www.europesays.com\/fr\/wp-json\/wp\/v2\/categories?post=609303"},{"taxonomy":"post_tag","embeddable":true,"href":"https:\/\/www.europesays.com\/fr\/wp-json\/wp\/v2\/tags?post=609303"}],"curies":[{"name":"wp","href":"https:\/\/api.w.org\/{rel}","templated":true}]}}