{"id":609313,"date":"2025-12-19T10:43:14","date_gmt":"2025-12-19T10:43:14","guid":{"rendered":"https:\/\/www.europesays.com\/fr\/609313\/"},"modified":"2025-12-19T10:43:14","modified_gmt":"2025-12-19T10:43:14","slug":"les-valeurs-a-suivre-a-paris-et-en-europe-actualise-19-12-2025-a-0857","status":"publish","type":"post","link":"https:\/\/www.europesays.com\/fr\/609313\/","title":{"rendered":"Les valeurs \u00e0 suivre \u00e0 Paris et en Europe (actualis\u00e9) &#8211; 19\/12\/2025 \u00e0 08:57"},"content":{"rendered":"<p>\n (Actualis\u00e9 avec Edenred, BBVA, WH Smith)\n<\/p>\n<p>\n *\n<\/p>\n<p>\n Variation des futures sur indice CAC 40  0#FCE:\n<\/p>\n<p>\n *\n<\/p>\n<p>\n Variation des futures sur indice Stoxx 600  0#FXXP:\n<\/p>\n<p>\n *\n<\/p>\n<p>\n Valeurs qui se traitent ex-dividende  .EX.PA\n<\/p>\n<p>\n *\n<\/p>\n<p>\n Le point sur les march\u00e9s europ\u00e9ens  .EUFR\n<\/p>\n<p>\n Les valeurs \u00e0 suivre<br \/>\nvendredi \u00e0 la Bourse de Paris et en Europe :\n<\/p>\n<p>\n * KERING<br \/>\n <a href=\"https:\/\/www.boursorama.com\/cours\/1rPKER\/\" target=\"_blank\" rel=\"noopener\"><br \/>\n  PRTP.PA<br \/>\n <\/a><br \/>\n a annonc\u00e9 jeudi une prise de<br \/>\nparticipation de 20% au capital du fabricant de joaillerie<br \/>\nRaselli Franco Group pour un montant de 115 millions d&rsquo;euros. Le<br \/>\ngroupe de luxe fran\u00e7ais pr\u00e9voit d&rsquo;acqu\u00e9rir la totalit\u00e9 des parts<br \/>\nde l&rsquo;entreprise d&rsquo;ici 2032.\n<\/p>\n<p>\n * RENAULT GROUP<br \/>\n <a href=\"https:\/\/www.boursorama.com\/cours\/1rPRNO\/\" target=\"_blank\" rel=\"noopener\"><br \/>\n  RENA.PA<br \/>\n <\/a><br \/>\n a annonc\u00e9 jeudi que l&rsquo;agence de<br \/>\nnotation S&amp;P Global Ratings avait relev\u00e9 sa note de cr\u00e9dit long<br \/>\nterme de Renault SA \u00e0 \u00ab\u00a0BBB-\u00ab\u00a0, ramenant cette notation du groupe<br \/>\nautomobile dans la cat\u00e9gorie investissement.\n<\/p>\n<p>\n * STELLANTIS<br \/>\n <a href=\"https:\/\/www.boursorama.com\/cours\/1gSTLAM\/\" target=\"_blank\" rel=\"noopener\"><br \/>\n  STLAM.MI<br \/>\n <\/a><br \/>\n va r\u00e9duire la production et modifier<br \/>\nl&rsquo;organisation de son site de Mulhouse \u00e0 partir de janvier<br \/>\nprochain afin de s&rsquo;adapter \u00e0 la demande du march\u00e9, a fait savoir<br \/>\njeudi un porte-parole du groupe automobile.\n<\/p>\n<p>\n * EURAZEO<br \/>\n <a href=\"https:\/\/www.boursorama.com\/cours\/1rPRF\/\" target=\"_blank\" rel=\"noopener\"><br \/>\n  EURA.PA<br \/>\n <\/a><br \/>\n a annonc\u00e9 vendredi avoir conclu un<br \/>\naccord portant sur la cession \u00e0 un investisseur tiers d&rsquo;actifs<br \/>\njusqu&rsquo;ici port\u00e9s par le bilan du groupe d&rsquo;investissement<br \/>\nfran\u00e7ais au sein de sa strat\u00e9gie Elevate, sans d\u00e9cote, pour<br \/>\nenviron 260 millions d&rsquo;euros.\n<\/p>\n<p>\n * EDENRED<br \/>\n <a href=\"https:\/\/www.boursorama.com\/cours\/1rPEDEN\/\" target=\"_blank\" rel=\"noopener\"><br \/>\n  EDEN.PA<br \/>\n <\/a><br \/>\n a annonc\u00e9 vendredi l&rsquo;annulation de<br \/>\n2,92 millions de ses propres actions.\n<\/p>\n<p>\n * IPSEN<br \/>\n <a href=\"https:\/\/www.boursorama.com\/cours\/1rPIPN\/\" target=\"_blank\" rel=\"noopener\"><br \/>\n  IPN.PA<br \/>\n <\/a><br \/>\n a annonc\u00e9 vendredi que l&rsquo;essai pivotal de<br \/>\nPhase II FALKON pour son m\u00e9dicament exp\u00e9rimental, le fidrisertib<br \/>\ncontre la fibrodysplasie ossifiante progressive (FOP), n&rsquo;a pas<br \/>\natteint son crit\u00e8re principal, engendrant la cl\u00f4ture de l&rsquo;\u00e9tude.\n<\/p>\n<p>\n * SCHNEIDER ELECTRIC<br \/>\n <a href=\"https:\/\/www.boursorama.com\/cours\/1rPSU\/\" target=\"_blank\" rel=\"noopener\"><br \/>\n  SCHN.PA<br \/>\n <\/a><br \/>\n a annonc\u00e9 jeudi avoir<br \/>\nfinalis\u00e9 l&rsquo;op\u00e9ration d&rsquo;acquisition des 35% restants du capital<br \/>\nde sa coentreprise actuelle en Inde.\n<\/p>\n<p>\n * SCOR<br \/>\n <a href=\"https:\/\/www.boursorama.com\/cours\/1rPSCR\/\" target=\"_blank\" rel=\"noopener\"><br \/>\n  SCOR.PA<br \/>\n <\/a><br \/>\n a annonc\u00e9 jeudi renouveler son m\u00e9canisme de<br \/>\ncapital contingent pour trois ans, ce qui devrait apporter au<br \/>\ngroupe des capitaux suppl\u00e9mentaires pour un montant pouvant<br \/>\natteindre 300 millions d&rsquo;euros.\n<\/p>\n<p>\n * ADIDAS<br \/>\n <a href=\"https:\/\/www.boursorama.com\/cours\/1zADS\/\" target=\"_blank\" rel=\"noopener\"><br \/>\n  ADSGn.DE<br \/>\n <\/a><br \/>\n , PUMA<br \/>\n <a href=\"https:\/\/www.boursorama.com\/cours\/1zPUM\/\" target=\"_blank\" rel=\"noopener\"><br \/>\n  PUMG.DE<br \/>\n <\/a><br \/>\n sont \u00e0 surveiller<br \/>\nvendredi alors que leur rival am\u00e9ricain Nike<br \/>\n <a href=\"https:\/\/www.boursorama.com\/cours\/NKE\/\" target=\"_blank\" rel=\"noopener\"><br \/>\n  NKE.N<br \/>\n <\/a><br \/>\n a fait \u00e9tat<br \/>\njeudi soir d&rsquo;une baisse de ses marges brutes pour le deuxi\u00e8me<br \/>\ntrimestre cons\u00e9cutif, les mauvaises ventes en Chine et les<br \/>\nefforts visant \u00e0 r\u00e9\u00e9quilibrer son portefeuille de produits<br \/>\ncontinuant de peser sur le g\u00e9ant de l&rsquo;habillement sportif.\n<\/p>\n<p>\n * BBVA<br \/>\n <a href=\"https:\/\/www.boursorama.com\/cours\/FF55-BBVA\/\" target=\"_blank\" rel=\"noopener\"><br \/>\n  BBVA.MC<br \/>\n <\/a><br \/>\n &#8211; La banque espagnole a annonc\u00e9 vendredi un<br \/>\nrachat d&rsquo;actions de 3,96 milliards d&rsquo;euros, le plus important de<br \/>\nson histoire.\n<\/p>\n<p>\n * WH SMITH<br \/>\n <a href=\"https:\/\/www.boursorama.com\/cours\/1uSMWH.L\/\" target=\"_blank\" rel=\"noopener\"><br \/>\n  SMWH.L<br \/>\n <\/a><br \/>\n &#8211; L&rsquo;autorit\u00e9 britannique de r\u00e9gulation<br \/>\nfinanci\u00e8re a d\u00e9clar\u00e9 vendredi avoir ouvert une enqu\u00eate sur le<br \/>\nd\u00e9taillant de voyage en difficult\u00e9 WH Smith, en raison de<br \/>\npr\u00e9occupations li\u00e9es \u00e0 d&rsquo;\u00e9ventuelles violations des r\u00e8gles de<br \/>\ncotation et de divulgation.\n<\/p>\n<p>\n * VOLKSWAGEN<br \/>\n <a href=\"https:\/\/www.boursorama.com\/cours\/1zVOW\/\" target=\"_blank\" rel=\"noopener\"><br \/>\n  VOWG.DE<br \/>\n <\/a><br \/>\n &#8211; Le directeur g\u00e9n\u00e9ral Oliver Blume<br \/>\ns&rsquo;est engag\u00e9 jeudi \u00e0 poursuivre la r\u00e9duction des co\u00fbts chez le<br \/>\nplus grand constructeur automobile europ\u00e9en, alors que<br \/>\nl&rsquo;entreprise cherche \u00e0 rester comp\u00e9titive face aux d\u00e9fis<br \/>\nauxquels l&rsquo;ensemble du secteur est confront\u00e9.\n<\/p>\n<p>\n L&rsquo;AGENDA FRANCE &amp; INTERNATIONAL \u00c0 7 JOURS:<br \/>\n nL8N3XI0FX\n<\/p>\n<p>\n (R\u00e9dig\u00e9 par Claude Chendjou et Diana Mandia, \u00e9dit\u00e9 par Augustin<br \/>\nTurpin)<\/p>\n","protected":false},"excerpt":{"rendered":"(Actualis\u00e9 avec Edenred, BBVA, WH Smith) * Variation des futures sur indice CAC 40 0#FCE: * Variation des&hellip;\n","protected":false},"author":2,"featured_media":607076,"comment_status":"","ping_status":"","sticky":false,"template":"","format":"standard","meta":{"footnotes":""},"categories":[6],"tags":[400,398,408,35,405,33,34,1011,27,403,402,399,404,401,406,407],"class_list":{"0":"post-609313","1":"post","2":"type-post","3":"status-publish","4":"format-standard","5":"has-post-thumbnail","7":"category-economie","8":"tag-action-cac-40","9":"tag-bourse-de-paris","10":"tag-boursorama","11":"tag-business","12":"tag-cotations","13":"tag-economie","14":"tag-economy","15":"tag-fr","16":"tag-france","17":"tag-indices-devises","18":"tag-investir","19":"tag-investissement","20":"tag-marche-boursier","21":"tag-sicav","22":"tag-trackers","23":"tag-warrants"},"share_on_mastodon":{"url":"https:\/\/pubeurope.com\/@fr\/115745823567202650","error":""},"_links":{"self":[{"href":"https:\/\/www.europesays.com\/fr\/wp-json\/wp\/v2\/posts\/609313","targetHints":{"allow":["GET"]}}],"collection":[{"href":"https:\/\/www.europesays.com\/fr\/wp-json\/wp\/v2\/posts"}],"about":[{"href":"https:\/\/www.europesays.com\/fr\/wp-json\/wp\/v2\/types\/post"}],"author":[{"embeddable":true,"href":"https:\/\/www.europesays.com\/fr\/wp-json\/wp\/v2\/users\/2"}],"replies":[{"embeddable":true,"href":"https:\/\/www.europesays.com\/fr\/wp-json\/wp\/v2\/comments?post=609313"}],"version-history":[{"count":0,"href":"https:\/\/www.europesays.com\/fr\/wp-json\/wp\/v2\/posts\/609313\/revisions"}],"wp:featuredmedia":[{"embeddable":true,"href":"https:\/\/www.europesays.com\/fr\/wp-json\/wp\/v2\/media\/607076"}],"wp:attachment":[{"href":"https:\/\/www.europesays.com\/fr\/wp-json\/wp\/v2\/media?parent=609313"}],"wp:term":[{"taxonomy":"category","embeddable":true,"href":"https:\/\/www.europesays.com\/fr\/wp-json\/wp\/v2\/categories?post=609313"},{"taxonomy":"post_tag","embeddable":true,"href":"https:\/\/www.europesays.com\/fr\/wp-json\/wp\/v2\/tags?post=609313"}],"curies":[{"name":"wp","href":"https:\/\/api.w.org\/{rel}","templated":true}]}}