{"id":609314,"date":"2025-12-19T10:44:15","date_gmt":"2025-12-19T10:44:15","guid":{"rendered":"https:\/\/www.europesays.com\/fr\/609314\/"},"modified":"2025-12-19T10:44:15","modified_gmt":"2025-12-19T10:44:15","slug":"les-etats-unis-sanctionnent-a-nouveau-deux-autres-juges-de-la-cour-penale-internationale","status":"publish","type":"post","link":"https:\/\/www.europesays.com\/fr\/609314\/","title":{"rendered":"Les Etats-Unis sanctionnent \u00e0 nouveau deux autres juges de la Cour p\u00e9nale internationale"},"content":{"rendered":"<p>                     <img loading=\"lazy\" decoding=\"async\" src=\"https:\/\/www.europesays.com\/fr\/wp-content\/uploads\/2025\/12\/23461bc_upload-1-v04saszsv6mh-51022565946-430af356c9-k.jpg\" alt=\"Le juge g\u00e9orgien Gocha Lordkipanidze de la Cour p\u00e9nale internationale pr\u00eatant serment au si\u00e8ge de la Cour \u00e0 La Haye, aux Pays-Bas, en mars 2021.\"   width=\"664\" height=\"443\"\/>    Le juge g\u00e9orgien Gocha Lordkipanidze de la Cour p\u00e9nale internationale pr\u00eatant serment au si\u00e8ge de la Cour \u00e0 La Haye, aux Pays-Bas, en mars 2021.  CPI                 <\/p>\n<p class=\"article__paragraph  \">Les repr\u00e9sailles auront \u00e9t\u00e9 directes et rapides. Il n\u2019aura fallu que trois jours \u00e0 l\u2019administration am\u00e9ricaine pour sanctionner deux juges de la Cour p\u00e9nale internationale (CPI), jeudi 18\u00a0d\u00e9cembre. A l\u2019origine de cette d\u00e9cision frappant le G\u00e9orgien Gocha Lordkipanidze et le Mongol, Erdenebalsuren Damdin, un arr\u00eat, en appel, d\u00e9boutant Isra\u00ebl de l\u2019une de ses requ\u00eates contre les mandats d\u2019arr\u00eat visant le premier ministre isra\u00e9lien, Benyamin N\u00e9tanyahou, et son ex-ministre de la d\u00e9fense, Yoav Gallant, \u00e9mis le 21\u00a0novembre\u00a02024\u00a0pour crimes contre l\u2019humanit\u00e9 et crimes de guerre \u00e0 Gaza.<\/p>\n<p class=\"article__paragraph  \">Depuis, Isra\u00ebl multiplie requ\u00eates et pressions sur la Cour pour obtenir leur annulation. Jusqu\u2019ici sans succ\u00e8s. Les Etats-Unis sont donc venus en soutien de leur alli\u00e9. En annon\u00e7ant ces nouvelles sanctions, le secr\u00e9taire d\u2019Etat am\u00e9ricain, Marco Rubio, a accus\u00e9 les deux juges de participer aux poursuites contre MM.\u00a0N\u00e9tanyahou et Gallant \u00ab\u00a0sans le consentement d\u2019Isra\u00ebl\u00a0\u00bb et \u00ab\u00a0en rejetant l\u2019appel d\u2019Isra\u00ebl le 15\u00a0d\u00e9cembre\u00a0\u00bb.\u00a0Alors m\u00eame que les Etats-Unis ne sont pas membres de la CPI, l\u2019administration Trump semble observer \u00e0 la loupe les proc\u00e9dures \u00e0 La\u00a0Haye.<\/p>\n<p class=\"reading-mode-only \"><strong>Il vous reste 78.16% de cet article \u00e0 lire. La suite est r\u00e9serv\u00e9e aux abonn\u00e9s.<\/strong><\/p>\n","protected":false},"excerpt":{"rendered":"Le juge g\u00e9orgien Gocha Lordkipanidze de la Cour p\u00e9nale internationale pr\u00eatant serment au si\u00e8ge de la Cour \u00e0&hellip;\n","protected":false},"author":2,"featured_media":609315,"comment_status":"","ping_status":"","sticky":false,"template":"","format":"standard","meta":{"footnotes":""},"categories":[5],"tags":[11,1011,27,14,12,28],"class_list":{"0":"post-609314","1":"post","2":"type-post","3":"status-publish","4":"format-standard","5":"has-post-thumbnail","7":"category-international","8":"tag-actualites","9":"tag-fr","10":"tag-france","11":"tag-international","12":"tag-news","13":"tag-world"},"share_on_mastodon":{"url":"https:\/\/pubeurope.com\/@fr\/115745828455172889","error":""},"_links":{"self":[{"href":"https:\/\/www.europesays.com\/fr\/wp-json\/wp\/v2\/posts\/609314","targetHints":{"allow":["GET"]}}],"collection":[{"href":"https:\/\/www.europesays.com\/fr\/wp-json\/wp\/v2\/posts"}],"about":[{"href":"https:\/\/www.europesays.com\/fr\/wp-json\/wp\/v2\/types\/post"}],"author":[{"embeddable":true,"href":"https:\/\/www.europesays.com\/fr\/wp-json\/wp\/v2\/users\/2"}],"replies":[{"embeddable":true,"href":"https:\/\/www.europesays.com\/fr\/wp-json\/wp\/v2\/comments?post=609314"}],"version-history":[{"count":0,"href":"https:\/\/www.europesays.com\/fr\/wp-json\/wp\/v2\/posts\/609314\/revisions"}],"wp:featuredmedia":[{"embeddable":true,"href":"https:\/\/www.europesays.com\/fr\/wp-json\/wp\/v2\/media\/609315"}],"wp:attachment":[{"href":"https:\/\/www.europesays.com\/fr\/wp-json\/wp\/v2\/media?parent=609314"}],"wp:term":[{"taxonomy":"category","embeddable":true,"href":"https:\/\/www.europesays.com\/fr\/wp-json\/wp\/v2\/categories?post=609314"},{"taxonomy":"post_tag","embeddable":true,"href":"https:\/\/www.europesays.com\/fr\/wp-json\/wp\/v2\/tags?post=609314"}],"curies":[{"name":"wp","href":"https:\/\/api.w.org\/{rel}","templated":true}]}}