{"id":609320,"date":"2025-12-19T10:47:17","date_gmt":"2025-12-19T10:47:17","guid":{"rendered":"https:\/\/www.europesays.com\/fr\/609320\/"},"modified":"2025-12-19T10:47:17","modified_gmt":"2025-12-19T10:47:17","slug":"site-de-la-charite-lanef-loire-veut-faire-une-place-a-leconomie-sociale-et-solidaire","status":"publish","type":"post","link":"https:\/\/www.europesays.com\/fr\/609320\/","title":{"rendered":"Site de la Charit\u00e9\u00a0: l\u2019Anef Loire veut faire une place \u00e0 l\u2019\u00e9conomie sociale et solidaire"},"content":{"rendered":"<p class=\"is-style-chapo\">Une chose est s\u00fbre. A Saint-Etienne, l\u2019avenir du site de la Charit\u00e9 s\u2019invitera dans le d\u00e9bat des \u00e9lections municipales. Un d\u00e9bat auquel l\u2019association Anef Loire, souhaite participer, afin de proposer le d\u00e9veloppement d\u2019une zone d\u00e9di\u00e9e \u00e0 l\u2019\u00e9conomie sociale et solidaire, pour rassembler diff\u00e9rents projets.<\/p>\n<p><img fetchpriority=\"high\" decoding=\"async\" width=\"1024\" height=\"576\" src=\"https:\/\/www.europesays.com\/fr\/wp-content\/uploads\/2025\/12\/Capture-decran-2025-12-18-a-14.36.53-1024x576.jpg\" alt=\"\" class=\"wp-image-81438\"  \/>\u00a9GoogleStreetView<\/p>\n<p>\u00ab\u00a0On ne peut pas donner les cl\u00e9s de ce site \u00e0 un promoteur immobilier et lui dire \u2018on vous fait confiance pour tout am\u00e9nager\u2019\u00a0\u00bb, lance Benoit Menard, directeur g\u00e9n\u00e9ral de l\u2019Anef Loire. L\u2019association intervient dans les domaines de la protection de l\u2019enfance, de l\u2019inclusion sociale et de la pr\u00e9vention sp\u00e9cialis\u00e9e. Depuis octobre 2024, elle a d\u00e9velopp\u00e9 un tiers-lieu d\u2019entraide solidaire, sur le site de la <a href=\"https:\/\/www.if-saint-etienne.fr\/politique\/les-stephanois-invites-a-repenser-les-places-du-centre-ville\" target=\"_blank\" rel=\"noreferrer noopener\">Charit\u00e9<\/a> \u00e0 Saint-Etienne, baptis\u00e9 la Lanterne. Port\u00e9 par l\u2019association, le projet r\u00e9unit un collectif associatif avec l\u2019Asile de nuit, Habitat et humanisme, Emma\u00fcs, l\u2019espace Boris Vian, SOS Violences conjugales 42, ou encore l\u2019ACI Montaud. Cet \u00e9quipement n\u2019a pas vocation \u00e0 \u00eatre p\u00e9renne puisque le b\u00e2timent a \u00e9t\u00e9 mis \u00e0 disposition jusqu\u2019\u00e0 fin mars 2028. <\/p>\n<p>\u00ab\u00a0Il y a une cinquantaine de studios occup\u00e9s, dont quatre \u00e0 vocation touristique, car on souhaite que ce soit un lieu de rencontre, o\u00f9 les publics se croisent, pr\u00e9cise le directeur g\u00e9n\u00e9ral. Il y a aussi des \u00e9tudiants, ainsi que des personnes accompagn\u00e9es par les diff\u00e9rentes associations. C\u2019est aussi un lieu d\u2019\u00e9ducation populaire\u00a0\u00bb. Puis il y a \u00e9galement une partie restauration, qui est en phase de d\u00e9veloppement, afin de cr\u00e9er une cantine solidaire.<\/p>\n<p>Quel avenir pour le site\u00a0?<\/p>\n<p>\u00ab\u00a0Ce collectif d\u2019associations a commenc\u00e9 \u00e0 r\u00e9fl\u00e9chir et \u00e0 se dire que ce b\u00e2timent \u00e9tait un parmi environ une quinzaine d\u2019autres sur le site, explique Benoit Menard. Nous nous sommes dit que ce serait souhaitable qu\u2019il y ait une forte influence de l\u2019\u00e9conomie sociale et solidaire sur ce site et c\u2019est ainsi que nous avons lanc\u00e9 ce concept de zone d\u2019\u00e9conomie sociale et solidaire, avec l\u2019id\u00e9e de pouvoir y rassembler des projets de toute sortes, cr\u00e9ateurs d\u2019emploi, g\u00e9n\u00e9rateurs d\u2019activit\u00e9\u00a0\u00bb. <\/p>\n<p>Aux c\u00f4t\u00e9s de la <a href=\"https:\/\/cress-aura.org\/\" target=\"_blank\" rel=\"noreferrer noopener\">Cress<\/a> (Chambre r\u00e9gionale de l\u2019\u00e9conomie sociale et solidaire), ils ont donc invit\u00e9 toutes les structures du secteur \u00e0 se mobiliser l\u2019\u00e9t\u00e9 dernier\u00a0: banques, mutuelles, associations, fondations, etc. A leur grande surprise, une trentaine a r\u00e9pondu pr\u00e9sent. \u00ab\u00a0On s\u2019est donc dit que ce serait bien d\u2019essayer de mettre le sujet au c\u0153ur de la campagne municipales. IL s\u2019agirait non seulement d\u2019un projet avec un caract\u00e8re social, mais aussi culturel. Et une dimension \u00e9conomique bien s\u00fbr, avec l\u2019id\u00e9e de pouvoir aussi cr\u00e9er de l\u2019emploi, de favoriser l\u2019insertion professionnelle\u00a0\u00bb. Au mois de janvier, ils lanceront ainsi une invitation aux candidats d\u00e9clar\u00e9s.<\/p>\n<p>Faire des propositions<\/p>\n<p>Ils leur proposeront de venir le 24 f\u00e9vrier, \u00e0 18 heures, et de pr\u00e9senter leur programme sur le sujet de l\u2019ESS, et particuli\u00e8rement concernant l\u2019am\u00e9nagement de la zone de la Charit\u00e9. \u00ab\u00a0Nous aimerions qu\u2019il y ait une autre approche que le seul souci de la rentabilit\u00e9 du site, mais une qui int\u00e8gre davantage l\u2019int\u00e9r\u00eat g\u00e9n\u00e9ral. Alors, \u00e7a ne veut pas dire que 100 % des m\u00e8tres carr\u00e9s de la zone seront occup\u00e9s par des acteurs de l\u2019\u00e9conomie sociale et solidaire. Nous ne sommes pas obtus, on ne va pas se cantonner aux 20 % de l\u2019emploi priv\u00e9 que repr\u00e9sente l\u2019ESS, on veut croiser les publics\u00a0\u00bb. Le collectif entend \u00e9galement faire ses propositions aux candidats, sans omettre le volet financier, qui devrait \u00e9galement peser dans la balance de l\u2019am\u00e9nagement de ces 2,5 hectares en plein centre-ville. De m\u00eame que les consid\u00e9rations environnementales et architecturales.<\/p>\n<p>En attendant, l\u2019Anef Loire, la Cress Aura, La Fabrique de la Transition et l\u2019Union r\u00e9gionale des Scops se sont r\u00e9unis mardi, pour un temps de travail collectif pour faire le point sur l\u2019avanc\u00e9e du projet. Ensemble, ils ont tranch\u00e9 et ne souhaitent pas convier le candidat du Rassemblement national lors du d\u00e9bat du 24 f\u00e9vrier. A noter que Pascal Brice, pr\u00e9sident de la F\u00e9d\u00e9ration des acteurs de la solidarit\u00e9 sera en visite dans la Loire les 26 et 27 janvier, et une rencontre sera organis\u00e9 avec lui \u00e0 la Lanterne. \u00a0<\/p>\n","protected":false},"excerpt":{"rendered":"Une chose est s\u00fbre. A Saint-Etienne, l\u2019avenir du site de la Charit\u00e9 s\u2019invitera dans le d\u00e9bat des \u00e9lections&hellip;\n","protected":false},"author":2,"featured_media":609321,"comment_status":"","ping_status":"","sticky":false,"template":"","format":"standard","meta":{"footnotes":""},"categories":[9653],"tags":[1111,11,72050,2430,27853,35940,1777,674,11536,1011,27,72051,12,25,4001],"class_list":{"0":"post-609320","1":"post","2":"type-post","3":"status-publish","4":"format-standard","5":"has-post-thumbnail","7":"category-saint-etienne","8":"tag-actu","9":"tag-actualites","10":"tag-anef-42-loire","11":"tag-auvergne-rhone-alpes","12":"tag-chu-saint-etienne","13":"tag-ess-economie-sociale-et-solidaire","14":"tag-eu","15":"tag-europe","16":"tag-evolutif","17":"tag-fr","18":"tag-france","19":"tag-la-charite","20":"tag-news","21":"tag-republique-francaise","22":"tag-saint-etienne"},"share_on_mastodon":{"url":"https:\/\/pubeurope.com\/@fr\/115745839368160525","error":""},"_links":{"self":[{"href":"https:\/\/www.europesays.com\/fr\/wp-json\/wp\/v2\/posts\/609320","targetHints":{"allow":["GET"]}}],"collection":[{"href":"https:\/\/www.europesays.com\/fr\/wp-json\/wp\/v2\/posts"}],"about":[{"href":"https:\/\/www.europesays.com\/fr\/wp-json\/wp\/v2\/types\/post"}],"author":[{"embeddable":true,"href":"https:\/\/www.europesays.com\/fr\/wp-json\/wp\/v2\/users\/2"}],"replies":[{"embeddable":true,"href":"https:\/\/www.europesays.com\/fr\/wp-json\/wp\/v2\/comments?post=609320"}],"version-history":[{"count":0,"href":"https:\/\/www.europesays.com\/fr\/wp-json\/wp\/v2\/posts\/609320\/revisions"}],"wp:featuredmedia":[{"embeddable":true,"href":"https:\/\/www.europesays.com\/fr\/wp-json\/wp\/v2\/media\/609321"}],"wp:attachment":[{"href":"https:\/\/www.europesays.com\/fr\/wp-json\/wp\/v2\/media?parent=609320"}],"wp:term":[{"taxonomy":"category","embeddable":true,"href":"https:\/\/www.europesays.com\/fr\/wp-json\/wp\/v2\/categories?post=609320"},{"taxonomy":"post_tag","embeddable":true,"href":"https:\/\/www.europesays.com\/fr\/wp-json\/wp\/v2\/tags?post=609320"}],"curies":[{"name":"wp","href":"https:\/\/api.w.org\/{rel}","templated":true}]}}