{"id":609322,"date":"2025-12-19T10:48:23","date_gmt":"2025-12-19T10:48:23","guid":{"rendered":"https:\/\/www.europesays.com\/fr\/609322\/"},"modified":"2025-12-19T10:48:23","modified_gmt":"2025-12-19T10:48:23","slug":"nice-tremble-face-a-lasse","status":"publish","type":"post","link":"https:\/\/www.europesays.com\/fr\/609322\/","title":{"rendered":"Nice tremble face \u00e0 l&rsquo;ASSE"},"content":{"rendered":"<p><b>Ce week-end, la <a href=\"https:\/\/www.foot01.com\/coupe-de-france\" title=\"Coupe de France\" target=\"_blank\" rel=\"noopener\">Coupe de France<\/a> reprend ses droits pour le dernier salut du football fran\u00e7ais en 2025. Ce dimanche (14 h\u00a045), l\u2019AS Saint-Etienne se d\u00e9place \u00e0 Nice. Un match que les Aiglons vont vivre sous pression. De son c\u00f4t\u00e9, le club du Forez y va pour se jauger.<\/b>L\u2019OGC Nice vit une v\u00e9ritable travers\u00e9e du d\u00e9sert en cette<br \/>\nfin d\u2019ann\u00e9e 2025. Les Aiglons restent sur neuf d\u00e9faites cons\u00e9cutives toutes<br \/>\ncomp\u00e9titions confondues, l\u2019une des pires s\u00e9ries de l\u2019histoire du club. Avant de<br \/>\ncl\u00f4turer cette ann\u00e9e moribonde, le club de la C\u00f4te d\u2019Azur aura un dernier<br \/>\nrendez-vous ce dimanche en d\u00e9but d\u2019apr\u00e8s-midi pour la Coupe de France, une<br \/>\nr\u00e9ception de l\u2019<a href=\"https:\/\/www.foot01.com\/st-etienne\" target=\"_self\" rel=\"noopener\">AS Saint-Etienne<\/a>. Un match pi\u00e8ge qui se disputera \u00e0 huis clos. Et les Ni\u00e7ois peuvent craindre le pire au vu de l\u2019\u00e9tat de forme actuel.Nice \u00e0 tout \u00e0 perdre<\/p>\n<p>Sur les ondes de Ici Azur, l\u2019ancien joueur de l\u2019OGC Nice<br \/>\nPatrice Alberganti s\u2019est exprim\u00e9 sur le rendez-vous \u00e0 venir pour les Aiglons.<br \/>\nLa crainte est de mise pour la formation de Ligue 1. \u00ab\u00a0Attention,<br \/>\nc&rsquo;est une \u00e9quipe qui est deuxi\u00e8me du championnat de Ligue 2. Eux vont se<br \/>\nchallenger, parce qu&rsquo;ils vont rejouer contre une \u00e9quipe de Ligue 1. Ils vont<br \/>\nvouloir savoir o\u00f9 ils se situent par rapport \u00e0 \u00e7a. Force est de constater<br \/>\nqu&rsquo;ils affrontent une \u00e9quipe qui n&rsquo;est pas la plus en forme du moment. \u00c7a va<br \/>\n\u00eatre un match tr\u00e8s important pour Saint-\u00c9tienne, mais aussi pour Nice. Ce match peut \u00eatre une soupape de d\u00e9compression si tu arrives \u00e0 marquer et gagner le<br \/>\nmatch. \u00c7a peut te donner un peu d&rsquo;air avant de partir en vacances,\u00a0\u00bb explique-t-il.\n<\/p>\n<p>De son c\u00f4t\u00e9, l\u2019AS Saint-Etienne reste sur courant alternatif en Ligue 2 en<br \/>\ncette fin d\u2019ann\u00e9e. Mais les Verts n\u2019auront rien \u00e0 perdre ce dimanche. Cela<br \/>\nrepr\u00e9sente une belle occasion de se jauger pour Eirik Horneland et ses<br \/>\nhommes. Un match entre deux \u00e9quipes qui peinent \u00e0 totalement convaincre, m\u00eame si les Verts vont vouloir prouver qu&rsquo;ils ont le niveau pour rivaliser avec des formations de l&rsquo;\u00e9tage sup\u00e9rieur.<\/p>\n<p><img decoding=\"async\" class=\"w-6 h-6\" src=\"https:\/\/www.europesays.com\/fr\/wp-content\/uploads\/2025\/12\/307.png\" alt=\"\"\/>Coupe de France21 d\u00e9cembre 2025 \u00e0 14:45<\/p>\n","protected":false},"excerpt":{"rendered":"Ce week-end, la Coupe de France reprend ses droits pour le dernier salut du football fran\u00e7ais en 2025.&hellip;\n","protected":false},"author":2,"featured_media":609323,"comment_status":"","ping_status":"","sticky":false,"template":"","format":"standard","meta":{"footnotes":""},"categories":[9653],"tags":[1111,11,461,2430,83,1777,674,1011,27,12,25,4001],"class_list":{"0":"post-609322","1":"post","2":"type-post","3":"status-publish","4":"format-standard","5":"has-post-thumbnail","7":"category-saint-etienne","8":"tag-actu","9":"tag-actualites","10":"tag-asse","11":"tag-auvergne-rhone-alpes","12":"tag-coupe-de-france","13":"tag-eu","14":"tag-europe","15":"tag-fr","16":"tag-france","17":"tag-news","18":"tag-republique-francaise","19":"tag-saint-etienne"},"share_on_mastodon":{"url":"https:\/\/pubeurope.com\/@fr\/115745843216348424","error":""},"_links":{"self":[{"href":"https:\/\/www.europesays.com\/fr\/wp-json\/wp\/v2\/posts\/609322","targetHints":{"allow":["GET"]}}],"collection":[{"href":"https:\/\/www.europesays.com\/fr\/wp-json\/wp\/v2\/posts"}],"about":[{"href":"https:\/\/www.europesays.com\/fr\/wp-json\/wp\/v2\/types\/post"}],"author":[{"embeddable":true,"href":"https:\/\/www.europesays.com\/fr\/wp-json\/wp\/v2\/users\/2"}],"replies":[{"embeddable":true,"href":"https:\/\/www.europesays.com\/fr\/wp-json\/wp\/v2\/comments?post=609322"}],"version-history":[{"count":0,"href":"https:\/\/www.europesays.com\/fr\/wp-json\/wp\/v2\/posts\/609322\/revisions"}],"wp:featuredmedia":[{"embeddable":true,"href":"https:\/\/www.europesays.com\/fr\/wp-json\/wp\/v2\/media\/609323"}],"wp:attachment":[{"href":"https:\/\/www.europesays.com\/fr\/wp-json\/wp\/v2\/media?parent=609322"}],"wp:term":[{"taxonomy":"category","embeddable":true,"href":"https:\/\/www.europesays.com\/fr\/wp-json\/wp\/v2\/categories?post=609322"},{"taxonomy":"post_tag","embeddable":true,"href":"https:\/\/www.europesays.com\/fr\/wp-json\/wp\/v2\/tags?post=609322"}],"curies":[{"name":"wp","href":"https:\/\/api.w.org\/{rel}","templated":true}]}}