{"id":609326,"date":"2025-12-19T10:50:20","date_gmt":"2025-12-19T10:50:20","guid":{"rendered":"https:\/\/www.europesays.com\/fr\/609326\/"},"modified":"2025-12-19T10:50:20","modified_gmt":"2025-12-19T10:50:20","slug":"moselle-quand-lhistoire-rapproche-thicourt-et-vandoeuvre-les-nancy","status":"publish","type":"post","link":"https:\/\/www.europesays.com\/fr\/609326\/","title":{"rendered":"Moselle. Quand l\u2019Histoire rapproche Thicourt et Vand\u0153uvre-l\u00e8s-Nancy"},"content":{"rendered":"<p>\u00c0 premi\u00e8re vue, la r\u00e9cente visite d\u2019une importante d\u00e9l\u00e9gation de Vand\u0153uvre-l\u00e8s-Nancy dans le discret village de Thicourt pouvait surprendre. Elle a pourtant mis en lumi\u00e8re un h\u00e9ritage historique commun et un patrimoine d\u2019une richesse insoup\u00e7onn\u00e9e.\u00a0Accueillis par la premi\u00e8re magistrate de Thicourt et guid\u00e9s par un habitant passionn\u00e9 d\u2019histoire locale, les \u00e9lus et agents des affaires culturelles vandop\u00e9riens ont d\u00e9couvert les traces d\u2019un pass\u00e9 clunisien qui inscrit Thicourt dans un r\u00e9cit europ\u00e9en majeur.<\/p>\n<p>  Sous l\u2019autorit\u00e9 de Cluny<\/p>\n<p>Fond\u00e9 en 910, l\u2019ordre de Cluny a profond\u00e9ment marqu\u00e9 l\u2019Occident m\u00e9di\u00e9val, rayonnant \u00e0 son apog\u00e9e sur pr\u00e8s de 1\u00a0500 abbayes et prieur\u00e9s. La Lorraine compte cinq \u00e9tablissements clunisiens, dont Thicourt. En 1093, G\u00e9rard \u00e0 la Barbe, seigneur de Thicourt, et son \u00e9pouse Ad\u00e9la\u00efde y fondent <a href=\"https:\/\/www.republicain-lorrain.fr\/edition-de-saint-avold-creutzwald\/2018\/08\/13\/thicourt-l-eglise-remarquable-par-son-plus-beau-choeur-roman-de-moselle\" target=\"_blank\" rel=\"noopener\">un prieur\u00e9 qu\u2019ils placent sous l\u2019autorit\u00e9 de Cluny<\/a> , malgr\u00e9 la proximit\u00e9 de l\u2019abbaye de Gorze. Les moines y \u00e9difient une \u00e9glise prieurale et des b\u00e2timents qui structurent durablement le village.<\/p>\n<p>Ce contenu est bloqu\u00e9 car vous n&rsquo;avez pas accept\u00e9 les cookies et autres traceurs.<\/p>\n<p>En cliquant sur \u00ab J\u2019accepte \u00bb, les cookies et autres traceurs seront d\u00e9pos\u00e9s et vous pourrez visualiser les contenus  (<a href=\"\" class=\"consentModule_policy\" target=\"_blank\" title=\"Consulter la politique de protection des donn\u00e9es du fournisseur\">plus d&rsquo;informations<\/a>).<\/p>\n<p>En cliquant sur \u00ab J\u2019accepte tous les cookies \u00bb, vous autorisez des d\u00e9p\u00f4ts de cookies et autres traceurs pour le stockage de vos donn\u00e9es sur nos sites et applications \u00e0 des fins de personnalisation et de ciblage publicitaire.<\/p>\n<p class=\"consentModule_secondaryText\">Vous gardez la possibilit\u00e9 de retirer votre consentement \u00e0 tout moment en consultant notre <a href=\"https:\/\/www.republicain-lorrain.fr\/protection-des-donnees\" target=\"_blank\" title=\"Consulter notre politique de protection des donn\u00e9es\" rel=\"noopener\">politique de protection des donn\u00e9es<\/a>. <br \/>&#13;<br \/>\n            <a href=\"https:\/\/www.republicain-lorrain.fr\/culture-loisirs\/2025\/12\/19\/javascript:Didomi.notice.show()\" class=\"consentModule_cmp\" target=\"_blank\" rel=\"noopener\">G\u00e9rer mes choix<\/a>&#13;\n        <\/p>\n<p>&#13;<br \/>\n                        J&rsquo;accepte&#13;<br \/>\n            J&rsquo;accepte tous les cookies&#13;\n        <\/p>\n<p>  Monument class\u00e9<\/p>\n<p>Aujourd\u2019hui encore, l\u2019empreinte du prieur\u00e9 se lit dans le parcellaire de la rue des Noisettes. Le chevet roman et l\u2019absidiole, visibles depuis la rue de la Tour, t\u00e9moignent de la qualit\u00e9 architecturale du site. \u00c0 l\u2019int\u00e9rieur, le ch\u0153ur roman, l\u2019un des plus remarquables de Moselle, est class\u00e9 monument historique depuis 1889. <a href=\"https:\/\/www.republicain-lorrain.fr\/culture-loisirs\/2025\/06\/25\/la-croix-du-xviie-siecle-restauree-a-ete-benite-par-l-eveque-de-metz\" target=\"_blank\" rel=\"noopener\">Le prieur\u00e9 subsiste jusqu\u2019en 1576<\/a>. Apr\u00e8s le d\u00e9part des moines, l\u2019\u00e9glise prieurale est confi\u00e9e aux habitants et devient <a href=\"https:\/\/www.republicain-lorrain.fr\/science-et-technologie\/2025\/05\/31\/restauration-de-l-eglise-les-vieilles-pierres-parlent-a-florent-perier\" target=\"_blank\" rel=\"noopener\">l\u2019\u00e9glise paroissiale Saint-Denis<\/a>.<\/p>\n<p>  Un patrimoine commun<\/p>\n<p>L\u2019int\u00e9r\u00eat de Vand\u0153uvre pour Thicourt s\u2019explique par une histoire partag\u00e9e\u00a0: \u00e0 la fin du XI\u1d49 si\u00e8cle, l\u2019\u00e9glise de Vand\u0153uvre est confi\u00e9e \u00e0 Cluny, donnant naissance au prieur\u00e9 Saint-M\u00e9laine, r\u00e9cemment inscrit au titre des monuments historiques. Les moines clunisiens effectuaient r\u00e9guli\u00e8rement des visites de contr\u00f4le, cheminant de Vand\u0153uvre jusqu\u2019\u00e0 Thicourt, derni\u00e8re \u00e9tape avant les terres germaniques.<\/p>\n<p>D\u00e9sormais associ\u00e9e \u00e0 la F\u00e9d\u00e9ration europ\u00e9enne des sites clunisiens et engag\u00e9e dans la d\u00e9marche Unesco, la ville de Vand\u0153uvre souhaite renforcer ses liens avec Thicourt autour de ce patrimoine commun.<\/p>\n","protected":false},"excerpt":{"rendered":"\u00c0 premi\u00e8re vue, la r\u00e9cente visite d\u2019une importante d\u00e9l\u00e9gation de Vand\u0153uvre-l\u00e8s-Nancy dans le discret village de Thicourt pouvait&hellip;\n","protected":false},"author":2,"featured_media":609327,"comment_status":"","ping_status":"","sticky":false,"template":"","format":"standard","meta":{"footnotes":""},"categories":[9635],"tags":[1111,11,53973,1687,15835,1777,674,1011,27,775,1702,12,2661,25,72052],"class_list":{"0":"post-609326","1":"post","2":"type-post","3":"status-publish","4":"format-standard","5":"has-post-thumbnail","7":"category-nancy","8":"tag-actu","9":"tag-actualites","10":"tag-cc-du-district-urbain-de-faulquemont-duf-57e","11":"tag-culture-loisirs","12":"tag-edition-saint-avold-creutzwald","13":"tag-eu","14":"tag-europe","15":"tag-fr","16":"tag-france","17":"tag-grand-est","18":"tag-nancy","19":"tag-news","20":"tag-patrimoine-culturel","21":"tag-republique-francaise","22":"tag-thicourt"},"share_on_mastodon":{"url":"https:\/\/pubeurope.com\/@fr\/115745850979167281","error":""},"_links":{"self":[{"href":"https:\/\/www.europesays.com\/fr\/wp-json\/wp\/v2\/posts\/609326","targetHints":{"allow":["GET"]}}],"collection":[{"href":"https:\/\/www.europesays.com\/fr\/wp-json\/wp\/v2\/posts"}],"about":[{"href":"https:\/\/www.europesays.com\/fr\/wp-json\/wp\/v2\/types\/post"}],"author":[{"embeddable":true,"href":"https:\/\/www.europesays.com\/fr\/wp-json\/wp\/v2\/users\/2"}],"replies":[{"embeddable":true,"href":"https:\/\/www.europesays.com\/fr\/wp-json\/wp\/v2\/comments?post=609326"}],"version-history":[{"count":0,"href":"https:\/\/www.europesays.com\/fr\/wp-json\/wp\/v2\/posts\/609326\/revisions"}],"wp:featuredmedia":[{"embeddable":true,"href":"https:\/\/www.europesays.com\/fr\/wp-json\/wp\/v2\/media\/609327"}],"wp:attachment":[{"href":"https:\/\/www.europesays.com\/fr\/wp-json\/wp\/v2\/media?parent=609326"}],"wp:term":[{"taxonomy":"category","embeddable":true,"href":"https:\/\/www.europesays.com\/fr\/wp-json\/wp\/v2\/categories?post=609326"},{"taxonomy":"post_tag","embeddable":true,"href":"https:\/\/www.europesays.com\/fr\/wp-json\/wp\/v2\/tags?post=609326"}],"curies":[{"name":"wp","href":"https:\/\/api.w.org\/{rel}","templated":true}]}}