{"id":609350,"date":"2025-12-19T11:09:12","date_gmt":"2025-12-19T11:09:12","guid":{"rendered":"https:\/\/www.europesays.com\/fr\/609350\/"},"modified":"2025-12-19T11:09:12","modified_gmt":"2025-12-19T11:09:12","slug":"le-patron-ne-defend-pas-que-son-entreprise","status":"publish","type":"post","link":"https:\/\/www.europesays.com\/fr\/609350\/","title":{"rendered":"\u00ab Le patron ne d\u00e9fend pas que son entreprise \u00bb"},"content":{"rendered":"<p>                    <img loading=\"lazy\" decoding=\"async\" src=\"https:\/\/www.europesays.com\/fr\/wp-content\/uploads\/2025\/12\/ed58cf49906469fb7d4c263d426719.jpg\" class=\"img-responsive post-image\" width=\"680\" height=\"510\" alt=\"\u00ab Le patron ne d\u00e9fend (\u2026)\" title=\"\u00ab Le patron ne d\u00e9fend pas que son entreprise \u00bb\"\/><\/p>\n<p class=\"chapo\">Quelques centaines de dirigeants et de collaborateurs, 500 selon l\u2019UPE 06, ont dit \u00ab\u00a0stop\u00a0\u00bb \u00e0 l\u2019inflation normative et fiscale, lundi 15 d\u00e9cembre, place Garibaldi \u00e0 Nice.<\/p>\n<p>Le pr\u00e9sident de l\u2019union patronale d\u00e9partementale,<strong> Franck Cannata<\/strong>, qui a \u00e9t\u00e9 le seul \u00e0 s\u2019adresser \u00e0 la foule lors d\u2019une courte allocution, a parl\u00e9 d\u2019une \u00ab\u00a0r\u00e9elle r\u00e9ussite\u00a0\u00bb pour ce rassemblement, surtout en raison d\u2019une mobilisation en amont de quelques jours seulement. \u00ab\u00a0Cela d\u00e9montre l\u2019inqui\u00e9tude, l\u2019agacement, la col\u00e8re pour certains, face \u00e0 la situation que l\u2019on vit aujourd\u2019hui, qui est particuli\u00e8rement inqui\u00e9tante pour nos entreprises\u00a0\u00bb, a d\u00e9clar\u00e9 le pr\u00e9sident de l\u2019UPE06. \u00ab\u00a0\u00a0On a plut\u00f4t l\u2019habitude d\u2019\u00eatre dans nos entreprises \u00e0 trouver des solutions. Et aujourd\u2019hui on continue \u00e0 trouver des solutions mais il faut aussi qu\u2019on nous en laisse la capacit\u00e9. Ce que l\u2019on demande, c\u2019est \u00ab\u00a0Laissez-nous travailler dans la coh\u00e9rence, avec moins de normes, moins de contraintes et aussi avec moins de fiscalit\u00e9\u00a0\u00bb. Il est indispensable que des \u00e9conomies soient r\u00e9alis\u00e9es dans le budget de l\u2019\u00c9tat et non pas, par simplicit\u00e9 une fois encore, une augmentation des taxes, des charges et des imp\u00f4ts, a-t-il poursuivi. Les chefs d\u2019entreprise sont r\u00e9ellement remont\u00e9s. S\u2019il faut refaire ce type de mobilisation,\u00a0on le refera. Et s\u2019il faut durcir, on durcira. Car aujourd\u2019hui il y va de la sant\u00e9 d\u2019un grand nombre d\u2019entreprises et c\u2019est absolument indispensable d\u2019en prendre conscience.\u00a0\u00bb Il avait annonc\u00e9 quelques minutes plus t\u00f4t depuis une estrade que le nombre de d\u00e9faillances d\u2019entreprises en France atteindrait \u00e0 la fin de l\u2019ann\u00e9e le \u00ab\u00a0triste record\u00a0\u00a0\u00bb de 70 000. \u00ab\u00a0On est arriv\u00e9 \u00e0 un trop plein\u00a0\u00a0\u00bb, a confirm\u00e9 son pr\u00e9d\u00e9cesseur \u00e0 l\u2019UPE 06, <strong>Pierre Ippolito,<\/strong> tr\u00e8s proche de lancer un mouvement similaire lors de sa pr\u00e9sidence. \u00ab\u00a0C\u2019est le contexte politique depuis la dissolution qui ne va pas dans le bon sens. Il faut \u00e9couter les patrons. Le patron ne d\u00e9fend pas que son entreprise, il d\u00e9fend aussi ses collaborateurs et ses salari\u00e9s. On est tous main dans la main.\u00a0\u00bb<\/p>\n<p>\u00ab\u00a0Nous aimer un peu plus\u00a0\u00bb<\/p>\n<p>\u00ab\u00a0C\u2019est notre petit sursaut pour essayer de faire passer les bons messages aupr\u00e8s de nos parlementaires, aux neuf d\u00e9put\u00e9s et cinq s\u00e9nateurs de notre territoire, pour que les d\u00e9cisions et les votes qu\u2019ils prennent dans leurs assembl\u00e9es soient en ad\u00e9quation avec ce que le terrain leur dit\u00a0\u00a0\u00bb, a relev\u00e9 <strong>Patrick Moulard,<\/strong> pr\u00e9sident de la FBTP 06, l\u2019une des 16 f\u00e9d\u00e9rations solidaires de l\u2019\u00e9lan initi\u00e9 par l\u2019UPE 06. Plusieurs avocats \u00e9taient pr\u00e9sents \u00e9galement,\u00a0dont l\u2019ancien b\u00e2tonnier du barreau de Nice,<strong> Adrien Verrier,<\/strong> et la pr\u00e9sidente de l\u2019UJA de Nice, <strong>Manon Beaury<\/strong>. \u00ab\u00a0C\u2019est une mobilisation qui nous parle parce que nous sommes aussi des chefs d\u2019entreprise. Avocat est une vocation mais c\u2019est aussi un cabinet que l\u2019on doit g\u00e9rer, des charges que l\u2019on doit payer, du personnel que l\u2019on doit employer. Nous sommes face \u00e0 une inflation de charges permanentes qui nous semble \u00eatre trouv\u00e9e par facilit\u00e9 par les pouvoirs publics mais qui nous emp\u00eache de pouvoir d\u00e9velopper une activit\u00e9 normale, de pouvoir recruter, de pouvoir faire des investissements. Le chef d\u2019entreprise qui va manifester, on le regarde avec un petit sourire, avec une petite ironie alors que pourtant, c\u2019est le premier pourvoyeur d\u2019emplois en France. Donc il faut nous prot\u00e9ger et nous aimer un peu plus\u00a0!\u00a0\u00a0\u00bb <strong>Blandine Berrettoni,<\/strong> directrice op\u00e9rationnelle de Record France, soci\u00e9t\u00e9 qui fabrique des amortisseurs de voitures, a confi\u00e9 en avoir \u00ab\u00a0\u00a0marre\u00a0\u00bb. \u00ab\u00a0C\u2019est tr\u00e8s dur tous les jours. Il n\u2019y a pas de soutien de l\u2019\u00c9tat. On se sent seuls m\u00eame si on sait que toutes les entreprises souffrent. On veut maintenir la fabrication en France mais la concurrence est s\u00e9v\u00e8re, c\u2019est un combat au quotidien\u00a0\u00a0\u00bb, a assur\u00e9 la dirigeante de l\u2019entreprise familiale, venue \u00e9galement depuis Antibes d\u00e9fendre ses 72 salari\u00e9s.<\/p>\n","protected":false},"excerpt":{"rendered":"Quelques centaines de dirigeants et de collaborateurs, 500 selon l\u2019UPE 06, ont dit \u00ab\u00a0stop\u00a0\u00bb \u00e0 l\u2019inflation normative et&hellip;\n","protected":false},"author":2,"featured_media":609351,"comment_status":"","ping_status":"","sticky":false,"template":"","format":"standard","meta":{"footnotes":""},"categories":[2819],"tags":[1111,11,2408,1777,674,1011,27,12,2401,882,25],"class_list":{"0":"post-609350","1":"post","2":"type-post","3":"status-publish","4":"format-standard","5":"has-post-thumbnail","7":"category-nice","8":"tag-actu","9":"tag-actualites","10":"tag-appels-d","11":"tag-eu","12":"tag-europe","13":"tag-fr","14":"tag-france","15":"tag-news","16":"tag-nice","17":"tag-provence-alpes-cote-dazur","18":"tag-republique-francaise"},"share_on_mastodon":{"url":"https:\/\/pubeurope.com\/@fr\/115745926339893473","error":""},"_links":{"self":[{"href":"https:\/\/www.europesays.com\/fr\/wp-json\/wp\/v2\/posts\/609350","targetHints":{"allow":["GET"]}}],"collection":[{"href":"https:\/\/www.europesays.com\/fr\/wp-json\/wp\/v2\/posts"}],"about":[{"href":"https:\/\/www.europesays.com\/fr\/wp-json\/wp\/v2\/types\/post"}],"author":[{"embeddable":true,"href":"https:\/\/www.europesays.com\/fr\/wp-json\/wp\/v2\/users\/2"}],"replies":[{"embeddable":true,"href":"https:\/\/www.europesays.com\/fr\/wp-json\/wp\/v2\/comments?post=609350"}],"version-history":[{"count":0,"href":"https:\/\/www.europesays.com\/fr\/wp-json\/wp\/v2\/posts\/609350\/revisions"}],"wp:featuredmedia":[{"embeddable":true,"href":"https:\/\/www.europesays.com\/fr\/wp-json\/wp\/v2\/media\/609351"}],"wp:attachment":[{"href":"https:\/\/www.europesays.com\/fr\/wp-json\/wp\/v2\/media?parent=609350"}],"wp:term":[{"taxonomy":"category","embeddable":true,"href":"https:\/\/www.europesays.com\/fr\/wp-json\/wp\/v2\/categories?post=609350"},{"taxonomy":"post_tag","embeddable":true,"href":"https:\/\/www.europesays.com\/fr\/wp-json\/wp\/v2\/tags?post=609350"}],"curies":[{"name":"wp","href":"https:\/\/api.w.org\/{rel}","templated":true}]}}