{"id":609354,"date":"2025-12-19T11:11:10","date_gmt":"2025-12-19T11:11:10","guid":{"rendered":"https:\/\/www.europesays.com\/fr\/609354\/"},"modified":"2025-12-19T11:11:10","modified_gmt":"2025-12-19T11:11:10","slug":"le-chu-de-nantes-accueille-des-joueurs-du-fc-nantes-avant-noel","status":"publish","type":"post","link":"https:\/\/www.europesays.com\/fr\/609354\/","title":{"rendered":"Le CHU de Nantes accueille des joueurs du FC Nantes, avant No\u00ebl"},"content":{"rendered":"<p>                    Par<br \/>\n        <strong><br \/>\n            <a href=\"https:\/\/actu.fr\/auteur\/gwendal-lepriellec\" title=\"Consulter tous les articles de Gwendal Le Priellec\" target=\"_blank\" rel=\"noopener\">Gwendal Le Priellec<\/a><br \/>\n                    <\/strong><\/p>\n<p>        Publi\u00e9 le<\/p>\n<p>            19 d\u00e9c. 2025 \u00e0 11h52        <\/p>\n<p>\u00c0 seulement quelques jours de <b>No\u00ebl<\/b>, les patients du <b>CHU <\/b>(centre hospitalier universitaire) de <b>Nantes <\/b>ont eu le sourire.<\/p>\n<p>Le CHU de Nantes accueille des joueurs du FC Nantes, avant No\u00ebl<\/p>\n<p class=\" wall-content\">En effet, cette semaine,<b> six joueurs du FC Nantes,<\/b> dont trois joueuses du <b>FC Nantes F\u00e9minines<\/b>, sont venus \u00e0 la rencontre des <b>enfants <\/b>et adolescents de diff\u00e9rents services du <b>CHU<\/b>, \u00e0 l\u2019initiative du Fonds de dotation du CHU de Nantes.<\/p>\n<p class=\" wall-content\">C\u2019est ce que relaye le CHU de Nantes sur ses <b>r\u00e9seaux sociaux<\/b>, ce vendredi 19\u00a0d\u00e9cembre 2025.<\/p>\n<p>    <a href=\"https:\/\/www.facebook.com\/plugins\/post.php?href=https%3A%2F%2Fwww.facebook.com%2Fchu.denantes.5%2Fposts%2Fpfbid02E3kDACKPZ8NwxPi2P5zhKV2c5Gjt62HGaUnXa3xv4DK8CMgqBpME8KcWCD2URyDxl&amp;show_text=true&amp;width=350\" title=\"Ouvrie le lien\" target=\"_blank\" rel=\"noopener\">Cliquez ici pour visualiser le contenu<\/a><\/p>\n<p>Une s\u00e9ance de d\u00e9dicaces au CHU de Nantes<\/p>\n<p class=\" wall-content\">\u00c9taient au programme\u2009: remise et d\u00e9dicace de maillots, s\u00e9ances d\u2019autographes et rencontre avec la mascotte du club de football.<\/p>\n<blockquote class=\"ac-article-quote wall-content\">\n<p>De beaux sourires, des moments de partage et d\u2019\u00e9motion pour nos jeunes patients\u2009! Merci aux joueurs et \u00e0 toute l\u2019\u00e9quipe du FC Nantes pour cette belle initiative qui illumine le quotidien de nos services p\u00e9diatriques.<\/p>\n<p>CHU de Nantes<\/p><\/blockquote>\n<p class=\" wall-content\">Personnalisez votre actualit\u00e9 en ajoutant vos villes et m\u00e9dias en favori avec <a href=\"https:\/\/moncompte.actu.fr\" title=\"D\u00e9couvez Mon Actu\" rel=\"nofollow noopener\" data-trk=\"{&quot;cta&quot;:{&quot;action&quot;:&quot;https:\\\/\\\/moncompte.actu.fr&quot;,&quot;category&quot;:&quot;mon compte&quot;,&quot;from&quot;:&quot;article footer&quot;,&quot;name&quot;:&quot;Mon actu&quot;,&quot;type&quot;:&quot;cta&quot;}}\" target=\"_blank\">Mon Actu<\/a>.<\/p>\n","protected":false},"excerpt":{"rendered":"Par Gwendal Le Priellec Publi\u00e9 le 19 d\u00e9c. 2025 \u00e0 11h52 \u00c0 seulement quelques jours de No\u00ebl, les&hellip;\n","protected":false},"author":2,"featured_media":609355,"comment_status":"","ping_status":"","sticky":false,"template":"","format":"standard","meta":{"footnotes":""},"categories":[2818],"tags":[1111,11,7426,1777,674,462,1011,27,766,12,2636,25,71,104],"class_list":{"0":"post-609354","1":"post","2":"type-post","3":"status-publish","4":"format-standard","5":"has-post-thumbnail","7":"category-nantes","8":"tag-actu","9":"tag-actualites","10":"tag-chu-de-nantes","11":"tag-eu","12":"tag-europe","13":"tag-fc-nantes","14":"tag-fr","15":"tag-france","16":"tag-nantes","17":"tag-news","18":"tag-pays-de-la-loire","19":"tag-republique-francaise","20":"tag-sante","21":"tag-societe"},"share_on_mastodon":{"url":"https:\/\/pubeurope.com\/@fr\/115745933522555975","error":""},"_links":{"self":[{"href":"https:\/\/www.europesays.com\/fr\/wp-json\/wp\/v2\/posts\/609354","targetHints":{"allow":["GET"]}}],"collection":[{"href":"https:\/\/www.europesays.com\/fr\/wp-json\/wp\/v2\/posts"}],"about":[{"href":"https:\/\/www.europesays.com\/fr\/wp-json\/wp\/v2\/types\/post"}],"author":[{"embeddable":true,"href":"https:\/\/www.europesays.com\/fr\/wp-json\/wp\/v2\/users\/2"}],"replies":[{"embeddable":true,"href":"https:\/\/www.europesays.com\/fr\/wp-json\/wp\/v2\/comments?post=609354"}],"version-history":[{"count":0,"href":"https:\/\/www.europesays.com\/fr\/wp-json\/wp\/v2\/posts\/609354\/revisions"}],"wp:featuredmedia":[{"embeddable":true,"href":"https:\/\/www.europesays.com\/fr\/wp-json\/wp\/v2\/media\/609355"}],"wp:attachment":[{"href":"https:\/\/www.europesays.com\/fr\/wp-json\/wp\/v2\/media?parent=609354"}],"wp:term":[{"taxonomy":"category","embeddable":true,"href":"https:\/\/www.europesays.com\/fr\/wp-json\/wp\/v2\/categories?post=609354"},{"taxonomy":"post_tag","embeddable":true,"href":"https:\/\/www.europesays.com\/fr\/wp-json\/wp\/v2\/tags?post=609354"}],"curies":[{"name":"wp","href":"https:\/\/api.w.org\/{rel}","templated":true}]}}