{"id":609360,"date":"2025-12-19T11:14:12","date_gmt":"2025-12-19T11:14:12","guid":{"rendered":"https:\/\/www.europesays.com\/fr\/609360\/"},"modified":"2025-12-19T11:14:12","modified_gmt":"2025-12-19T11:14:12","slug":"a-bordeaux-lunion-des-centres-est-en-marche-liberation","status":"publish","type":"post","link":"https:\/\/www.europesays.com\/fr\/609360\/","title":{"rendered":"A Bordeaux, l\u2019union des centres est en marche \u2013 Lib\u00e9ration"},"content":{"rendered":"<p class=\"sc-cPiKLX AiZTS text-element\">La gestation aura \u00e9t\u00e9 longue. Apr\u00e8s des mois de tractations laborieuses, le d\u00e9put\u00e9 macroniste Thomas Cazenave et la pr\u00e9sidente du Parti radical, Nathalie Delattre, ont fini par accoucher d\u2019un accord pour les municipales bordelaises, \u00e0 quelques heures seulement des vacances de No\u00ebl. Les premiers \u00e9chos de cette nouvelle entente, qu\u2019on attendait presque plus tant les pourparlers se sont \u00e9ternis\u00e9s, ont commenc\u00e9 \u00e0 circuler jeudi 18 d\u00e9cembre au matin. L\u2019annonce a \u00e9t\u00e9 confirm\u00e9e dans la soir\u00e9e, par le biais de deux communiqu\u00e9s distincts : \u00e0 trois mois du premier tour, les deux candidats de centre droit font le choix de l\u2019union pour tenter de ravir le si\u00e8ge du <a href=\"https:\/\/www.liberation.fr\/forums\/pierre-hurmic-ce-sont-des-territoires-et-des-villes-que-viennent-desormais-les-innovations-20251121_FXYLDWIBZJHRVKCRR7542CFJEE\/\" target=\"_blank\" rel=\"noreferrer noopener\" title=\"https:\/\/www.liberation.fr\/forums\/pierre-hurmic-ce-sont-des-territoires-et-des-villes-que-viennent-desormais-les-innovations-20251121_FXYLDWIBZJHRVKCRR7542CFJEE\/\">maire \u00e9cologiste sortant, Pierre Hurmic<\/a>.<\/p>\n<p class=\"sc-cPiKLX AiZTS text-element\">Apr\u00e8s le bras de fer qui s\u2019est jou\u00e9 en coulisses ces derni\u00e8res semaines, Thomas Cazenave sort avantag\u00e9 et se maintient en t\u00eate de liste (Renaissance, LR, MoDem, Parti radical, Horizons, Union des d\u00e9mocr<\/p>\n","protected":false},"excerpt":{"rendered":"La gestation aura \u00e9t\u00e9 longue. Apr\u00e8s des mois de tractations laborieuses, le d\u00e9put\u00e9 macroniste Thomas Cazenave et la&hellip;\n","protected":false},"author":2,"featured_media":609361,"comment_status":"","ping_status":"","sticky":false,"template":"","format":"standard","meta":{"footnotes":""},"categories":[2817],"tags":[1111,11,1997,1777,674,1011,27,5945,12,2219,25],"class_list":{"0":"post-609360","1":"post","2":"type-post","3":"status-publish","4":"format-standard","5":"has-post-thumbnail","7":"category-bordeaux","8":"tag-actu","9":"tag-actualites","10":"tag-bordeaux","11":"tag-eu","12":"tag-europe","13":"tag-fr","14":"tag-france","15":"tag-municipales-elections","16":"tag-news","17":"tag-nouvelle-aquitaine","18":"tag-republique-francaise"},"share_on_mastodon":{"url":"https:\/\/pubeurope.com\/@fr\/115745945386294332","error":""},"_links":{"self":[{"href":"https:\/\/www.europesays.com\/fr\/wp-json\/wp\/v2\/posts\/609360","targetHints":{"allow":["GET"]}}],"collection":[{"href":"https:\/\/www.europesays.com\/fr\/wp-json\/wp\/v2\/posts"}],"about":[{"href":"https:\/\/www.europesays.com\/fr\/wp-json\/wp\/v2\/types\/post"}],"author":[{"embeddable":true,"href":"https:\/\/www.europesays.com\/fr\/wp-json\/wp\/v2\/users\/2"}],"replies":[{"embeddable":true,"href":"https:\/\/www.europesays.com\/fr\/wp-json\/wp\/v2\/comments?post=609360"}],"version-history":[{"count":0,"href":"https:\/\/www.europesays.com\/fr\/wp-json\/wp\/v2\/posts\/609360\/revisions"}],"wp:featuredmedia":[{"embeddable":true,"href":"https:\/\/www.europesays.com\/fr\/wp-json\/wp\/v2\/media\/609361"}],"wp:attachment":[{"href":"https:\/\/www.europesays.com\/fr\/wp-json\/wp\/v2\/media?parent=609360"}],"wp:term":[{"taxonomy":"category","embeddable":true,"href":"https:\/\/www.europesays.com\/fr\/wp-json\/wp\/v2\/categories?post=609360"},{"taxonomy":"post_tag","embeddable":true,"href":"https:\/\/www.europesays.com\/fr\/wp-json\/wp\/v2\/tags?post=609360"}],"curies":[{"name":"wp","href":"https:\/\/api.w.org\/{rel}","templated":true}]}}