{"id":609364,"date":"2025-12-19T11:16:12","date_gmt":"2025-12-19T11:16:12","guid":{"rendered":"https:\/\/www.europesays.com\/fr\/609364\/"},"modified":"2025-12-19T11:16:12","modified_gmt":"2025-12-19T11:16:12","slug":"olivier-cloarec-favorable-a-lidee-de-trouver-des-passerelles-entre-toulouse-et-milan","status":"publish","type":"post","link":"https:\/\/www.europesays.com\/fr\/609364\/","title":{"rendered":"Olivier Cloarec favorable \u00e0 l&rsquo;id\u00e9e de \u00abtrouver des passerelles\u00bb entre Toulouse et Milan"},"content":{"rendered":"<p>\n    Le pr\u00e9sident de Toulouse Olivier Cloarec est favorable \u00e0 l\u2019id\u00e9e de \u00abtrouver des passerelles\u00bb entre l\u2019AC Milan et le TFC qui sont d\u00e9tenus par le m\u00eame fond am\u00e9ricain.<\/p>\n<p class=\"fig-paragraph\">\u00abSi on peut trouver des passerelles entre Milan et le TFC, on le fera \u00e9videmment\u00bb, a d\u00e9clar\u00e9 le pr\u00e9sident de Toulouse\u00a0<a href=\"http:\/\/www.lefigaro.fr\/flash-sport\/foot-olivier-cloarec-nouveau-president-du-tfc-20250708\" target=\"_blank\" data-fig-type=\"NewsFlash\" rel=\"sponsored noopener\" data-gtm-custom-categorie=\"navigation\" data-gtm-custom-action=\"crossclick\" data-gtm-custom-label=\"Contextuel\" data-gtm-event=\"customEventSPE\" data-fig-domain=\"LEFIGARO\">Olivier Cloarec<\/a>\u00a0lors d&rsquo;un entretien \u00e0 l&rsquo;AFP, alors que les deux clubs sont d\u00e9tenus par le m\u00eame fonds am\u00e9ricain RedBird. \u00abOn aurait tort de ne pas essayer de creuser des pistes int\u00e9ressantes pour cr\u00e9er une passerelle entre les deux entit\u00e9s\u00bb, a expliqu\u00e9 le pr\u00e9sident des Violets, ajoutant que \u00abdes r\u00e9unions avec les dirigeants du Milan\u00bb ont d\u00e9j\u00e0 eu lieu.<\/p>\n<p class=\"fig-paragraph\"><a href=\"http:\/\/www.lefigaro.fr\/sports\/football\/ligue-1\/ligue-1-pourquoi-le-gardien-du-tfc-guillaume-restes-a-t-il-joue-avec-un-maillot-d-entrainement-contre-le-paris-fc-20251214\" target=\"_blank\" data-fig-type=\"NewsFlash\" rel=\"nofollow noopener\" data-gtm-custom-categorie=\"navigation\" data-gtm-custom-action=\"crossclick\" data-gtm-custom-label=\"Contextuel\" data-gtm-event=\"customEventSPE\" data-fig-domain=\"LEFIGARO\">Le TFC<\/a>\u00a0est pass\u00e9 en 2020 sous le contr\u00f4le du fonds d&rsquo;investissement am\u00e9ricain RedBird Capital Partners, qui a ensuite acquis le Milan AC pour 1,2 milliard d&rsquo;euros en 2022. \u00abOn travaille, apr\u00e8s, il faudra voir comment concr\u00e8tement \u00e7a se mat\u00e9rialise, il y a plusieurs axes en fait, mais on est en train d&rsquo;y travailler. \u00c7a va \u00eatre sur plusieurs choses, \u00e7a peut \u00eatre sur des futurs recrutements, sur des pr\u00eats, mais aussi sur un genre de savoir-faire\u00bb, d\u00e9veloppe Olivier Cloarec, arriv\u00e9 cet \u00e9t\u00e9 \u00e0 la t\u00eate du club haut-garonnais, apr\u00e8s le d\u00e9part de Damien Comolli pour la Juventus.<\/p>\n<p>                                            <a class=\"fig-a11y-skip\" href=\"#fig-a11y-skip-main-inarticle\" data-module=\"a11y-skip\" data-context=\"was @visible\"><br \/>\n    Passer la publicit\u00e9<br \/>\n<\/a>            <\/p>\n<p>                                            L\u2019exemple de Strasbourg et Chelsea<\/p>\n<p class=\"fig-paragraph\">\u00abOn peut peut-\u00eatre assembler des choses, ils ont une cellule de recrutement, on en a une aussi, ce n&rsquo;est pas de mutualiser certaines cellules, mais en tout cas d&rsquo;\u00e9changer, \u00e7a peut nous amener \u00e0 \u00eatre peut-\u00eatre plus performants demain\u00bb, indique le pr\u00e9sident du \u00abT\u00e9f&rsquo;\u00bb. \u00abIl n&rsquo;y a pas de garantie non plus, mais on aurait tort de ne pas creuser\u00bb, assure-t-il, pr\u00e9cisant que d&rsquo;\u00e9ventuelles passerelles se feraient \u00abde part et d&rsquo;autre, \u00e7a ne va pas que dans un sens, \u00e7a peut aller dans les deux sens\u00bb.<\/p>\n<p class=\"fig-paragraph\">L&rsquo;AC Milan est deuxi\u00e8me de\u00a0<a href=\"http:\/\/www.lefigaro.fr\/sports\/football\/italie\/serie-a-naples-s-indigne-apres-les-graves-insultes-proliferes-par-allegri-20251219\" target=\"_blank\" data-fig-type=\"NewsFlash\" rel=\"nofollow noopener\" data-gtm-custom-categorie=\"navigation\" data-gtm-custom-action=\"crossclick\" data-gtm-custom-label=\"Contextuel\" data-gtm-event=\"customEventSPE\" data-fig-domain=\"LEFIGARO\">Serie A<\/a>, alors que le TFC pointe \u00e0 la huiti\u00e8me place de Ligue 1. En France, plusieurs clubs sont concern\u00e9s par la multipropri\u00e9t\u00e9, l&rsquo;exemple le plus marquant \u00e9tant Strasbourg, appartenant \u00e0 BlueCo, \u00e9galement propri\u00e9taire de Chelsea, avec qui les transferts et \u00e9changes de joueurs sont l\u00e9gion.<\/p>\n","protected":false},"excerpt":{"rendered":"Le pr\u00e9sident de Toulouse Olivier Cloarec est favorable \u00e0 l\u2019id\u00e9e de \u00abtrouver des passerelles\u00bb entre l\u2019AC Milan et&hellip;\n","protected":false},"author":2,"featured_media":609365,"comment_status":"","ping_status":"","sticky":false,"template":"","format":"standard","meta":{"footnotes":""},"categories":[2816],"tags":[30513,1111,11,1777,674,1011,27,12,2680,25,2312],"class_list":{"0":"post-609364","1":"post","2":"type-post","3":"status-publish","4":"format-standard","5":"has-post-thumbnail","7":"category-toulouse","8":"tag-ac-milan","9":"tag-actu","10":"tag-actualites","11":"tag-eu","12":"tag-europe","13":"tag-fr","14":"tag-france","15":"tag-news","16":"tag-occitanie","17":"tag-republique-francaise","18":"tag-toulouse"},"share_on_mastodon":{"url":"https:\/\/pubeurope.com\/@fr\/115745953233632361","error":""},"_links":{"self":[{"href":"https:\/\/www.europesays.com\/fr\/wp-json\/wp\/v2\/posts\/609364","targetHints":{"allow":["GET"]}}],"collection":[{"href":"https:\/\/www.europesays.com\/fr\/wp-json\/wp\/v2\/posts"}],"about":[{"href":"https:\/\/www.europesays.com\/fr\/wp-json\/wp\/v2\/types\/post"}],"author":[{"embeddable":true,"href":"https:\/\/www.europesays.com\/fr\/wp-json\/wp\/v2\/users\/2"}],"replies":[{"embeddable":true,"href":"https:\/\/www.europesays.com\/fr\/wp-json\/wp\/v2\/comments?post=609364"}],"version-history":[{"count":0,"href":"https:\/\/www.europesays.com\/fr\/wp-json\/wp\/v2\/posts\/609364\/revisions"}],"wp:featuredmedia":[{"embeddable":true,"href":"https:\/\/www.europesays.com\/fr\/wp-json\/wp\/v2\/media\/609365"}],"wp:attachment":[{"href":"https:\/\/www.europesays.com\/fr\/wp-json\/wp\/v2\/media?parent=609364"}],"wp:term":[{"taxonomy":"category","embeddable":true,"href":"https:\/\/www.europesays.com\/fr\/wp-json\/wp\/v2\/categories?post=609364"},{"taxonomy":"post_tag","embeddable":true,"href":"https:\/\/www.europesays.com\/fr\/wp-json\/wp\/v2\/tags?post=609364"}],"curies":[{"name":"wp","href":"https:\/\/api.w.org\/{rel}","templated":true}]}}