{"id":609370,"date":"2025-12-19T11:19:12","date_gmt":"2025-12-19T11:19:12","guid":{"rendered":"https:\/\/www.europesays.com\/fr\/609370\/"},"modified":"2025-12-19T11:19:12","modified_gmt":"2025-12-19T11:19:12","slug":"a-marseille-les-opposants-au-boulevard-urbain-sud-ont-maintenu-la-pression-cet-automne","status":"publish","type":"post","link":"https:\/\/www.europesays.com\/fr\/609370\/","title":{"rendered":"\u00c0 Marseille, les opposants au Boulevard urbain sud ont maintenu la pression cet automne"},"content":{"rendered":"<p>Cinq mois apr\u00e8s leur <a href=\"https:\/\/www.laprovence.com\/article\/region\/1456619884902514\/manifestation-contre-le-boulevard-urbain-sud-a-marseille-cest-lavenir-de-nos-enfants-qui-se-joue\" target=\"_blank\" rel=\"noopener\">derni\u00e8re action phare<\/a> qui avait r\u00e9uni 500 personnes sous un soleil de plomb \u00e0 l\u2019ob\u00e9lisque de Mazargues, le 21\u00a0juin dernier, les opposants \u00e0 la poursuite du Boulevard urbain sud (BUS) entendent maintenir la pression sur la M\u00e9tropole. Soutenu par plusieurs associations environnementales, <a href=\"https:\/\/www.laprovence.com\/article\/region\/3431132890051814\/trace-calendrier-recours-quelle-issue-pour-le-boulevard-urbain-sud-a-marseille\" target=\"_blank\" rel=\"noopener\">le collectif Canbus<\/a> appelle \u00e0 manifester ce samedi 29\u00a0novembre \u00e0 14 h au d\u00e9part de la place Castellane, jusqu\u2019au David, o\u00f9 se succ\u00e9deront des prises de parole.<\/p>\n<p>\u00ab\u00a0On d\u00e9place la mobilisation dans le centre-ville parce que ce projet concerne l\u2019ensemble des Marseillais\u00a0\u00bb, explique Christophe Oudelin, militant chez Alternatiba. \u00ab\u00a0Ce n\u2019est pas juste un combat de quartier, le Boulevard soul\u00e8ve des questions qu\u2019on doit se poser dans toutes les villes\u00a0\u00bb, abonde Martine Cros, qui se bat depuis dix ans contre la r\u00e9alisation de cette rocade.<\/p>\n<p>Si le projet remonte aux ann\u00e9es\u00a01930, seule sa premi\u00e8re phase a \u00e9t\u00e9 livr\u00e9e en\u00a02020, reliant l\u2019\u00e9changeur Florian (10e) au rond-point du Cabot (9e). La fronde citoyenne oppos\u00e9e \u00e0 la destruction de dix hectares d\u2019espaces verts, soit une partie des <a href=\"https:\/\/www.laprovence.com\/article\/region\/1893712188296615\/sauver-ce-poumon-vert-les-jardins-familiaux-joseph-aiguier-menaces-par-le-projet-du-boulevard-urbain-sud\" target=\"_blank\" rel=\"noopener\">jardins familiaux Joseph-Aiguier<\/a> (9e), du parc de la Mathilde (9e) et de la pin\u00e8de du Roy d\u2019Espagne (8e) qu\u2019entra\u00eener&#8230;<\/p>\n","protected":false},"excerpt":{"rendered":"Cinq mois apr\u00e8s leur derni\u00e8re action phare qui avait r\u00e9uni 500 personnes sous un soleil de plomb \u00e0&hellip;\n","protected":false},"author":2,"featured_media":609371,"comment_status":"","ping_status":"","sticky":false,"template":"","format":"standard","meta":{"footnotes":""},"categories":[2814],"tags":[17,1111,11,5731,1777,674,1011,27,151,884,12,2537,50451,882,16,25,7053,4889],"class_list":{"0":"post-609370","1":"post","2":"type-post","3":"status-publish","4":"format-standard","5":"has-post-thumbnail","7":"category-marseille","8":"tag-17","9":"tag-actu","10":"tag-actualites","11":"tag-boulevard","12":"tag-eu","13":"tag-europe","14":"tag-fr","15":"tag-france","16":"tag-les","17":"tag-marseille","18":"tag-news","19":"tag-ont","20":"tag-opposants","21":"tag-provence-alpes-cote-dazur","22":"tag-region","23":"tag-republique-francaise","24":"tag-sud","25":"tag-urbain"},"share_on_mastodon":{"url":"https:\/\/pubeurope.com\/@fr\/115745965206661217","error":""},"_links":{"self":[{"href":"https:\/\/www.europesays.com\/fr\/wp-json\/wp\/v2\/posts\/609370","targetHints":{"allow":["GET"]}}],"collection":[{"href":"https:\/\/www.europesays.com\/fr\/wp-json\/wp\/v2\/posts"}],"about":[{"href":"https:\/\/www.europesays.com\/fr\/wp-json\/wp\/v2\/types\/post"}],"author":[{"embeddable":true,"href":"https:\/\/www.europesays.com\/fr\/wp-json\/wp\/v2\/users\/2"}],"replies":[{"embeddable":true,"href":"https:\/\/www.europesays.com\/fr\/wp-json\/wp\/v2\/comments?post=609370"}],"version-history":[{"count":0,"href":"https:\/\/www.europesays.com\/fr\/wp-json\/wp\/v2\/posts\/609370\/revisions"}],"wp:featuredmedia":[{"embeddable":true,"href":"https:\/\/www.europesays.com\/fr\/wp-json\/wp\/v2\/media\/609371"}],"wp:attachment":[{"href":"https:\/\/www.europesays.com\/fr\/wp-json\/wp\/v2\/media?parent=609370"}],"wp:term":[{"taxonomy":"category","embeddable":true,"href":"https:\/\/www.europesays.com\/fr\/wp-json\/wp\/v2\/categories?post=609370"},{"taxonomy":"post_tag","embeddable":true,"href":"https:\/\/www.europesays.com\/fr\/wp-json\/wp\/v2\/tags?post=609370"}],"curies":[{"name":"wp","href":"https:\/\/api.w.org\/{rel}","templated":true}]}}