{"id":609380,"date":"2025-12-19T11:25:13","date_gmt":"2025-12-19T11:25:13","guid":{"rendered":"https:\/\/www.europesays.com\/fr\/609380\/"},"modified":"2025-12-19T11:25:13","modified_gmt":"2025-12-19T11:25:13","slug":"nicolas-sarkozy-en-dedicace-fausses-rumeurs-denlevements-linfo-a-midi-en-ile-de-france","status":"publish","type":"post","link":"https:\/\/www.europesays.com\/fr\/609380\/","title":{"rendered":"Nicolas Sarkozy en d\u00e9dicace, fausses rumeurs d&rsquo;enl\u00e8vements&#8230; L\u2019info \u00e0 midi en \u00cele-de-France"},"content":{"rendered":"<p>                    Par<br \/>\n        <strong><br \/>\n            <a href=\"https:\/\/actu.fr\/auteur\/redaction-paris\" title=\"Consulter tous les articles de R\u00e9daction Paris\" target=\"_blank\" rel=\"noopener\">R\u00e9daction Paris<\/a><br \/>\n                    <\/strong><\/p>\n<p>        Publi\u00e9 le<\/p>\n<p>            19 d\u00e9c. 2025 \u00e0 11h53        <\/p>\n<p>C\u2019est les vacances de No\u00ebl\u2009! Que s\u2019est-il pass\u00e9 en \u00cele-de-France ce vendredi 19 d\u00e9cembre 2025\u2009? Voici l\u2019essentiel de l\u2019actualit\u00e9 \u00e0 midi\u2009: dans les Yvelines, la s\u00e9ance de d\u00e9dicace de Nicolas Sarkozy a fait sensation, en Seine-et-Marne, huit stagiaires ont cr\u00e9\u00e9 une bi\u00e8re et en Seine-Saint-Denis, une mairie a d\u00fb mettre fin a des fausses rumeurs d\u2019enl\u00e8vements.<\/p>\n<p>Les informations \u00e0 retenir ce vendredi 19\u00a0d\u00e9cembre 2025, \u00e0 midi, en \u00cele-de-France<\/p>\n<p class=\"expresso-item wall-content\"><strong>Yvelines. <\/strong><a title=\"Lire l&#039;article\" href=\"https:\/\/actu.fr\/ile-de-france\/saint-germain-en-laye_78551\/la-ferveur-pour-nicolas-sarkozy-a-saint-germain-en-laye-etait-populaire-et-colossale_63598523.html\" target=\"_blank\" rel=\"noopener\">La ferveur pour Nicolas Sarkozy \u00e0 Saint-Germain-en-Laye \u00e9tait populaire\u2026 et colossale\u2009!<\/a><br \/>Pour la d\u00e9dicace de son livre, Nicolas Sarkozy a attir\u00e9 une foule de fid\u00e8les le jeudi 18\u00a0d\u00e9cembre 2025 \u00e0 la librairie Gibert Joseph de Saint-Germain-en-Laye (Yvelines).<\/p>\n<p class=\"expresso-item wall-content\"><strong>Seine-et-Marne. <\/strong><a title=\"Lire l&#039;article\" href=\"https:\/\/actu.fr\/ile-de-france\/combs-la-ville_77122\/seine-et-marne-huit-stagiaires-creent-la-cuvee-de-linsertion-chez-parisis_63597123.html\" target=\"_blank\" rel=\"noopener\">Huit stagiaires cr\u00e9ent la \u00ab\u2009cuv\u00e9e de l\u2019insertion\u2009\u00bb chez Parisis<\/a><br \/>Dans le cadre d\u2019une formation men\u00e9e par la Maison de l\u2019emploi, huit stagiaires ont con\u00e7u une bi\u00e8re de A \u00e0 Z dans les locaux de la brasserie Parisis \u00e0 Combs-la-Ville.<\/p>\n<p class=\"expresso-item wall-content\"><strong>Seine-Saint-Denis. <\/strong><a title=\"Lire l&#039;article\" href=\"https:\/\/actu.fr\/ile-de-france\/drancy_93029\/fausses-rumeurs-d-enlevement-en-seine-saint-denis-la-grand-mere-kidnappeuse-n-en-etait-pas-une_63593542.html\" target=\"_blank\" rel=\"noopener\">Fausses rumeurs d\u2019enl\u00e8vement\u2009: la grand-m\u00e8re kidnappeuse n\u2019en \u00e9tait pas une<\/a><br \/>Ce jeudi 18\u00a0d\u00e9cembre 2025, la ville de Drancy a alert\u00e9 sur des fausses rumeurs d\u2019enl\u00e8vement propag\u00e9es ces derniers jours et visant une \u00e2g\u00e9e dont la photo a \u00e9t\u00e9 diffus\u00e9e.<\/p>\n<p class=\"expresso-item wall-content\"><strong>Hauts-de-Seine. <\/strong><a title=\"Lire l&#039;article\" href=\"https:\/\/actu.fr\/ile-de-france\/clamart_92023\/des-travaux-en-urgence-pendant-un-mois-a-clamart-apres-un-rare-incident-electrique_63594436.html\" target=\"_blank\" rel=\"noopener\">Des \u00ab\u2009travaux en urgence\u2009\u00bb pendant un mois \u00e0 Clamart apr\u00e8s un \u00ab\u2009rare\u2009\u00bb incident \u00e9lectrique<\/a><br \/>\u00c0 partir de ce jeudi 18\u00a0d\u00e9cembre 2025, des travaux ont lieu dans le centre de Clamart pour r\u00e9parer des c\u00e2bles haute tension. Une intervention qui fait suite \u00e0 un \u00ab\u2009incident rare\u2009\u00bb.<\/p>\n<p class=\"expresso-item wall-content\"><strong>Paris. <\/strong><a title=\"Lire l&#039;article\" href=\"https:\/\/actu.fr\/ile-de-france\/paris_75056\/a-quelle-meteo-s-attendre-a-paris-et-en-ile-de-france-pour-le-debut-des-vacances-de-noel_63599174.html\" target=\"_blank\" rel=\"noopener\">\u00c0 quelle m\u00e9t\u00e9o s\u2019attendre pour le d\u00e9but des vacances de No\u00ebl\u2009?<\/a><br \/>Le temps sera maussade \u00e0 Paris et en \u00cele-de-France pour les vacances de No\u00ebl. Les temp\u00e9ratures seront au-dessus de la moyenne pour la saison.<\/p>\n<p class=\" wall-content\"><strong>Suivez-nous pour en savoir plus\u2009!<\/strong><br \/>Vous voulez plus d\u2019infos sur l\u2019\u00cele-de-France\u2009? Vous pouvez nous retrouver sur actu \u00cele-de-France. Pour nous suivre sur les r\u00e9seaux sociaux, dans vos d\u00e9partements\u2009:<\/p>\n<p class=\" wall-content\"><strong>Paris<\/strong>\u2009: retrouvez\u00a0actu\u00a0Paris\u00a0sur\u00a0<a href=\"https:\/\/www.facebook.com\/actufr.paris\/\" target=\"_blank\" rel=\"noopener\">Facebook<\/a>\u00a0et\u00a0<a href=\"https:\/\/twitter.com\/actufrparis\" target=\"_blank\" rel=\"noopener\">Twitter<\/a>\u2009;<br \/><strong>Seine-et-Marne<\/strong>\u2009: retrouvez\u00a0La R\u00e9publique de Seine-et-Marne (sud) sur\u00a0<a href=\"https:\/\/www.facebook.com\/RepubliqueSeineMarne\/\" target=\"_blank\" rel=\"noopener\">Facebook<\/a>\u00a0et\u00a0<a href=\"https:\/\/twitter.com\/LaRep77\" target=\"_blank\" rel=\"noopener\">Twitter<\/a>\u2009; La Marne (nord) sur\u00a0<a href=\"https:\/\/www.facebook.com\/journallarmarne\/?__tn__=%2Cd%2CP-R&amp;eid=ARDLZc91LaHbXzDwChLLLQJVMBLx_ABJremTC2-RG0CYvg0f4f8CLvbV5G1Lli4g_6QoXDcKkU1_LX1W\" target=\"_blank\" rel=\"noopener\">Facebook<\/a>\u00a0et\u00a0<a href=\"https:\/\/twitter.com\/JournalLaMarne\" target=\"_blank\" rel=\"noopener\">Twitter<\/a>\u2009; et\u00a0Le Pays Briard\u00a0sur\u00a0<a href=\"https:\/\/www.facebook.com\/LePaysBriard\/?ref=bookmarks\" target=\"_blank\" rel=\"noopener\">Facebook<\/a>\u00a0et\u00a0<a href=\"https:\/\/twitter.com\/LePaysBriard\" target=\"_blank\" rel=\"noopener\">Twitter<\/a>\u2009;<br \/><strong>Yvelines\u2009:<\/strong> retrouvez\u00a078actu\u00a0sur\u00a0<a href=\"https:\/\/www.facebook.com\/78actu\/\" target=\"_blank\" rel=\"noopener\">Facebook<\/a>\u00a0et\u00a0<a href=\"https:\/\/x.com\/78actu\">Twitter<\/a>\u2009;<br \/><strong>Essonne\u2009:<\/strong> retrouvez\u00a0actu Essonne\u00a0sur\u00a0<a href=\"https:\/\/www.facebook.com\/actuessonne\/?ref=br_rs\" target=\"_blank\" rel=\"noopener\">Facebook<\/a>\u00a0et\u00a0<a href=\"https:\/\/twitter.com\/ActuEssonne\" target=\"_blank\" rel=\"noopener\">Twitter<\/a>\u2009;<br \/><strong>Hauts-de-Seine\u2009:<\/strong> retrouvez\u00a0actu\u00a0Hauts-de-Seine\u00a0sur\u00a0<a href=\"https:\/\/www.facebook.com\/actufr.hautsdeseine\/\" target=\"_blank\" rel=\"noopener\">Facebook<\/a>\u00a0et\u00a0<a href=\"https:\/\/twitter.com\/actufr92\" target=\"_blank\" rel=\"noopener\">Twitter<\/a>\u2009;<br \/><strong>Seine-Saint-Denis\u2009:<\/strong> retrouvez actu Seine-Saint-Denis sur\u00a0<a href=\"https:\/\/www.facebook.com\/actufr.seinesaintdenis\/\" target=\"_blank\" rel=\"noopener\">Facebook<\/a>\u00a0et\u00a0<a href=\"https:\/\/x.com\/Actufr93\">Twitter<\/a>\u2009;<br \/><strong>Val-de-Marne\u2009: <\/strong>retrouvez actu Val-de-Marne sur\u00a0<a href=\"https:\/\/www.facebook.com\/actu94.valdemarne\/\" target=\"_blank\" rel=\"noopener\">Facebook<\/a>\u00a0et\u00a0<a href=\"https:\/\/x.com\/actufr94\">Twitter<\/a>\u2009;<br \/><strong>Val-d\u2019Oise\u2009:<\/strong> retrouvez La Gazette du Val-d\u2019Oise sur\u00a0<a href=\"https:\/\/x.com\/actufr94\">Twitter<\/a><\/p>\n<p class=\" wall-content\">Personnalisez votre actualit\u00e9 en ajoutant vos villes et m\u00e9dias en favori avec <a href=\"https:\/\/moncompte.actu.fr\" title=\"D\u00e9couvez Mon Actu\" rel=\"nofollow noopener\" data-trk=\"{&quot;cta&quot;:{&quot;action&quot;:&quot;https:\\\/\\\/moncompte.actu.fr&quot;,&quot;category&quot;:&quot;mon compte&quot;,&quot;from&quot;:&quot;article footer&quot;,&quot;name&quot;:&quot;Mon actu&quot;,&quot;type&quot;:&quot;cta&quot;}}\" target=\"_blank\">Mon Actu<\/a>.<\/p>\n<p>                    <script async src=\"https:\/\/platform.twitter.com\/widgets.js\" charset=\"utf-8\"><\/script><\/p>\n","protected":false},"excerpt":{"rendered":"Par R\u00e9daction Paris Publi\u00e9 le 19 d\u00e9c. 2025 \u00e0 11h53 C\u2019est les vacances de No\u00ebl\u2009! Que s\u2019est-il pass\u00e9&hellip;\n","protected":false},"author":2,"featured_media":609381,"comment_status":"","ping_status":"","sticky":false,"template":"","format":"standard","meta":{"footnotes":""},"categories":[1888],"tags":[1111,1928,11,1927,11250,1777,674,1011,27,12,1926,3091,626,1925,25,104,2086],"class_list":{"0":"post-609380","1":"post","2":"type-post","3":"status-publish","4":"format-standard","5":"has-post-thumbnail","7":"category-paris","8":"tag-actu","9":"tag-actu-paris","10":"tag-actualites","11":"tag-actualites-paris","12":"tag-enlevements","13":"tag-eu","14":"tag-europe","15":"tag-fr","16":"tag-france","17":"tag-news","18":"tag-news-paris","19":"tag-nicolas-sarkozy","20":"tag-paris","21":"tag-paris-news","22":"tag-republique-francaise","23":"tag-societe","24":"tag-travaux"},"share_on_mastodon":{"url":"https:\/\/pubeurope.com\/@fr\/115745988972172972","error":""},"_links":{"self":[{"href":"https:\/\/www.europesays.com\/fr\/wp-json\/wp\/v2\/posts\/609380","targetHints":{"allow":["GET"]}}],"collection":[{"href":"https:\/\/www.europesays.com\/fr\/wp-json\/wp\/v2\/posts"}],"about":[{"href":"https:\/\/www.europesays.com\/fr\/wp-json\/wp\/v2\/types\/post"}],"author":[{"embeddable":true,"href":"https:\/\/www.europesays.com\/fr\/wp-json\/wp\/v2\/users\/2"}],"replies":[{"embeddable":true,"href":"https:\/\/www.europesays.com\/fr\/wp-json\/wp\/v2\/comments?post=609380"}],"version-history":[{"count":0,"href":"https:\/\/www.europesays.com\/fr\/wp-json\/wp\/v2\/posts\/609380\/revisions"}],"wp:featuredmedia":[{"embeddable":true,"href":"https:\/\/www.europesays.com\/fr\/wp-json\/wp\/v2\/media\/609381"}],"wp:attachment":[{"href":"https:\/\/www.europesays.com\/fr\/wp-json\/wp\/v2\/media?parent=609380"}],"wp:term":[{"taxonomy":"category","embeddable":true,"href":"https:\/\/www.europesays.com\/fr\/wp-json\/wp\/v2\/categories?post=609380"},{"taxonomy":"post_tag","embeddable":true,"href":"https:\/\/www.europesays.com\/fr\/wp-json\/wp\/v2\/tags?post=609380"}],"curies":[{"name":"wp","href":"https:\/\/api.w.org\/{rel}","templated":true}]}}