{"id":609387,"date":"2025-12-19T11:29:40","date_gmt":"2025-12-19T11:29:40","guid":{"rendered":"https:\/\/www.europesays.com\/fr\/609387\/"},"modified":"2025-12-19T11:29:40","modified_gmt":"2025-12-19T11:29:40","slug":"en-direct-guerre-en-ukraine-poutine-assure-que-la-balle-est-dans-le-camp-de-kiev-et-des-occidentaux","status":"publish","type":"post","link":"https:\/\/www.europesays.com\/fr\/609387\/","title":{"rendered":"EN DIRECT &#8211; Guerre en Ukraine : Poutine assure que \u00ab\u00a0la balle est dans le camp\u00a0\u00bb de Kiev et des Occidentaux"},"content":{"rendered":"<ul class=\"jsx-862013697 ArticleChapo__List\">\n<li class=\"jsx-862013697 ArticleChapo__List_Item flex\">Pour Vladimir Poutine, \u00ab\u00a0la balle est dans le camp\u00a0\u00bb de l&rsquo;Ukraine et des Occidentaux pour mettre fin \u00e0 la guerre, qui a lui m\u00eame lanc\u00e9e.<\/li>\n<li class=\"jsx-862013697 ArticleChapo__List_Item flex\">Suivez les derni\u00e8res informations.<\/li>\n<\/ul>\n<p>Les \u00e9l\u00e9ments marquants\u00a0\u00bbLA BALLE EST DANS LE CAMP\u00a0\u00bb DE L&rsquo;UKRAINE ET DES OCCIDENTAUX 12:03<\/p>\n<p>\u00ab\u00a0La balle est enti\u00e8rement dans le camp de nos adversaires occidentaux, les dirigeants du r\u00e9gime de Kiev et leurs sponsors europ\u00e9ens en premier lieu\u00a0\u00bb, a assur\u00e9 Vladimir Poutine, indiquant que Moscou avait accept\u00e9 des \u00ab\u00a0compromis\u00a0\u00bb dans ce processus dans les n\u00e9gociations visant \u00e0 mettre fin \u00e0 la guerre lors de sa conf\u00e9rence de presse annuelle retransmise \u00e0 la t\u00e9l\u00e9vision.<\/p>\n<p>Minute par minutePOUTINE NE SE CONSID\u00c8RE \u00ab\u00a0PAS RESPONSABLE\u00a0\u00bb POUR LES MORTS EN UKRAINE12:19<\/p>\n<p>\u00ab\u00a0Nous ne nous consid\u00e9rons pas responsables pour la mort des gens, parce que nous n&rsquo;avons pas commenc\u00e9 cette guerre\u00a0\u00bb, a d\u00e9clar\u00e9 vendredi le pr\u00e9sident russe, imputant la responsabilit\u00e9 du conflit aux autorit\u00e9s ukrainiennes.<\/p>\n<p>\u00ab\u00a0LA BALLE EST DANS LE CAMP\u00a0\u00bb DE L&rsquo;UKRAINE ET DES OCCIDENTAUX 12:03<\/p>\n<p>\u00ab\u00a0La balle est enti\u00e8rement dans le camp de nos adversaires occidentaux, les dirigeants du r\u00e9gime de Kiev et leurs sponsors europ\u00e9ens en premier lieu\u00a0\u00bb, a assur\u00e9 Vladimir Poutine, indiquant que Moscou avait accept\u00e9 des \u00ab\u00a0compromis\u00a0\u00bb dans ce processus dans les n\u00e9gociations visant \u00e0 mettre fin \u00e0 la guerre lors de sa conf\u00e9rence de presse annuelle retransmise \u00e0 la t\u00e9l\u00e9vision.<\/p>\n<p>LA BANQUE CENTRALE RUSSE ABAISSE SON TAUX DIRECTEUR11:50<\/p>\n<p>La Banque centrale de Russie (BCR) a abaiss\u00e9 vendredi son taux directeur de 16,5% \u00e0 16% dans un contexte de ralentissement de la croissance, l&rsquo;\u00e9conomie russe subissant les cons\u00e9quences de l&rsquo;offensive en Ukraine et des sanctions occidentales.<\/p>\n<p>\u00ab\u00a0Le 19 d\u00e9cembre 2025, le conseil d&rsquo;administration de la Banque de Russie a d\u00e9cid\u00e9 de r\u00e9duire le taux directeur de 50 points de base, \u00e0 16%\u00a0\u00bb, a indiqu\u00e9 la BCR dans un communiqu\u00e9, ajoutant qu&rsquo;elle \u00ab\u00a0maintiendra des conditions mon\u00e9taires aussi strictes que n\u00e9cessaires pour ramener l&rsquo;inflation \u00e0 l&rsquo;objectif\u00a0\u00bb de 4% par an, contre 6,6% enregistr\u00e9 en novembre.<\/p>\n<p>LA BANQUE CENTRALE RUSSE ABAISSE SON TAUX DIRECTEUR11:50<\/p>\n<p>La Banque centrale de Russie (BCR) a abaiss\u00e9 vendredi son taux directeur de 16,5% \u00e0 16% dans un contexte de ralentissement de la croissance, l&rsquo;\u00e9conomie russe subissant les cons\u00e9quences de l&rsquo;offensive en Ukraine et des sanctions occidentales.<\/p>\n<p>\u00ab\u00a0Le 19 d\u00e9cembre 2025, le conseil d&rsquo;administration de la Banque de Russie a d\u00e9cid\u00e9 de r\u00e9duire le taux directeur de 50 points de base, \u00e0 16%\u00a0\u00bb, a indiqu\u00e9 la BCR dans un communiqu\u00e9, ajoutant qu&rsquo;elle \u00ab\u00a0maintiendra des conditions mon\u00e9taires aussi strictes que n\u00e9cessaires pour ramener l&rsquo;inflation \u00e0 l&rsquo;objectif\u00a0\u00bb de 4% par an, contre 6,6% enregistr\u00e9 en novembre.<\/p>\n<p>LA POSITION DE LA FRANCE11:15<\/p>\n<p>\u00ab\u00a0La position de la France \u00e9tait quand m\u00eame de faire tr\u00e8s attention au droit international\u00a0\u00bb sur l&rsquo;utilisation des avoirs russes gel\u00e9s en Europe, explique Claude Blanchemaison, ancien ambassadeur \u00e0 Moscou.<\/p>\n<p>Claude Blanchemaison, ancien ambassadeur \u00e0 Moscou, explique la position de la France sur l&rsquo;utilisation des avoirs russes gel\u00e9s en EuropeSource : TF1 Info<\/p>\n<p><img decoding=\"async\" src=\"https:\/\/www.europesays.com\/fr\/wp-content\/uploads\/2025\/12\/claude-blanchemaison-ancien-ambassadeur-a-moscou-explique-la-position-de-la-france-sur-l-utilisation.jpeg\" alt=\"Claude Blanchemaison, ancien ambassadeur \u00e0 Moscou, explique la position de la France sur l'utilisation des avoirs russes gel\u00e9s en Europe\" loading=\"lazy\" importance=\"low\" fetchpriority=\"low\" class=\"\"\/><img decoding=\"async\" src=\"https:\/\/www.tf1info.fr\/images\/icons\/player-logo-play.svg\" alt=\"Logo lecture\" class=\"jsx-d0de44c05fe3042c PlayerLazyload__Play\"\/>POUTINE COMPARE LES DIRIGEANTS EUROP\u00c9ENS \u00c0 DES \u00ab\u00a0CAMBRIOLEURS\u00a0\u00bb11:12<\/p>\n<p>Le pr\u00e9sident russe a compar\u00e9 les dirigeants europ\u00e9ens \u00e0 des \u00ab\u00a0cambrioleurs\u00a0\u00bb pour avoir tent\u00e9 d&rsquo;utiliser les avoirs russes gel\u00e9s. \u00ab\u00a0Le terme &lsquo;vol&rsquo; est inappropri\u00e9. Le vol se fait en secret\u2026 ici, c&rsquo;est fait au grand jour&rsquo;, a critiqu\u00e9 Vladimir Poutine.<\/p>\n<p>DE \u00ab\u00a0LOURDES CONS\u00c9QUENCES\u00a0\u00bb EN CAS DE RECOURS AUX ACTIFS RUSSES10:57<\/p>\n<p>Vladimir Poutine met en garde les Europ\u00e9ens contre de \u00ab\u00a0lourdes cons\u00e9quences\u00a0\u00bb en cas de recours aux actifs russes pour financer l&rsquo;Ukraine. \u00ab\u00a0C&rsquo;est un braquage. Mais pourquoi ce n&rsquo;est pas possible de commettre ce braquage? Parce que les cons\u00e9quences peuvent \u00eatre tr\u00e8s lourdes\u00a0\u00bb, a d\u00e9clar\u00e9 le ma\u00eetre du Kremlin lors de sa grande conf\u00e9rence annuelle retransmise \u00e0 la t\u00e9l\u00e9vision russe.<\/p>\n<p>VLADIMIR POUTINE10:48<\/p>\n<p>Voici un premier extrait vid\u00e9o du grand oral du pr\u00e9sident russe. Poutine affirme notamment \u00eatre \u00ab\u00a0pr\u00eat \u00e0 terminer ce conflit par des moyens pacifiques\u00a0\u00bb \u00e0 condition de respecter ses conditions, qui sont d'\u00a0\u00bb\u00e9liminer les causes pemi\u00e8res de ce conflit\u00a0\u00bb.<\/p>\n<p>Poutine affirme \u00eatre \u00ab\u00a0pr\u00eat \u00e0 terminer ce conflit par des moyens pacifiques\u00a0\u00bbSource : TF1 Info<\/p>\n<p><img decoding=\"async\" src=\"https:\/\/www.europesays.com\/fr\/wp-content\/uploads\/2025\/12\/poutine-affirme-etre-pret-a-terminer-ce-conflit-par-des-moyens-pacifiques-3f97c3-0@1x.jpeg\" alt=\"Poutine affirme \u00eatre &quot;pr\u00eat \u00e0 terminer ce conflit par des moyens pacifiques&quot;\" loading=\"lazy\" importance=\"low\" fetchpriority=\"low\" class=\"\"\/><img decoding=\"async\" src=\"https:\/\/www.tf1info.fr\/images\/icons\/player-logo-play.svg\" alt=\"Logo lecture\" class=\"jsx-d0de44c05fe3042c PlayerLazyload__Play\"\/>LA RUSSIE A RENDU 1.003 NOUVEAUX CORPS \u00c0 L&rsquo;UKRAINE10:46<\/p>\n<p>\u00ab\u00a0Des rapatriements ont eu lieu, 1.003 corps ont \u00e9t\u00e9 renvoy\u00e9s en Ukraine, qui, selon la partie russe, sont ceux de militaires ukrainiens\u00a0\u00bb, a annonc\u00e9 sur Telegram le Centre ukrainien charg\u00e9 des prisonniers de guerre ; ce qui porte \u00e0 plus de 16.000 le nombre de d\u00e9pouilles remises par Moscou depuis le d\u00e9but de l&rsquo;ann\u00e9e. Le Kremlin a indiqu\u00e9 de son c\u00f4t\u00e9 avoir re\u00e7u les d\u00e9pouilles de 26 soldats russes de la part de Kiev.<\/p>\n<p> LES TROUPES RUSSES \u00ab\u00a0AVANCENT SUR TOUT LE FRONT\u00a0\u00bb10:25<\/p>\n<p>\u00ab\u00a0Nos troupes avancent sur toute la ligne de contact (&#8230;), l&rsquo;ennemi recule dans toutes les directions\u00a0\u00bb en Ukraine, s&rsquo;est f\u00e9licit\u00e9 Vladimir Poutine, \u00e0 l&rsquo;occassion de son grand oral annuel devant la presse et les citoyens. \u00a0\u00ab\u00a0Je suis s\u00fbr qu&rsquo;avant la fin de cette ann\u00e9e, nous assisterons encore \u00e0 de nouveaux succ\u00e8s\u00a0\u00bb, a ajout\u00e9 le ma\u00eetre du Kremlin.<\/p>\n<p>\u00ab\u00a0UN MESSAGE CLAIR \u00c0 POUTINE\u00a0\u00bb 10:24<\/p>\n<p>Les chefs d&rsquo;\u00c9tat et de gouvernement des Vingt-Sept pays de l&rsquo;UE \u00e9taient r\u00e9unis en sommet \u00e0 Bruxelles jeudi afin de trouver une solution pour financer l&rsquo;Ukraine au cours des deux ans \u00e0 venir. Les n\u00e9gociations ont dur\u00e9 jusque tard dans la nuit sur la meilleure mani\u00e8re de proc\u00e9der \u00e0 ce financement. Les dirigeants ont r\u00e9ussi \u00e0 arracher un accord au milieu de la nuit.<\/p>\n<p>International<img decoding=\"async\" src=\"https:\/\/www.europesays.com\/fr\/wp-content\/uploads\/2025\/12\/drapeaux-europeens-bruxelles-97a35d-0@1x.jpeg\" alt=\"&quot;Un message clair \u00e0 Poutine&quot; : l'UE va pr\u00eater 90 milliards d'euros \u00e0 l'Ukraine\" loading=\"lazy\" importance=\"low\" fetchpriority=\"low\" class=\"\" aria-hidden=\"true\"\/><\/p>\n<p>Publi\u00e9 aujourd&rsquo;hui \u00e0 9h15<\/p>\n<p>AVOIRS RUSSES GEL\u00c9S10:04<\/p>\n<p>Revoyez les explications sur LCI de l&rsquo;\u00e9conomiste Alexandre Kated sur l&rsquo;incapacit\u00e9 des Europ\u00e9ens \u00e0 s&rsquo;entendre sur les avoirs russes gel\u00e9s.<\/p>\n<p>Ukraine : pourquoi les Europ\u00e9ens n&rsquo;ont pas r\u00e9ussi \u00e0 s&rsquo;entendre sur les avoirs russes gel\u00e9sSource : TF1 Info<\/p>\n<p><img decoding=\"async\" src=\"https:\/\/www.europesays.com\/fr\/wp-content\/uploads\/2025\/12\/ukraine-pourquoi-les-europeens-n-ont-pas-reussi-a-s-entendre-sur-les-avoirs-russes-geles-82a999-0@1x.jpeg\" alt=\"Ukraine : pourquoi les Europ\u00e9ens n'ont pas r\u00e9ussi \u00e0 s'entendre sur les avoirs russes gel\u00e9s\" loading=\"lazy\" importance=\"low\" fetchpriority=\"low\" class=\"\"\/><img decoding=\"async\" src=\"https:\/\/www.tf1info.fr\/images\/icons\/player-logo-play.svg\" alt=\"Logo lecture\" class=\"jsx-d0de44c05fe3042c PlayerLazyload__Play\"\/>NOUVELLE AIDE DE 90 MILLIARDS09:39<\/p>\n<p>L&rsquo;UE s&rsquo;est engag\u00e9e cette nuit \u00e0 d\u00e9bloquer une nouvelle aide de 90 milliards d&rsquo;euros pour financer l&rsquo;effort de guerre ukrainien.<\/p>\n<p>L&rsquo;UE d\u00e9bloque un nouveau pr\u00eat de 90 milliards d&rsquo;euros pour financer l&rsquo;effort de guerre ukrainienSource : TF1 Info<\/p>\n<p><img decoding=\"async\" src=\"https:\/\/www.europesays.com\/fr\/wp-content\/uploads\/2025\/12\/l-ue-debloque-un-nouveau-pret-de-90-milliards-d-euros-pour-financer-l-effort-de-guerre-ukrainien-2ff.jpeg\" alt=\"L'UE d\u00e9bloque un nouveau pr\u00eat de 90 milliards d'euros pour financer l'effort de guerre ukrainien\" loading=\"lazy\" importance=\"low\" fetchpriority=\"low\" class=\"\"\/><img decoding=\"async\" src=\"https:\/\/www.tf1info.fr\/images\/icons\/player-logo-play.svg\" alt=\"Logo lecture\" class=\"jsx-d0de44c05fe3042c PlayerLazyload__Play\"\/>LE GRAND ORAL DE POUTINE09:03<\/p>\n<p>Ce vendredi, le ma\u00eetre du Kremlin va r\u00e9pondre aux questions des Russes et des journalistes lors de sa grande conf\u00e9rence annuelle. R\u00f4d\u00e9 \u00e0 cet exercice, Poutine est notamment tr\u00e8s attendu sur l&rsquo;offensive russe en Ukraine.<\/p>\n<p>International<img decoding=\"async\" src=\"https:\/\/www.europesays.com\/fr\/wp-content\/uploads\/2025\/12\/vladimir-poutine-conference-de-presse-d81eec-0@1x.jpeg\" alt=\"Le pr\u00e9sident russe Vladimir Poutine lors de sa conf\u00e9rence de presse annuelle, le 23 d\u00e9cembre \u00e0 Moscou.\" loading=\"lazy\" importance=\"low\" fetchpriority=\"low\" class=\"\" aria-hidden=\"true\"\/><\/p>\n<p>Publi\u00e9 aujourd&rsquo;hui \u00e0 8h59<\/p>\n<p>UNE VICTOIRE DU \u00ab\u00a0BON SENS\u00a0\u00bb DANS L&rsquo;UE SELON LE KREMLIN08:59<\/p>\n<p>\u00ab\u00a0La loi et le bons sens ont remport\u00e9 pour l&rsquo;heure une victoire\u00a0\u00bb, a r\u00e9agi vendredi sur Telegram un \u00e9missaire du Kremlin pour les questions \u00e9conomiques, Kirill Dmitriev, saluant un \u00e9chec de la tentative de l&rsquo;UE d'\u00a0\u00bbune utilisation ill\u00e9gitime des avoirs russes pour financer l&rsquo;Ukraine\u00a0\u00bb.<\/p>\n<p>ZELENSKY SALUE LE PR\u00caT DE L&rsquo;UE06:54<\/p>\n<p>Volodymyr Zelensky se f\u00e9licite du pr\u00eat de 90 milliards d&rsquo;euros accord\u00e9 par l&rsquo;Union europ\u00e9enne \u00e0 son pays pour financer son effort de guerre contre la Russie, estimant que cette aide \u00ab\u00a0renforce v\u00e9ritablement notre r\u00e9silience\u00a0\u00bb.<\/p>\n<p>\u00ab\u00a0Il s&rsquo;agit d&rsquo;un soutien important qui renforce v\u00e9ritablement notre r\u00e9silience\u00a0\u00bb, a \u00e9crit M. Zelensky sur le r\u00e9seau social X en remerciant les dirigeants europ\u00e9ens. \u00ab\u00a0Il est important que les actifs russes restent immobilis\u00e9s et que l&rsquo;Ukraine ait re\u00e7u une garantie de s\u00e9curit\u00e9 financi\u00e8re pour les ann\u00e9es \u00e0 venir\u00a0\u00bb, a-t-il ajout\u00e9 concernant les avoirs russes au sujet desquels les Europ\u00e9ens n&rsquo;ont pas r\u00e9ussi \u00e0 se mettre d&rsquo;accord.<\/p>\n<blockquote data-testid=\"EmbedTwitter\" id=\"tweet-2001889263470936154-:R76g9lkmcmj9v79m:\" class=\"jsx-aeff1a1c40f54d7a twitter-tweet flex justify-center items-center\"><p>I am grateful to all leaders of the European Union for the European Council\u2019s decision on \u20ac90 billion in financial support for Ukraine in 2026\u20132027. This is significant support that truly strengthens our resilience. It is important that Russian assets remain immobilized and that\u2026 \u2014 Volodymyr Zelenskyy \/ \u0412\u043e\u043b\u043e\u0434\u0438\u043c\u0438\u0440 \u0417\u0435\u043b\u0435\u043d\u0441\u044c\u043a\u0438\u0439 (@ZelenskyyUa)  December 19, 2025<\/p><\/blockquote>\n<p>TRUMP MET LA PRESSION SUR KIEV06:24<\/p>\n<p>Donald Trump a press\u00e9 Kiev de \u00ab\u00a0bouger rapidement\u00a0\u00bb dans les n\u00e9gociations sur un plan visant \u00e0 mettre fin au conflit avec la Russie, avant une nouvelle s\u00e9rie des pourparlers en Floride \u00e0 partir de ce vendredi.<\/p>\n<p>Les n\u00e9gociateurs \u00ab\u00a0sont pr\u00e8s d&rsquo;arriver \u00e0 quelque chose mais j&rsquo;esp\u00e8re que l&rsquo;Ukraine va bouger rapidement. (&#8230;) A chaque fois qu&rsquo;ils prennent trop de temps, alors la Russie change d&rsquo;avis\u00a0\u00bb, a dit le pr\u00e9sident am\u00e9ricain pendant un \u00e9change avec la presse dans le Bureau ovale.<\/p>\n<p>PR\u00caT DE L&rsquo;UE \u00c0 KIEV06:23<\/p>\n<p>Les explications de notre journaliste Bastien Augey depuis Bruxelles.<\/p>\n<p>Ukraine : l&rsquo;UE signe une aide de 90 milliards d&rsquo;euros Source : TF1 Info<\/p>\n<p><img decoding=\"async\" src=\"https:\/\/www.europesays.com\/fr\/wp-content\/uploads\/2025\/12\/ukraine-l-ue-signe-une-aide-de-90-milliards-d-euros-161070-0@1x.jpeg\" alt=\"Ukraine : l'UE signe une aide de 90 milliards d'euros \" loading=\"lazy\" importance=\"low\" fetchpriority=\"low\" class=\"\"\/><img decoding=\"async\" src=\"https:\/\/www.tf1info.fr\/images\/icons\/player-logo-play.svg\" alt=\"Logo lecture\" class=\"jsx-d0de44c05fe3042c PlayerLazyload__Play\"\/>MACRON-POUTINE05:47<\/p>\n<p>Le pr\u00e9sident fran\u00e7ais Emmanuel Macron a estim\u00e9 cette nuit, apr\u00e8s l&rsquo;accord trouv\u00e9 par l&rsquo;UE pour d\u00e9bloquer 90 milliards pour l&rsquo;Ukraine, qu&rsquo;il allait \u00ab\u00a0redevenir utile\u00a0\u00bb pour lui et les Europ\u00e9ens de parler au pr\u00e9sident russe Vladimir Poutine.<\/p>\n<p>\u00ab\u00a0Il faudra dans les prochaines semaines trouver des voies et moyens aussi pour que les Europ\u00e9ens, dans la bonne organisation, r\u00e9engagent un dialogue complet avec la Russie en toute transparence\u00a0\u00bb, a-t-il estim\u00e9 lors d&rsquo;une conf\u00e9rence de presse \u00e0 Bruxelles.<\/p>\n<p>UN MESSAGE \u00c0 POUTINE05:47<\/p>\n<p>Le \u00ab\u00a0pr\u00eat \u00e0 taux z\u00e9ro de 90 milliards d&rsquo;euros\u00a0\u00bb \u00e0 l&rsquo;Ukraine constitue \u00ab\u00a0un message clair de l&rsquo;Europe\u00a0\u00bb au pr\u00e9sident russe Vladimir Poutine, a d\u00e9clar\u00e9 le chancelier allemand Friedrich Merz. \u00ab\u00a0Cela envoie un message clair de l&rsquo;Europe \u00e0 Poutine: cette guerre n&rsquo;en vaut pas le co\u00fbt\u00a0\u00bb, a-t-il dit sur X.<\/p>\n<p>PR\u00caT DE 90 MILLIARDS D&rsquo;EUROS POUR KIEV05:46<\/p>\n<p>Les dirigeants europ\u00e9ens ont trouv\u00e9 un accord cette nuit pour d\u00e9bloquer 90 milliards d&rsquo;euros en faveur de l&rsquo;Ukraine, a annonc\u00e9 le pr\u00e9sident du Conseil, Antonio Costa. \u00ab\u00a0Nous avons conclu un accord. La d\u00e9cision d&rsquo;accorder une aide de 90 milliards d&rsquo;euros \u00e0 l&rsquo;Ukraine pour 2026-2027 a \u00e9t\u00e9 approuv\u00e9e\u00a0\u00bb, a-t-il \u00e9crit sur le r\u00e9seau social X.<\/p>\n<blockquote data-testid=\"EmbedTwitter\" id=\"tweet-2001833884024213533-:R76l9lkmcmj9v79m:\" class=\"jsx-aeff1a1c40f54d7a twitter-tweet flex justify-center items-center\"><p>We have a deal. Decision to provide 90 billion euros of support to Ukraine for 2026-27 approved. We committed, we delivered. \u2014 Ant\u00f3nio Costa (@eucopresident)  December 19, 2025<\/p><\/blockquote>\n<p>AVOIRS RUSSES GEL\u00c9S05:45<\/p>\n<p>Les dirigeants europ\u00e9ens ont \u00e9chou\u00e9 la nuit derni\u00e8re \u00e0 s&rsquo;accorder sur l&rsquo;utilisation des avoirs russes gel\u00e9s et explorent d\u00e9sormais une autre source de financement pour l&rsquo;Ukraine, a indiqu\u00e9 une source europ\u00e9enne.<\/p>\n<p>\u00ab\u00a0Apr\u00e8s de longues discussions, il est d\u00e9sormais clair que le pr\u00eat de r\u00e9paration n\u00e9cessitera davantage de travail\u00a0\u00bb, a affirm\u00e9 cette source lors d&rsquo;un sommet des dirigeants des 27 Etats membres \u00e0 Bruxelles.<\/p>\n<p>BONJOUR05:44<\/p>\n<p>Bonjour \u00e0 tous et bienvenue sur notre direct consacr\u00e9 \u00e0 la guerre entre l&rsquo;Ukraine et la Russie, et ses cons\u00e9quences.<\/p>\n<p data-module=\"article-paragraph\" class=\"jsx-157965717 Paragraph Paragraph__End\">Les dirigeants europ\u00e9ens, r\u00e9unis en sommet, sont entr\u00e9s jeudi soir en conclave avec l&rsquo;espoir de trouver le moyen de financer durablement l&rsquo;<a href=\"https:\/\/www.tf1info.fr\/actualite\/guerre-ukraine-russie-une-rencontre-donald-trump-vladimir-poutine-historique-le-vendredi-15-aout-2025-en-alaska-sans-volodymyr-zelensky-14326\/\" target=\"_blank\" rel=\"noopener\">effort de guerre de l&rsquo;Ukraine<\/a>. \u00ab\u00a0La d\u00e9cision doit \u00eatre prise d&rsquo;ici la fin de cette ann\u00e9e\u00a0\u00bb, a rappel\u00e9 le pr\u00e9sident ukrainien Volodymyr Zelensky lors d&rsquo;une conf\u00e9rence de presse \u00e0 Bruxelles, o\u00f9 il s&rsquo;est d\u00e9plac\u00e9 pour mieux marteler son message.<\/p>\n<p data-module=\"article-paragraph\" class=\"jsx-157965717 Paragraph\">Les chefs d&rsquo;\u00c9tat et de gouvernement de l&rsquo;Union europ\u00e9enne ont d\u00e9but\u00e9 un d\u00eener de travail, sans conseillers ni t\u00e9l\u00e9phones, avec un sujet central au menu : comment utiliser les avoirs gel\u00e9s de la banque centrale russe en Europe pour financer l&rsquo;Ukraine au cours des deux ans \u00e0 venir.<\/p>\n<p data-module=\"article-paragraph\" class=\"jsx-157965717 Paragraph Paragraph__End\">Un accord bute depuis des semaines sur la vive r\u00e9ticence de la Belgique, o\u00f9 se trouve l&rsquo;essentiel de ces avoirs gel\u00e9s, soit quelque 210 milliards d&rsquo;euros. L&rsquo;id\u00e9e est d&rsquo;y recourir pour financer un \u00ab\u00a0pr\u00eat de r\u00e9paration\u00a0\u00bb de 90 milliards en faveur de l&rsquo;Ukraine. Mais le Premier ministre belge Bart De Wever a pos\u00e9 plusieurs conditions avant de donner son feu vert, refusant que son pays soit seul \u00e0 assumer les risques en cas de probl\u00e8me ou de repr\u00e9sailles russes.<\/p>\n<p><a href=\"https:\/\/www.tf1info.fr\/international\/ukraine-un-britannique-condamne-par-la-justice-russe-a-13-ans-de-prison-pour-mercenariat-2413639.html\" rel=\"noopener\" class=\"jsx-3308031228 Link flex\" target=\"_blank\"><img decoding=\"async\" src=\"https:\/\/www.europesays.com\/fr\/wp-content\/uploads\/2025\/12\/char-ukrainien-donetsk-8c5a1e-0@1x.jpeg\" alt=\"Un char ukrainien \u00e0 Donetsk\" loading=\"lazy\" importance=\"low\" fetchpriority=\"low\" class=\"\" aria-hidden=\"true\"\/><\/p>\n<p class=\"jsx-3657663356 ReadMoreArticle__Title\">Lire aussi<\/p>\n<p class=\"jsx-3657663356\">Ukraine : un Britannique condamn\u00e9 par la justice russe \u00e0 13 ans de prison pour \u00ab\u00a0mercenariat\u00a0\u00bb<\/p>\n<p><\/a><\/p>\n<p data-module=\"article-paragraph\" class=\"jsx-157965717 Paragraph Paragraph__End\">Des heures de conciliabules entre experts et de rencontres bilat\u00e9rales entre dirigeants de l&rsquo;UE ont permis quelques progr\u00e8s, selon certains diplomates. Mais, le diable est dans les d\u00e9tails, selon l&rsquo;un d&rsquo;entre eux, et il reste encore \u00e0 trouver un compromis entre les exigences de la Belgique, qui r\u00e9clame des garanties quasi illimit\u00e9es, et les r\u00e9ticences de ses partenaires, peu enclins \u00e0 lui signer un ch\u00e8que en blanc.<\/p>\n<p>La r\u00e9daction de TF1info<\/p>\n","protected":false},"excerpt":{"rendered":"Pour Vladimir Poutine, \u00ab\u00a0la balle est dans le camp\u00a0\u00bb de l&rsquo;Ukraine et des Occidentaux pour mettre fin \u00e0&hellip;\n","protected":false},"author":2,"featured_media":609388,"comment_status":"","ping_status":"","sticky":false,"template":"","format":"standard","meta":{"footnotes":""},"categories":[1591],"tags":[1111,11,1921,523,75,1073,1887,4710,1922,12,1885,1886,132,220,1917,67457,133,1920,135,134],"class_list":{"0":"post-609387","1":"post","2":"type-post","3":"status-publish","4":"format-standard","5":"has-post-thumbnail","7":"category-russie","8":"tag-actu","9":"tag-actualites","10":"tag-article-video","11":"tag-banque","12":"tag-donald-trump","13":"tag-emmanuel-macron","14":"tag-federation-de-russie","15":"tag-friedrich-merz","16":"tag-info","17":"tag-news","18":"tag-russia","19":"tag-russian-federation","20":"tag-russie","21":"tag-ukraine","22":"tag-ukraine-4-annee-de-guerre","23":"tag-ukraine-russie-la-perspective-de-negociations-relancee","24":"tag-video","25":"tag-video-international","26":"tag-vladimir-poutine","27":"tag-volodymyr-zelensky"},"share_on_mastodon":{"url":"https:\/\/pubeurope.com\/@fr\/115746006202451898","error":""},"_links":{"self":[{"href":"https:\/\/www.europesays.com\/fr\/wp-json\/wp\/v2\/posts\/609387","targetHints":{"allow":["GET"]}}],"collection":[{"href":"https:\/\/www.europesays.com\/fr\/wp-json\/wp\/v2\/posts"}],"about":[{"href":"https:\/\/www.europesays.com\/fr\/wp-json\/wp\/v2\/types\/post"}],"author":[{"embeddable":true,"href":"https:\/\/www.europesays.com\/fr\/wp-json\/wp\/v2\/users\/2"}],"replies":[{"embeddable":true,"href":"https:\/\/www.europesays.com\/fr\/wp-json\/wp\/v2\/comments?post=609387"}],"version-history":[{"count":0,"href":"https:\/\/www.europesays.com\/fr\/wp-json\/wp\/v2\/posts\/609387\/revisions"}],"wp:featuredmedia":[{"embeddable":true,"href":"https:\/\/www.europesays.com\/fr\/wp-json\/wp\/v2\/media\/609388"}],"wp:attachment":[{"href":"https:\/\/www.europesays.com\/fr\/wp-json\/wp\/v2\/media?parent=609387"}],"wp:term":[{"taxonomy":"category","embeddable":true,"href":"https:\/\/www.europesays.com\/fr\/wp-json\/wp\/v2\/categories?post=609387"},{"taxonomy":"post_tag","embeddable":true,"href":"https:\/\/www.europesays.com\/fr\/wp-json\/wp\/v2\/tags?post=609387"}],"curies":[{"name":"wp","href":"https:\/\/api.w.org\/{rel}","templated":true}]}}