{"id":609389,"date":"2025-12-19T11:31:25","date_gmt":"2025-12-19T11:31:25","guid":{"rendered":"https:\/\/www.europesays.com\/fr\/609389\/"},"modified":"2025-12-19T11:31:25","modified_gmt":"2025-12-19T11:31:25","slug":"guerre-en-ukraine-radars-mig-31-lukraine-cause-denormes-degats-sur-une-base-militaire-russe","status":"publish","type":"post","link":"https:\/\/www.europesays.com\/fr\/609389\/","title":{"rendered":"Guerre en Ukraine : Radars, MiG-31&#8230; l&rsquo;Ukraine cause d&rsquo;\u00e9normes d\u00e9g\u00e2ts sur une base militaire russe"},"content":{"rendered":"<p>Alors que l\u2019Union europ\u00e9enne a d\u00e9cid\u00e9 ce vendredi 19 d\u00e9cembre de d\u00e9bloquer <strong>90 millions d\u2019euros<\/strong> pour soutenir l\u2019Ukraine, les forces de Kiev continuent de gagner du terrain sur le front militaire. Dans la nuit de mercredi \u00e0 jeudi, les <a href=\"https:\/\/www.capital.fr\/economie-politique\/une-premiere-un-drone-naval-ukrainien-detruit-un-sous-marin-russe-1521979\" target=\"_blank\" rel=\"noopener\">drones ukrainiens<\/a> ont cibl\u00e9 la base a\u00e9rienne de Belbek, pr\u00e8s de S\u00e9bastopol, en <strong>Crim\u00e9e<\/strong>, une p\u00e9ninsule occup\u00e9e par <a href=\"https:\/\/www.capital.fr\/economie-politique\/guerre-en-ukraine-demonstration-de-force-russe-avec-des-bombardiers-tu-22m3-et-missiles-kh-32-en-baltique-1521421\" target=\"_blank\" rel=\"noopener\">la Russie <\/a>depuis 2014 et devenue <strong>un point strat\u00e9gique majeur du conflit<\/strong>. Cette base est particuli\u00e8rement sensible, elle abrite des \u00e9quipements militaires de premier plan, comme le souligne <a href=\"https:\/\/www.lindependant.fr\/2025\/12\/19\/guerre-en-ukraine-200-millions-deuros-de-degats-une-base-militaire-russe-attaquee-en-crimee-un-avion-de-chasse-mig-31-et-des-radars-de-pointe-hors-13119048.php\" rel=\"nofollow noopener\" target=\"_blank\">L\u2019Ind\u00e9pendant<\/a>.<\/p>\n<p>Selon les analyses d\u2019experts et les images diffus\u00e9es sur les r\u00e9seaux sociaux, <a href=\"https:\/\/www.capital.fr\/economie-politique\/guerre-en-ukraine-qu-est-ce-que-le-mig-31k-attaque-et-endommage-par-kiev-1514846\" target=\"_blank\" rel=\"noopener\">un MiG-31<\/a>, un avion intercepteur \u00abcon\u00e7u pour intercepter et d\u00e9truire des cibles a\u00e9riennes \u00e0 moyenne et haute altitude\u00bb, a \u00e9t\u00e9 endommag\u00e9 lors de l\u2019attaque, pr\u00e9cise le site sp\u00e9cialis\u00e9 Militarnyi. D\u2019autres installations russes ont \u00e9galement \u00e9t\u00e9 touch\u00e9es. Parmi elles figurent <strong>deux radars longue port\u00e9e Nebo-SVU<\/strong>, <strong>deux radars 92N6 <\/strong>et<strong> un Pantsir-S2<\/strong> \u00e9quip\u00e9 de ses missiles sol-air, qui seraient d\u00e9sormais inutilisables.<\/p>\n<p>200 millions de dollars de d\u00e9g\u00e2ts mat\u00e9riels<\/p>\n<p>L\u2019\u00e9tendue des d\u00e9g\u00e2ts mat\u00e9riels est estim\u00e9e \u00e0 pr\u00e8s de <strong>200 millions de dollars<\/strong>. Depuis le d\u00e9but de l\u2019invasion, l\u2019Ukraine revendique la destruction de<strong> 432 avions russes<\/strong>, selon le minist\u00e8re ukrainien de la D\u00e9fense. Selon les services secrets ukrainiens (SBU), cette op\u00e9ration aurait \u00e9t\u00e9 men\u00e9e par la section Alpha des forces sp\u00e9ciales ukrainiennes, sp\u00e9cialis\u00e9e dans les frappes de pr\u00e9cision.<\/p>\n<p>Cette attaque illustre une nouvelle fois la capacit\u00e9 de l\u2019Ukraine \u00e0 frapper des bases russes situ\u00e9es en Crim\u00e9e, auparavant consid\u00e9r\u00e9es comme hors de port\u00e9e. Elle met \u00e9galement en lumi\u00e8re la mont\u00e9e en puissance des drones ukrainiens, qui se sont impos\u00e9s comme un outil strat\u00e9gique majeur dans la guerre.<\/p>\n","protected":false},"excerpt":{"rendered":"Alors que l\u2019Union europ\u00e9enne a d\u00e9cid\u00e9 ce vendredi 19 d\u00e9cembre de d\u00e9bloquer 90 millions d\u2019euros pour soutenir l\u2019Ukraine,&hellip;\n","protected":false},"author":2,"featured_media":609390,"comment_status":"","ping_status":"","sticky":false,"template":"","format":"standard","meta":{"footnotes":""},"categories":[1590],"tags":[11,6376,28921,9929,1777,674,131,12,132,220],"class_list":{"0":"post-609389","1":"post","2":"type-post","3":"status-publish","4":"format-standard","5":"has-post-thumbnail","7":"category-ukraine","8":"tag-actualites","9":"tag-armes","10":"tag-au00e9ronautique","11":"tag-du00e9fense","12":"tag-eu","13":"tag-europe","14":"tag-guerre-en-ukraine","15":"tag-news","16":"tag-russie","17":"tag-ukraine"},"share_on_mastodon":{"url":"https:\/\/pubeurope.com\/@fr\/115746012516693562","error":""},"_links":{"self":[{"href":"https:\/\/www.europesays.com\/fr\/wp-json\/wp\/v2\/posts\/609389","targetHints":{"allow":["GET"]}}],"collection":[{"href":"https:\/\/www.europesays.com\/fr\/wp-json\/wp\/v2\/posts"}],"about":[{"href":"https:\/\/www.europesays.com\/fr\/wp-json\/wp\/v2\/types\/post"}],"author":[{"embeddable":true,"href":"https:\/\/www.europesays.com\/fr\/wp-json\/wp\/v2\/users\/2"}],"replies":[{"embeddable":true,"href":"https:\/\/www.europesays.com\/fr\/wp-json\/wp\/v2\/comments?post=609389"}],"version-history":[{"count":0,"href":"https:\/\/www.europesays.com\/fr\/wp-json\/wp\/v2\/posts\/609389\/revisions"}],"wp:featuredmedia":[{"embeddable":true,"href":"https:\/\/www.europesays.com\/fr\/wp-json\/wp\/v2\/media\/609390"}],"wp:attachment":[{"href":"https:\/\/www.europesays.com\/fr\/wp-json\/wp\/v2\/media?parent=609389"}],"wp:term":[{"taxonomy":"category","embeddable":true,"href":"https:\/\/www.europesays.com\/fr\/wp-json\/wp\/v2\/categories?post=609389"},{"taxonomy":"post_tag","embeddable":true,"href":"https:\/\/www.europesays.com\/fr\/wp-json\/wp\/v2\/tags?post=609389"}],"curies":[{"name":"wp","href":"https:\/\/api.w.org\/{rel}","templated":true}]}}