{"id":60939,"date":"2025-04-29T04:35:09","date_gmt":"2025-04-29T04:35:09","guid":{"rendered":"https:\/\/www.europesays.com\/fr\/60939\/"},"modified":"2025-04-29T04:35:09","modified_gmt":"2025-04-29T04:35:09","slug":"atp-madrid-djokovic-federer-ou-alcaraz-joao-fonseca-fait-son-choix","status":"publish","type":"post","link":"https:\/\/www.europesays.com\/fr\/60939\/","title":{"rendered":"ATP &#8211; Madrid > Djokovic, Federer ou Alcaraz, Joao Fonseca fait son choix !"},"content":{"rendered":"<p>Dans une vid\u00e9o post\u00e9e sur la page Instagram du Masters 1000 du Masters 1000 de Madrid, Joao Fonseca a \u00e9t\u00e9 invit\u00e9 \u00e0 tran\u00adcher entre plusieurs joueurs, afin de permettre aux fans du ph\u00e9no\u00adm\u00e8ne br\u00e9si\u00adlien de d\u00e9cou\u00advrir ses pr\u00e9f\u00e9rences.\u00a0<\/p>\n<blockquote class=\"twitter-tweet\">\n<p lang=\"es\" dir=\"ltr\">Fonseca eligiendo a Alcaraz por encima de Djokovic y a Federer por encima de todos los dem\u00e1s es el v\u00eddeo que nece\u00adsi\u00adtabas ver esta ma\u00f1ana. <a href=\"https:\/\/t.co\/m6Eco0H3D9\" data-wpel-link=\"external\" target=\"_blank\" rel=\"nofollow external noopener\">https:\/\/t.co\/m6Eco0H3D9<\/a><\/p>\n<p>\u2014 Jos\u00e9 Mor\u00f3n (@jmgmoron) <a href=\"https:\/\/twitter.com\/jmgmoron\/status\/1916793998276006381?ref_src=twsrc%5Etfw\" data-wpel-link=\"external\" target=\"_blank\" rel=\"nofollow external noopener\">April 28,\u00a02025<\/a><\/p><\/blockquote>\n<p>Au moment de choisir entre Novak Djokovic et Carlos Alcaraz, le joueur de 18 ans, 65e mondial, a opt\u00e9 pour l\u2019Espagnol afin de soutenir la \u00ab\u202fnouvelle g\u00e9n\u00e9\u00adra\u00adtion\u202f\u00bb. Mais au moment de tran\u00adcher entre Alcaraz et Roger Federer, il n\u2019a en revanche pas h\u00e9siter \u00e0 citer son idole suisse.\u00a0<\/p>\n<p class=\"post-published-date\" style=\"color: silver; font-size: 75%; text-align: left;\">Publi\u00e9 le lundi 28 avril 2025 \u00e0 15:40<\/p>\n<p><script async src=\"https:\/\/platform.twitter.com\/widgets.js\" charset=\"utf-8\"><\/script><\/p>\n","protected":false},"excerpt":{"rendered":"Dans une vid\u00e9o post\u00e9e sur la page Instagram du Masters 1000 du Masters 1000 de Madrid, Joao Fonseca&hellip;\n","protected":false},"author":2,"featured_media":60940,"comment_status":"","ping_status":"","sticky":false,"template":"","format":"standard","meta":{"footnotes":""},"categories":[1415],"tags":[1744,105,2199,1011,27,60,1467],"class_list":{"0":"post-60939","1":"post","2":"type-post","3":"status-publish","4":"format-standard","5":"has-post-thumbnail","7":"category-tennis","8":"tag-alcaraz","9":"tag-djokovic","10":"tag-federer","11":"tag-fr","12":"tag-france","13":"tag-sports","14":"tag-tennis"},"share_on_mastodon":{"url":"https:\/\/pubeurope.com\/@fr\/114419395611269634","error":""},"_links":{"self":[{"href":"https:\/\/www.europesays.com\/fr\/wp-json\/wp\/v2\/posts\/60939","targetHints":{"allow":["GET"]}}],"collection":[{"href":"https:\/\/www.europesays.com\/fr\/wp-json\/wp\/v2\/posts"}],"about":[{"href":"https:\/\/www.europesays.com\/fr\/wp-json\/wp\/v2\/types\/post"}],"author":[{"embeddable":true,"href":"https:\/\/www.europesays.com\/fr\/wp-json\/wp\/v2\/users\/2"}],"replies":[{"embeddable":true,"href":"https:\/\/www.europesays.com\/fr\/wp-json\/wp\/v2\/comments?post=60939"}],"version-history":[{"count":0,"href":"https:\/\/www.europesays.com\/fr\/wp-json\/wp\/v2\/posts\/60939\/revisions"}],"wp:featuredmedia":[{"embeddable":true,"href":"https:\/\/www.europesays.com\/fr\/wp-json\/wp\/v2\/media\/60940"}],"wp:attachment":[{"href":"https:\/\/www.europesays.com\/fr\/wp-json\/wp\/v2\/media?parent=60939"}],"wp:term":[{"taxonomy":"category","embeddable":true,"href":"https:\/\/www.europesays.com\/fr\/wp-json\/wp\/v2\/categories?post=60939"},{"taxonomy":"post_tag","embeddable":true,"href":"https:\/\/www.europesays.com\/fr\/wp-json\/wp\/v2\/tags?post=60939"}],"curies":[{"name":"wp","href":"https:\/\/api.w.org\/{rel}","templated":true}]}}