{"id":6094,"date":"2025-04-06T19:49:19","date_gmt":"2025-04-06T19:49:19","guid":{"rendered":"https:\/\/www.europesays.com\/fr\/6094\/"},"modified":"2025-04-06T19:49:19","modified_gmt":"2025-04-06T19:49:19","slug":"lille-dans-cette-residence-seniors-les-animaux-sont-les-bienvenus-pour-le-bonheur-des-proprietaires","status":"publish","type":"post","link":"https:\/\/www.europesays.com\/fr\/6094\/","title":{"rendered":"Lille. Dans cette r\u00e9sidence seniors, les animaux sont les bienvenus, pour le bonheur des propri\u00e9taires"},"content":{"rendered":"<p>            Par<br \/>\n        <strong><br \/>\n            <a href=\"https:\/\/actu.fr\/auteur\/margot-nicodeme\" title=\"Consulter tous les articles de Margot Nicod\u00e8me\" rel=\"nofollow noopener\" target=\"_blank\">Margot Nicod\u00e8me<\/a><br \/>\n        <\/strong><\/p>\n<p>        Publi\u00e9 le<\/p>\n<p>            4 avr. 2025 \u00e0 8h14        <\/p>\n<p>Seraient-ils venus dans cette <b>r\u00e9sidence seniors<\/b> s\u2019ils avaient d\u00fb auparavant <b>se s\u00e9parer de leur <a href=\"https:\/\/actu.fr\/hauts-de-france\/lille_59350\/le-zoo-de-lille-annonce-la-naissance-de-deux-magnifiques-petits-animaux_62301573.html\" rel=\"nofollow noopener\" target=\"_blank\">animal<\/a> <\/b>? Elles ont r\u00e9pondu unanimement par la n\u00e9gative. Nicole et Chipie dite \u00ab\u00a0N\u00e9nette\u00a0\u00bb, Dani\u00e8le et Orph\u00e9e, et Marie-Andr\u00e9e et Luna dite \u00ab\u00a0Nounours\u00a0\u00bb, forment des duos de choc \u00e0 la <b>r\u00e9sidence Domitys \u00ab\u00a0Le Piano\u00a0\u00bb \u00e0 <a href=\"https:\/\/actu.fr\/hauts-de-france\/lille_59350\" rel=\"nofollow noopener\" target=\"_blank\">Lille<\/a>-Fives<\/b>. Ces ma\u00eetresses coulent des jours heureux dans leurs appartements, chacune accompagn\u00e9e soit d\u2019une chatte, soit d\u2019une chienne. Ces animaux, elles les avaient bien avant d\u2019int\u00e9grer les lieux, et <b>elles n\u2019y auraient renonc\u00e9 pour rien au monde<\/b>. \u00c0 poils, \u00e0 plumes ou \u00e0 \u00e9cailles, le groupe Domitys les acceptent volontiers, sous r\u00e9serve que leurs propri\u00e9taires soient en capacit\u00e9 d\u2019en prendre soin. Rencontres avec ces attendrissantes \u00ab\u00a0paires\u00a0\u00bb f\u00e9minines.<\/p>\n<p>      <img   decoding=\"async\" loading=\"lazy\" class=\"size-large\" src=\"https:\/\/www.europesays.com\/fr\/wp-content\/uploads\/2025\/04\/72a1a3d25ee7666a1a3d25ee76aa1av-960x640.jpg\" alt=\"Dani\u00e8le et Orph\u00e9e, 14 ans, sont ins\u00e9parables depuis 4 ans maintenant.\" width=\"960\" height=\"640\"\/><br \/>\n    Dani\u00e8le et Orph\u00e9e, 14 ans, sont ins\u00e9parables depuis 4 ans maintenant. \u00a9Margot Nicod\u00e8meMarie-Andr\u00e9e prom\u00e8ne son labrador dans la r\u00e9sidence de Lille \u00ab\u00a03 \u00e0 4 fois par jour\u00a0\u00bb<\/p>\n<p class=\" wall-content\">La r\u00e9sidence lilloise compte entre ses murs 4 chats et 2 chiens au total. \u00ab\u00a0<b>On sait \u00e0 quel point c\u2019est b\u00e9n\u00e9fique<\/b>, renseigne Elisabeth Dratz, la directrice. Cela permet de briser l\u2019isolement pour les r\u00e9sidents qui vivent seuls, le moral va mieux, la sant\u00e9 physique \u00e9galement, parce que certains les prom\u00e8nent.\u00a0\u00bb C\u2019est le cas de Marie-Andr\u00e9e, accompagn\u00e9e de sa fid\u00e8le femelle labrador, Luna.\u00a0<\/p>\n<p class=\" wall-content\">\u00ab\u00a0Je descends avec elle 3 \u00e0 4 fois par jour\u00a0\u00bb, dit Marie-Andr\u00e9e. Une vaste cour int\u00e9rieure est accessible \u00e0 tous, n\u2019importe quand. Et les sacs \u00e0 d\u00e9jections y sont m\u00eame fournis ! Sans cette politique d\u2019acceptation des animaux compagnie, elle est formelle : \u00ab\u00a0Je ne serais pas venue ici.\u00a0\u00bb Luna, ou \u00ab\u00a0Nounours\u00a0\u00bb, 14 ans et demi, passe ses apr\u00e8s-midis au pied de sa ma\u00eetresse, dans le petit salon.<\/p>\n<p class=\" wall-content\">M\u00eame discours pour Dani\u00e8le, dont la chatte, Orph\u00e9e, est avec elle \u00ab\u00a0depuis 3-4 ans\u00a0\u00bb. Elle en a h\u00e9rit\u00e9 alors que la petite chatte, aujourd\u2019hui \u00e2g\u00e9e de 14 ans, pr\u00e9f\u00e9rait le jardin de sa maison \u00e0 Lille-Fives, plut\u00f4t que celui de ses propri\u00e9taires. Et Dani\u00e8le a pris toutes les pr\u00e9cautions pour qu\u2019elle se sente bien dans son nouveau chez elle : une moustiquaire a \u00e9t\u00e9 plac\u00e9e sur le balcon, afin qu\u2019Orph\u00e9e ne s\u2019approche pas du vide. \u00ab\u00a0J\u2019ai aussi une laisse pour la promener, mais elle a peur.\u00a0\u00bb<\/p>\n<p>\u00ab\u00a0J\u2019\u00e9tais contente quand on m\u2019a dit que je pouvais la prendre ici\u00a0\u00bb<br \/>\n      <img   decoding=\"async\" loading=\"lazy\" class=\"size-large\" src=\"https:\/\/www.europesays.com\/fr\/wp-content\/uploads\/2025\/04\/fbcf93d25ee7600df93d25ee7e3df9v-960x640.jpg\" alt=\"Chipie, dite N\u00e9nette, s'est tr\u00e8s bien faite \u00e0 l'emm\u00e9nagement dans la r\u00e9sidence, apr\u00e8s avoir v\u00e9cu dans la maison de Nicole \u00e0 Saint-Omer.\" width=\"960\" height=\"640\"\/><br \/>\n    Chipie, dite N\u00e9nette, s\u2019est tr\u00e8s bien faite \u00e0 l\u2019emm\u00e9nagement dans la r\u00e9sidence, apr\u00e8s avoir v\u00e9cu dans la maison de Nicole \u00e0 Saint-Omer. \u00a9Margot Nicod\u00e8me<\/p>\n<p class=\" wall-content\">Nicole a fait preuve de la m\u00eame vigilance, et a, elle, opt\u00e9 pour un filet. Chipie n\u2019encourt ainsi aucun risque de chute. \u00ab\u00a0J\u2019\u00e9tais contente quand on m\u2019a dit que je pouvais la prendre ici\u00a0\u00bb, se rappelle Nicole, arriv\u00e9e dans la r\u00e9sidence en novembre 2024. Sa chatte, qu\u2019elle appelle affectueusement N\u00e9nette, a \u00e9t\u00e9 adopt\u00e9e il y a 4 ans. Elle aussi, \u00e0 l\u2019\u00e9poque, l\u2019avait trouv\u00e9e dans le jardin de sa maison \u00e0 Saint-Omer.<\/p>\n<p class=\" wall-content\">Sur son arbre \u00e0 chat, N\u00e9nette coule elle aussi des jours paisibles dans sa nouvelle habitation. La directrice Elisabeth Dratz ajoute que <b>tous les r\u00e9sidents sont libres, \u00e0 tout moment, d\u2019adopter un animal<\/b> et la structure travaille m\u00eame avec des associations. Le personnel est aussi l\u00e0 pour aider avec les rendez-vous v\u00e9t\u00e9rinaires, par exemple.\u00a0<\/p>\n<p class=\" wall-content\">De quoi laisser envisager aux seniors un avenir serein, aupr\u00e8s des petits \u00eatres qui comptent le plus pour eux.<\/p>\n<p class=\" wall-content\">Suivez toute l\u2019actualit\u00e9 de vos villes et m\u00e9dias favoris en vous inscrivant \u00e0 <a href=\"https:\/\/moncompte.actu.fr\" title=\"D\u00e9couvez Mon Actu\" rel=\"nofollow noopener\" data-trk=\"{&quot;cta&quot;:{&quot;action&quot;:&quot;https:\\\/\\\/moncompte.actu.fr&quot;,&quot;category&quot;:&quot;mon compte&quot;,&quot;from&quot;:&quot;article footer&quot;,&quot;name&quot;:&quot;Mon actu&quot;,&quot;type&quot;:&quot;cta&quot;}}\" target=\"_blank\">Mon Actu<\/a>.<\/p>\n","protected":false},"excerpt":{"rendered":"Par Margot Nicod\u00e8me Publi\u00e9 le 4 avr. 2025 \u00e0 8h14 Seraient-ils venus dans cette r\u00e9sidence seniors s\u2019ils avaient&hellip;\n","protected":false},"author":2,"featured_media":6095,"comment_status":"","ping_status":"","sticky":false,"template":"","format":"standard","meta":{"footnotes":""},"categories":[2815],"tags":[1111,11,1867,1777,674,1011,27,811,1307,12,25,3552,104],"class_list":{"0":"post-6094","1":"post","2":"type-post","3":"status-publish","4":"format-standard","5":"has-post-thumbnail","7":"category-lille","8":"tag-actu","9":"tag-actualites","10":"tag-animaux","11":"tag-eu","12":"tag-europe","13":"tag-fr","14":"tag-france","15":"tag-hauts-de-france","16":"tag-lille","17":"tag-news","18":"tag-republique-francaise","19":"tag-seniors","20":"tag-societe"},"share_on_mastodon":{"url":"https:\/\/pubeurope.com\/@fr\/114292756755257881","error":""},"_links":{"self":[{"href":"https:\/\/www.europesays.com\/fr\/wp-json\/wp\/v2\/posts\/6094","targetHints":{"allow":["GET"]}}],"collection":[{"href":"https:\/\/www.europesays.com\/fr\/wp-json\/wp\/v2\/posts"}],"about":[{"href":"https:\/\/www.europesays.com\/fr\/wp-json\/wp\/v2\/types\/post"}],"author":[{"embeddable":true,"href":"https:\/\/www.europesays.com\/fr\/wp-json\/wp\/v2\/users\/2"}],"replies":[{"embeddable":true,"href":"https:\/\/www.europesays.com\/fr\/wp-json\/wp\/v2\/comments?post=6094"}],"version-history":[{"count":0,"href":"https:\/\/www.europesays.com\/fr\/wp-json\/wp\/v2\/posts\/6094\/revisions"}],"wp:featuredmedia":[{"embeddable":true,"href":"https:\/\/www.europesays.com\/fr\/wp-json\/wp\/v2\/media\/6095"}],"wp:attachment":[{"href":"https:\/\/www.europesays.com\/fr\/wp-json\/wp\/v2\/media?parent=6094"}],"wp:term":[{"taxonomy":"category","embeddable":true,"href":"https:\/\/www.europesays.com\/fr\/wp-json\/wp\/v2\/categories?post=6094"},{"taxonomy":"post_tag","embeddable":true,"href":"https:\/\/www.europesays.com\/fr\/wp-json\/wp\/v2\/tags?post=6094"}],"curies":[{"name":"wp","href":"https:\/\/api.w.org\/{rel}","templated":true}]}}