{"id":609416,"date":"2025-12-19T11:52:21","date_gmt":"2025-12-19T11:52:21","guid":{"rendered":"https:\/\/www.europesays.com\/fr\/609416\/"},"modified":"2025-12-19T11:52:21","modified_gmt":"2025-12-19T11:52:21","slug":"danse-avec-les-stars-le-casting-complet-devoile-une-danseuse-emblematique-fait-son-grand-retour","status":"publish","type":"post","link":"https:\/\/www.europesays.com\/fr\/609416\/","title":{"rendered":"\u00ab\u00a0Danse avec les stars\u00a0\u00bb\u00a0: le casting complet d\u00e9voil\u00e9, une danseuse embl\u00e9matique fait son grand retour"},"content":{"rendered":"<p><a href=\"https:\/\/www.dhnet.be\/medias\/television\/2025\/12\/01\/danse-avec-les-stars-2026-voici-les-premiers-noms-de-celebrites-qui-ont-fuite-UT7C3YZS2JHSPCDJ2K3VZMNPMY\/\" target=\"_self\" class=\"ap-StoryInterstitialLink ap-StoryElement ap-StoryElement--mb\" rel=\"noopener\">\u00ab\u00a0Danse avec les stars\u00a0\u00bb 2026: voici les premiers noms de c\u00e9l\u00e9brit\u00e9s qui ont fuit\u00e9<\/a>Acteurs, sportif, chanteurs,\u2026<\/p>\n<p class=\"ap-StoryElement ap-StoryElement--mb ap-StoryText\">Et, cette ann\u00e9e encore, TF1 a frapp\u00e9 un grand coup en proposant un casting tr\u00e8s \u00e9clectique.<\/p>\n<p class=\"ap-StoryElement ap-StoryElement--mb ap-StoryText\">Comme dans chaque \u00e9dition, une Miss France fait partie des candidats. Apr\u00e8s Eve Gilles, c&rsquo;est au tour d&rsquo;<b>Ang\u00e9lique Angarni-Filopon<\/b>, Miss France 2025, d&rsquo;\u00eatre invit\u00e9e \u00e0 se d\u00e9hancher sur le parquet.<\/p>\n<p class=\"ap-StoryElement ap-StoryElement--mb ap-StoryText\">C\u00f4t\u00e9 sportif, seule <b>Laure Manaudou<\/b>, nageuse professionnelle, a accept\u00e9 de se jeter dans le grand bain. Et cela un an apr\u00e8s la participation remarqu\u00e9e de son fr\u00e8re, champion de natation, Florent Manaudou.<\/p>\n<p class=\"ap-StoryElement ap-StoryElement--mb ap-StoryText\">S&rsquo;ensuit une s\u00e9rie de personnalit\u00e9s estampill\u00e9es \u00ab\u00a0Star Academy\u00a0\u00bb, \u00e0 savoir l&rsquo;ancienne candidate et actuelle professeure de chant de la t\u00e9l\u00e9r\u00e9alit\u00e9,<b> Julie Bernardoni<\/b>, et les anciens \u00e9l\u00e8ves,<a href=\"https:\/\/www.dhnet.be\/medias\/television\/2025\/12\/02\/un-ancien-eleve-emblematique-de-la-star-academy-rejoint-le-casting-de-danse-avec-les-stars-3WTRAB2BUJELJIMKP73MMBNGK4\/\" target=\"_self\" rel=\"noopener\"> <b>Julien Lieb<\/b> <\/a>et <b>Emma<\/b>.<\/p>\n<p class=\"ap-StoryElement ap-StoryElement--mb ap-StoryText\">Les t\u00e9l\u00e9spectateurs d\u00e9couvriront \u00e9galement <b>St\u00e9phane Bern<\/b>, animateur de France T\u00e9l\u00e9visions et sp\u00e9cialiste des t\u00eates couronn\u00e9es, ainsi que l&rsquo;acteur <b>Philippe Lellouche<\/b>, la vid\u00e9aste <b>Juju Fitcats<\/b>, la streameuse <b>Maghla <\/b>et l&rsquo;humoriste <b>Samuel Bambi<\/b> sur le parquet.<\/p>\n<p class=\"ap-StoryElement ap-StoryElement--mb ap-StoryText\">Au fil des saisons, Danse avec les stars a su sublimer sa piste de danse avec la pr\u00e9sence de stars internationales. Apr\u00e8s Pamela Anderson, Billy Crawford, James Denton ou encore Dita Von Teese, c&rsquo;est <a href=\"https:\/\/www.dhnet.be\/medias\/television\/2025\/12\/09\/danse-avec-les-stars-un-acteur-phare-de-la-serie-beverly-hills-90201-rejoint-le-casting-ZTSQZLIOUFDQDK5MPHBPFAYLFE\/\" target=\"_self\" rel=\"noopener\"><b>Ian Ziering<\/b><\/a>, interpr\u00e8te de Steve Sanders dans Beverly Hills 90210, s\u00e9rie culte des ann\u00e9es 90, qui va se pr\u00eater au jeu.<\/p>\n<p><a href=\"https:\/\/www.dhnet.be\/medias\/television\/2025\/12\/18\/miss-france-ex-eleves-de-la-star-ac-et-de-grosses-surprises-le-casting-de-danse-avec-les-stars-devoile-et-il-y-a-du-lourd-C4TMQ2ZS6FFZTOFJLWRLJE6T3U\/\" target=\"_self\" class=\"ap-StoryInterstitialLink ap-StoryElement ap-StoryElement--mb\" rel=\"noopener\">Miss France, ex-\u00e9l\u00e8ves de la Star Ac&rsquo; et de grosses surprises: le casting complet de Danse avec les Stars d\u00e9voil\u00e9 et il y a du lourd!<\/a>Un retour tr\u00e8s attendu<\/p>\n<p class=\"ap-StoryElement ap-StoryElement--mb ap-StoryText\">Cette saison sera \u00e9galement marqu\u00e9e par le retour d&rsquo;une danseuse embl\u00e9matique sur le parquet de l&rsquo;\u00e9mission. Apr\u00e8s avoir \u00e9t\u00e9 jur\u00e9e et avoir mis l&rsquo;aventure entre parenth\u00e8ses pour donner naissance \u00e0 son premier enfant en 2024, Denitsa Ikonomova dansera \u00e0 nouveau aux c\u00f4t\u00e9s d&rsquo;une star. Laquelle\u00a0? Les t\u00e9l\u00e9spectateurs le d\u00e9couvriront lors du lancement de l&rsquo;\u00e9mission.<\/p>\n","protected":false},"excerpt":{"rendered":"\u00ab\u00a0Danse avec les stars\u00a0\u00bb 2026: voici les premiers noms de c\u00e9l\u00e9brit\u00e9s qui ont fuit\u00e9Acteurs, sportif, chanteurs,\u2026 Et, cette&hellip;\n","protected":false},"author":2,"featured_media":609417,"comment_status":"","ping_status":"","sticky":false,"template":"","format":"standard","meta":{"footnotes":""},"categories":[1356],"tags":[58,59,1011,27,252,1364],"class_list":{"0":"post-609416","1":"post","2":"type-post","3":"status-publish","4":"format-standard","5":"has-post-thumbnail","7":"category-television","8":"tag-divertissement","9":"tag-entertainment","10":"tag-fr","11":"tag-france","12":"tag-television","13":"tag-tv"},"share_on_mastodon":{"url":"https:\/\/pubeurope.com\/@fr\/115746094733921246","error":""},"_links":{"self":[{"href":"https:\/\/www.europesays.com\/fr\/wp-json\/wp\/v2\/posts\/609416","targetHints":{"allow":["GET"]}}],"collection":[{"href":"https:\/\/www.europesays.com\/fr\/wp-json\/wp\/v2\/posts"}],"about":[{"href":"https:\/\/www.europesays.com\/fr\/wp-json\/wp\/v2\/types\/post"}],"author":[{"embeddable":true,"href":"https:\/\/www.europesays.com\/fr\/wp-json\/wp\/v2\/users\/2"}],"replies":[{"embeddable":true,"href":"https:\/\/www.europesays.com\/fr\/wp-json\/wp\/v2\/comments?post=609416"}],"version-history":[{"count":0,"href":"https:\/\/www.europesays.com\/fr\/wp-json\/wp\/v2\/posts\/609416\/revisions"}],"wp:featuredmedia":[{"embeddable":true,"href":"https:\/\/www.europesays.com\/fr\/wp-json\/wp\/v2\/media\/609417"}],"wp:attachment":[{"href":"https:\/\/www.europesays.com\/fr\/wp-json\/wp\/v2\/media?parent=609416"}],"wp:term":[{"taxonomy":"category","embeddable":true,"href":"https:\/\/www.europesays.com\/fr\/wp-json\/wp\/v2\/categories?post=609416"},{"taxonomy":"post_tag","embeddable":true,"href":"https:\/\/www.europesays.com\/fr\/wp-json\/wp\/v2\/tags?post=609416"}],"curies":[{"name":"wp","href":"https:\/\/api.w.org\/{rel}","templated":true}]}}